{"id":344399,"date":"2025-08-26T04:51:11","date_gmt":"2025-08-26T04:51:11","guid":{"rendered":"https:\/\/www.europesays.com\/fr\/344399\/"},"modified":"2025-08-26T04:51:11","modified_gmt":"2025-08-26T04:51:11","slug":"les-valeurs-a-suivre-a-paris-et-en-europe-26-08-2025-a-0633","status":"publish","type":"post","link":"https:\/\/www.europesays.com\/fr\/344399\/","title":{"rendered":"Les valeurs \u00e0 suivre \u00e0 Paris et en Europe &#8211; 26\/08\/2025 \u00e0 06:33"},"content":{"rendered":"<p>\n *\n<\/p>\n<p>\n Variation des futures sur indice CAC 40  0#FCE:\n<\/p>\n<p>\n *\n<\/p>\n<p>\n Variation des futures sur indice Stoxx 600  0#FXXP:\n<\/p>\n<p>\n *\n<\/p>\n<p>\n Valeurs qui se traitent ex-dividende  .EX.PA\n<\/p>\n<p>\n *\n<\/p>\n<p>\n Le point sur les march\u00e9s europ\u00e9ens  .EUFR\n<\/p>\n<p>\n Les valeurs \u00e0 suivre mardi \u00e0<br \/>\nla Bourse de Paris et en Europe :\n<\/p>\n<p>\n * EIFFAGE<br \/>\n <a href=\"https:\/\/www.boursorama.com\/cours\/1rPFGR\/\" target=\"_blank\" rel=\"noopener\"><br \/>\n  FOUG.PA<br \/>\n <\/a><br \/>\n a annonc\u00e9 lundi l&rsquo;acquisition des<br \/>\ngroupes CVS, M3i Controls et Inmotechnia afin de consolider sa<br \/>\npr\u00e9sence en Espagne dans les services \u00e0 l&rsquo;\u00e9nergie.\n<\/p>\n<p>\n * SPIE<br \/>\n <a href=\"https:\/\/www.boursorama.com\/cours\/1rPSPIE\/\" target=\"_blank\" rel=\"noopener\"><br \/>\n  SPIE.PA<br \/>\n <\/a><br \/>\n a annonc\u00e9 lundi l&rsquo;acquisition de Voets &amp;<br \/>\nDonkers aux Pays-Bas, une op\u00e9ration visant \u00e0 se renforcer dans<br \/>\nles domaines des installations de refroidissement industriel,<br \/>\ndes syst\u00e8mes de traitement de l&rsquo;air, des pompes \u00e0 chaleur, de<br \/>\nl&rsquo;automatisation industrielle et de l&rsquo;ing\u00e9nierie des \u00e9quipements<br \/>\nde proc\u00e9d\u00e9s.\n<\/p>\n<p>\n L&rsquo;AGENDA FRANCE &amp; INTERNATIONAL \u00c0 7 JOURS:<\/p>\n<p> nL8N3UE105\n<\/p>\n<p>\n (R\u00e9dig\u00e9 par Diana Mandia, \u00e9dit\u00e9 par Augustin Turpin)<\/p>\n","protected":false},"excerpt":{"rendered":"* Variation des futures sur indice CAC 40 0#FCE: * Variation des futures sur indice Stoxx 600 0#FXXP:&hellip;\n","protected":false},"author":2,"featured_media":64038,"comment_status":"","ping_status":"","sticky":false,"template":"","format":"standard","meta":{"footnotes":""},"categories":[1888],"tags":[400,1111,1928,11,1927,398,408,405,1777,674,1011,27,403,402,399,404,12,1926,626,1925,25,401,406,407],"class_list":{"0":"post-344399","1":"post","2":"type-post","3":"status-publish","4":"format-standard","5":"has-post-thumbnail","7":"category-paris","8":"tag-action-cac-40","9":"tag-actu","10":"tag-actu-paris","11":"tag-actualites","12":"tag-actualites-paris","13":"tag-bourse-de-paris","14":"tag-boursorama","15":"tag-cotations","16":"tag-eu","17":"tag-europe","18":"tag-fr","19":"tag-france","20":"tag-indices-devises","21":"tag-investir","22":"tag-investissement","23":"tag-marche-boursier","24":"tag-news","25":"tag-news-paris","26":"tag-paris","27":"tag-paris-news","28":"tag-republique-francaise","29":"tag-sicav","30":"tag-trackers","31":"tag-warrants"},"share_on_mastodon":{"url":"https:\/\/pubeurope.com\/@fr\/115093273521199647","error":""},"_links":{"self":[{"href":"https:\/\/www.europesays.com\/fr\/wp-json\/wp\/v2\/posts\/344399","targetHints":{"allow":["GET"]}}],"collection":[{"href":"https:\/\/www.europesays.com\/fr\/wp-json\/wp\/v2\/posts"}],"about":[{"href":"https:\/\/www.europesays.com\/fr\/wp-json\/wp\/v2\/types\/post"}],"author":[{"embeddable":true,"href":"https:\/\/www.europesays.com\/fr\/wp-json\/wp\/v2\/users\/2"}],"replies":[{"embeddable":true,"href":"https:\/\/www.europesays.com\/fr\/wp-json\/wp\/v2\/comments?post=344399"}],"version-history":[{"count":0,"href":"https:\/\/www.europesays.com\/fr\/wp-json\/wp\/v2\/posts\/344399\/revisions"}],"wp:featuredmedia":[{"embeddable":true,"href":"https:\/\/www.europesays.com\/fr\/wp-json\/wp\/v2\/media\/64038"}],"wp:attachment":[{"href":"https:\/\/www.europesays.com\/fr\/wp-json\/wp\/v2\/media?parent=344399"}],"wp:term":[{"taxonomy":"category","embeddable":true,"href":"https:\/\/www.europesays.com\/fr\/wp-json\/wp\/v2\/categories?post=344399"},{"taxonomy":"post_tag","embeddable":true,"href":"https:\/\/www.europesays.com\/fr\/wp-json\/wp\/v2\/tags?post=344399"}],"curies":[{"name":"wp","href":"https:\/\/api.w.org\/{rel}","templated":true}]}}