{"id":344402,"date":"2025-08-26T04:53:14","date_gmt":"2025-08-26T04:53:14","guid":{"rendered":"https:\/\/www.europesays.com\/fr\/344402\/"},"modified":"2025-08-26T04:53:14","modified_gmt":"2025-08-26T04:53:14","slug":"a-paris-une-partie-du-boulevard-richard-lenoir-desormais-fermee-a-la-circulation-cest-geant","status":"publish","type":"post","link":"https:\/\/www.europesays.com\/fr\/344402\/","title":{"rendered":"\u00c0 Paris, une partie du boulevard Richard-Lenoir d\u00e9sormais ferm\u00e9e \u00e0 la circulation : \u00ab\u00a0C&rsquo;est g\u00e9ant !\u00a0\u00bb"},"content":{"rendered":"<p>            Par<br \/>\n        <strong><br \/>\n            <a href=\"https:\/\/actu.fr\/auteur\/augustin-delaporte\" title=\"Consulter tous les articles de Augustin Delaporte\" target=\"_blank\" rel=\"noopener\">Augustin Delaporte<\/a><br \/>\n        <\/strong><\/p>\n<p>        Publi\u00e9 le<\/p>\n<p>            26 ao\u00fbt 2025 \u00e0 6h28        <\/p>\n<p>En direction de la place de la <a href=\"https:\/\/actu.fr\/tag\/bastille\" target=\"_blank\" rel=\"noopener\">Bastille<\/a>, les 150\u00a0m\u00e8tres\u00a0du <strong>boulevard Richard-Lenoir<\/strong> reliant la rue Saint-Sabin \u00e0 la rue du Pasteur-Wagner, \u00e0 <a href=\"https:\/\/actu.fr\/paris\/\" target=\"_blank\" rel=\"noopener\">Paris<\/a> (11e), <a href=\"https:\/\/actu.fr\/ile-de-france\/paris_75056\/paris-la-circulation-proscrite-des-lundi-sur-une-partie-d-un-boulevard-tres-emprunte-du-11e-arrondissement_63043886.html\" target=\"_blank\" rel=\"noopener\">ont d\u00e9finitivement ferm\u00e9 \u00e0 la circulation lundi 18\u00a0ao\u00fbt 2025<\/a>. Une d\u00e9cision qui vise, notamment, \u00e0 s\u00e9curiser <strong>l\u2019\u00e9cole maternelle<\/strong> situ\u00e9e au num\u00e9ro\u00a013 et vu d\u2019un bon \u0153il par les riverains.<\/p>\n<p>D\u00e9viation rue du Chemin-Vert pour les automobilistes<\/p>\n<p class=\" wall-content\">Les balises routi\u00e8res sont immacul\u00e9es et la peinture encore fra\u00eeche. Des barri\u00e8res amovibles ont \u00e9t\u00e9 tir\u00e9es, un panneau de signalisation de sens interdit fix\u00e9 dessus et des c\u00f4nes de chantier barrent l\u2019espace restant de route.<\/p>\n<p class=\" wall-content\"><strong>Seul le couloir pour les v\u00e9los demeure<\/strong> all\u00e9grement emprunt\u00e9 sur la portion ferm\u00e9e \u00e0 la circulation depuis une semaine tout juste.<\/p>\n<p>    <img   decoding=\"async\" loading=\"lazy\" src=\"https:\/\/www.europesays.com\/fr\/wp-content\/uploads\/2025\/08\/img-6510-960x640.jpg\" alt=\"partie-boulevard-Richard-Lenoir-d\u00e9finitivement-ferm\u00e9e-circulation\" width=\"960\" height=\"640\"\/><br \/>\n    Croisement entre la rue du Pasteur-Wagner et le boulevard. (\u00a9AD \/ actu Paris)<\/p>\n<p class=\" wall-content\">\u00c0 quelques jours de la rentr\u00e9e scolaire, deux ouvriers sont \u00e0 pied d\u2019\u0153uvre. Ils peaufinent, entre autres, le <strong>marquage au sol<\/strong>. \u00ab\u2009Certains sont contents. L\u2019\u00e9cole, particuli\u00e8rement, nous glisse l\u2019un d\u2019eux. D\u2019autres moins, forc\u00e9ment\u2026\u2009\u00bb Son regard s\u2019est pos\u00e9 sur une voiture qui sort de la rue du Pasteur Wagner. \u00ab\u2009Ils sont oblig\u00e9s de passer par la <strong>d\u00e9viation rue du Chemin-Vert<\/strong>, alors qu\u2019ils avaient l\u2019habitude d\u2019aller directement au but.\u2009\u00bb<\/p>\n<p class=\" wall-content\">Un avis partag\u00e9 par une cinquantenaire, promenant son cocker sur le boulevard et r\u00e9sidant dans une rue adjacente. \u00ab\u2009Je d\u00e9teste cette d\u00e9cision. C\u2019est tr\u00e8s emb\u00eatant quand on prend sa voiture\u2009\u00bb, nous a-t-elle lanc\u00e9 laconiquement.<\/p>\n<p>\u00ab\u2009Des deux-roues roulaient sur le trottoir\u2026 devant l\u2019\u00e9cole\u2009\u00bb<\/p>\n<p class=\" wall-content\">D\u2019autres habitants du quartier n\u2019avaient, eux, pas encore eu vent de ce changement. \u00ab\u2009Vous nous l\u2019apprenez, nous a, par exemple, gliss\u00e9 un couple de trentenaires. On passe ici tous les matins, mais on n\u2019avait pas remarqu\u00e9.\u2009\u00bb Ils n\u2019\u00e9taient visiblement pas un cas isol\u00e9, puisque plusieurs badauds ont patient\u00e9, le temps que le feu de circulation routi\u00e8re passe au vert, lors de notre visite sur place.<\/p>\n<p>Votre r\u00e9gion, votre actu !<\/p>\n<p>Recevez chaque jour les infos qui comptent pour vous.<\/p>\n<p>\t<a href=\"https:\/\/actu.fr\/newsletter\" class=\"ac-btn ac-btn--corner ac-btn--medium ac-btn--blue800\" target=\"_blank\" rel=\"noopener\">S&rsquo;incrire<\/a><\/p>\n<p>    <img   decoding=\"async\" loading=\"lazy\" src=\"https:\/\/www.europesays.com\/fr\/wp-content\/uploads\/2025\/08\/img-6512-960x640.jpg\" alt=\"partie-boulevard-Richard-Lenoir-d\u00e9finitivement-ferm\u00e9e-circulation\" width=\"960\" height=\"640\"\/><br \/>\n    Des passants attendent que le feu vire au vert. (\u00a9AD \/ actu Paris)<\/p>\n<p class=\" wall-content\">\u00ab\u2009\u00c0 voir sur le long terme, mais je ne comprends pas ce que \u00e7a change de fermer une si petite portion\u2009?\u2009\u00bb, s\u2019est aussi interrog\u00e9 un homme vivant de l\u2019autre c\u00f4t\u00e9 du boulevard. Une partie de la r\u00e9ponse se trouverait, selon une riveraine, du c\u00f4t\u00e9 de l\u2019\u00e9cole et\u2026 de l\u2019ancien vendeur de deux-roues, autrefois localis\u00e9 sur le m\u00eame c\u00f4t\u00e9 du boulevard.<\/p>\n<blockquote class=\"ac-article-quote wall-content\">\n<p>Certains roulaient directement sur le trottoir&#8230; devant l&rsquo;\u00e9cole. J&rsquo;ai failli \u00eatre percut\u00e9e, une fois. \u00c7a d\u00e9marre vite un scooter&#8230;<\/p>\n<p>    <strong>Une riveraine <\/strong>\n            <\/p><\/blockquote>\n<p class=\" wall-content\">Exp\u00e9riment\u00e9e entre mi-ao\u00fbt\u00a02022 et mars\u00a02023, la mesure a fait l\u2019objet de concertation avant d\u2019entrer en vigueur. Avant cela, le tron\u00e7on \u00e9tait ferm\u00e9 les jeudis et dimanches, en raison du march\u00e9. \u00ab\u2009Je n\u2019appr\u00e9cie pas particuli\u00e8rement notre maire (<a href=\"https:\/\/actu.fr\/tag\/anne-hidalgo\" target=\"_blank\" rel=\"noopener\">Anne Hidalgo<\/a>), pose une riveraine. Mais, ici, \u00e7a a \u00e9t\u00e9 fait progressivement. Il y avait des opposants, mais je pense que le fait qu\u2019il y ait une \u00e9cole dans l\u2019\u00e9quation a fait pencher la balance\u2009\u00bb.<\/p>\n<p>\u00ab\u2009Maintenant, je peux ouvrir mes fen\u00eatres\u2009!\u2009\u00bb<\/p>\n<p class=\" wall-content\">De quoi ravir la plupart de ceux dont les fen\u00eatres donnent sur le bout de rue concern\u00e9e. \u00ab\u2009C\u2019est g\u00e9ant, forc\u00e9ment. Il y avait tellement d\u2019embouteillages\u2026 J\u2019en avais de la suie dans le nez. Maintenant, je peux ouvrir mes fen\u00eatres\u2009!\u2009\u00bb, nous a confi\u00e9, aux anges, l\u2019un d\u2019eux.<\/p>\n<p>    <img   decoding=\"async\" loading=\"lazy\" src=\"https:\/\/www.europesays.com\/fr\/wp-content\/uploads\/2025\/08\/img-6513-960x640.jpg\" alt=\"partie-boulevard-Richard-Lenoir-d\u00e9finitivement-ferm\u00e9e-circulation\" width=\"960\" height=\"640\"\/><br \/>\n    Les joggeurs du 11e b\u00e9n\u00e9ficient d\u00e9j\u00e0 de cette nouveaut\u00e9. (\u00a9AD \/ actu Paris)<\/p>\n<p class=\" wall-content\">Un bonheur qui gagne peu \u00e0 peu les pi\u00e9tons, heureux de se r\u00e9approprier la chauss\u00e9e. \u00ab\u2009C\u2019est g\u00e9nial, maintenant on peut traverser n\u2019importe comment\u2009!\u2009\u00bb, s\u2019amusait, fin ao\u00fbt, un jeune homme d\u2019une vingtaine d\u2019ann\u00e9es, en foulant gaiement et d\u2019un pas d\u00e9cid\u00e9 le bitume, entre les deux feux pi\u00e9tons.<\/p>\n<p class=\" wall-content\">Personnalisez votre actualit\u00e9 en ajoutant vos villes et m\u00e9dias en favori avec <a href=\"https:\/\/moncompte.actu.fr\" title=\"D\u00e9couvez Mon Actu\" rel=\"nofollow noopener\" data-trk=\"{&quot;cta&quot;:{&quot;action&quot;:&quot;https:\\\/\\\/moncompte.actu.fr&quot;,&quot;category&quot;:&quot;mon compte&quot;,&quot;from&quot;:&quot;article footer&quot;,&quot;name&quot;:&quot;Mon actu&quot;,&quot;type&quot;:&quot;cta&quot;}}\" target=\"_blank\">Mon Actu<\/a>.<\/p>\n","protected":false},"excerpt":{"rendered":"Par Augustin Delaporte Publi\u00e9 le 26 ao\u00fbt 2025 \u00e0 6h28 En direction de la place de la Bastille,&hellip;\n","protected":false},"author":2,"featured_media":344403,"comment_status":"","ping_status":"","sticky":false,"template":"","format":"standard","meta":{"footnotes":""},"categories":[1888],"tags":[11,3542,1777,674,1011,27,12,626,25,104],"class_list":{"0":"post-344402","1":"post","2":"type-post","3":"status-publish","4":"format-standard","5":"has-post-thumbnail","7":"category-paris","8":"tag-actualites","9":"tag-circulation","10":"tag-eu","11":"tag-europe","12":"tag-fr","13":"tag-france","14":"tag-news","15":"tag-paris","16":"tag-republique-francaise","17":"tag-societe"},"share_on_mastodon":{"url":"https:\/\/pubeurope.com\/@fr\/115093281498359151","error":""},"_links":{"self":[{"href":"https:\/\/www.europesays.com\/fr\/wp-json\/wp\/v2\/posts\/344402","targetHints":{"allow":["GET"]}}],"collection":[{"href":"https:\/\/www.europesays.com\/fr\/wp-json\/wp\/v2\/posts"}],"about":[{"href":"https:\/\/www.europesays.com\/fr\/wp-json\/wp\/v2\/types\/post"}],"author":[{"embeddable":true,"href":"https:\/\/www.europesays.com\/fr\/wp-json\/wp\/v2\/users\/2"}],"replies":[{"embeddable":true,"href":"https:\/\/www.europesays.com\/fr\/wp-json\/wp\/v2\/comments?post=344402"}],"version-history":[{"count":0,"href":"https:\/\/www.europesays.com\/fr\/wp-json\/wp\/v2\/posts\/344402\/revisions"}],"wp:featuredmedia":[{"embeddable":true,"href":"https:\/\/www.europesays.com\/fr\/wp-json\/wp\/v2\/media\/344403"}],"wp:attachment":[{"href":"https:\/\/www.europesays.com\/fr\/wp-json\/wp\/v2\/media?parent=344402"}],"wp:term":[{"taxonomy":"category","embeddable":true,"href":"https:\/\/www.europesays.com\/fr\/wp-json\/wp\/v2\/categories?post=344402"},{"taxonomy":"post_tag","embeddable":true,"href":"https:\/\/www.europesays.com\/fr\/wp-json\/wp\/v2\/tags?post=344402"}],"curies":[{"name":"wp","href":"https:\/\/api.w.org\/{rel}","templated":true}]}}