{"id":344406,"date":"2025-08-26T04:55:12","date_gmt":"2025-08-26T04:55:12","guid":{"rendered":"https:\/\/www.europesays.com\/fr\/344406\/"},"modified":"2025-08-26T04:55:12","modified_gmt":"2025-08-26T04:55:12","slug":"zelensky-a-parle-sanctions-contre-la-russie-avec-lemissaire-de-trump","status":"publish","type":"post","link":"https:\/\/www.europesays.com\/fr\/344406\/","title":{"rendered":"Zelensky a parl\u00e9 sanctions contre la Russie avec l\u2019\u00e9missaire de Trump\u2026"},"content":{"rendered":"<p>Zelensky discute de sanctions contre la Russie avec l\u2019\u00e9missaire de Trump<\/p>\n<p>Le pr\u00e9sident ukrainien a affirm\u00e9 lundi avoir \u00e9voqu\u00e9 de potentielles sanctions et d\u2019autres moyens de pression contre la Russie avec l\u2019\u00e9missaire am\u00e9ricain Keith Kellogg, en visite en Ukraine.<\/p>\n<p>\u00ab\u00a0J\u2019ai eu une bonne r\u00e9union avec l\u2019Envoy\u00e9 sp\u00e9cial du pr\u00e9sident des Etats-Unis, le g\u00e9n\u00e9ral Keith Kellogg\u00a0\u00bb, a \u00e9crit Volodymyr Zelensky sur les r\u00e9seaux sociaux. \u00ab\u00a0Nous avons discut\u00e9 de la mani\u00e8re dont nous pouvons influencer les Russes, les contraindre \u00e0 prendre part \u00e0 de r\u00e9elles n\u00e9gociations et \u00e0 mettre fin \u00e0 la guerre. Sanctions, droits de douane \u2013 tout doit rester \u00e0 l\u2019ordre du jour\u00a0\u00bb, a-t-il ajout\u00e9.<\/p>\n<p>Il a par ailleurs affirm\u00e9 que Washington et Kiev \u00e9laboraient des garanties de s\u00e9curit\u00e9, r\u00e9clam\u00e9es par l\u2019Ukraine \u00e0 ses alli\u00e9s occidentaux pour se prot\u00e9ger de futures attaques russes en cas d\u2019accord de paix. Volodymyr Zelensky a dit s\u2019attendre \u00e0 ce que leurs principaux points soient esquiss\u00e9s \u00ab\u00a0sous peu\u00a0\u00bb.<\/p>\n<p>Trump a reparl\u00e9 \u00e0 Poutine<\/p>\n<p>Donald Trump a r\u00e9pondu par l\u2019affirmative lundi lorsqu\u2019une journaliste lui a demand\u00e9 s\u2019il avait parl\u00e9 \u00e0 Vladimir Poutine depuis son sommet \u00e0 la Maison-Blanche il y a une semaine avec Volodymyr Zelensky et plusieurs dirigeants europ\u00e9ens.<\/p>\n<p>\u00ab\u00a0Je crois que nous allons mettre fin \u00e0 la guerre\u00a0\u00bb a dit le pr\u00e9sident am\u00e9ricain, sans donner plus de pr\u00e9cisions et alors que son projet de r\u00e9unir les pr\u00e9sidents russe et ukrainien autour d\u2019une m\u00eame table semble dans l\u2019impasse. \u00ab\u00a0Ils ne s\u2019aiment pas\u00a0\u00bb, a-t-il seulement lanc\u00e9.<\/p>\n<p>\u00ab\u00a0Toutes les conversations que j\u2019ai avec lui sont de bonnes conversations, malheureusement le jour suivant une bombe est largu\u00e9e sur Kiev ou ailleurs et cela me met en col\u00e8re\u00a0\u00bb, a encore d\u00e9clar\u00e9 Donald Trump au sujet de son homologue russe qu\u2019il avait rencontr\u00e9 en Alaska le 15\u00a0ao\u00fbt.<\/p>\n<p>Bienvenue dans ce nouveau Live<\/p>\n<p>Bonjour \u00e0 toutes et \u00e0 tous. Comme chaque jour, la r\u00e9daction de 20 Minutes est mobilis\u00e9e pour vous donner l\u2019ensemble des informations sur le conflit entre Kiev et Moscou.<\/p>\n<p>Les Etats-Unis, avec Donald Trump directement \u00e0 la man\u0153uvre, tentent d\u2019obtenir la paix en Ukraine. Mais les n\u00e9gociations sont particuli\u00e8rement compliqu\u00e9es et, sur le terrain, les armes continuent de parler.<\/p>\n","protected":false},"excerpt":{"rendered":"Zelensky discute de sanctions contre la Russie avec l\u2019\u00e9missaire de Trump Le pr\u00e9sident ukrainien a affirm\u00e9 lundi avoir&hellip;\n","protected":false},"author":2,"featured_media":344407,"comment_status":"","ping_status":"","sticky":false,"template":"","format":"standard","meta":{"footnotes":""},"categories":[1591],"tags":[47,11,75,73,1887,131,74,12,1885,1886,132,133,135,134],"class_list":{"0":"post-344406","1":"post","2":"type-post","3":"status-publish","4":"format-standard","5":"has-post-thumbnail","7":"category-russie","8":"tag-actualite","9":"tag-actualites","10":"tag-donald-trump","11":"tag-etats-unis","12":"tag-federation-de-russie","13":"tag-guerre-en-ukraine","14":"tag-monde","15":"tag-news","16":"tag-russia","17":"tag-russian-federation","18":"tag-russie","19":"tag-video","20":"tag-vladimir-poutine","21":"tag-volodymyr-zelensky"},"share_on_mastodon":{"url":"https:\/\/pubeurope.com\/@fr\/115093289245015838","error":""},"_links":{"self":[{"href":"https:\/\/www.europesays.com\/fr\/wp-json\/wp\/v2\/posts\/344406","targetHints":{"allow":["GET"]}}],"collection":[{"href":"https:\/\/www.europesays.com\/fr\/wp-json\/wp\/v2\/posts"}],"about":[{"href":"https:\/\/www.europesays.com\/fr\/wp-json\/wp\/v2\/types\/post"}],"author":[{"embeddable":true,"href":"https:\/\/www.europesays.com\/fr\/wp-json\/wp\/v2\/users\/2"}],"replies":[{"embeddable":true,"href":"https:\/\/www.europesays.com\/fr\/wp-json\/wp\/v2\/comments?post=344406"}],"version-history":[{"count":0,"href":"https:\/\/www.europesays.com\/fr\/wp-json\/wp\/v2\/posts\/344406\/revisions"}],"wp:featuredmedia":[{"embeddable":true,"href":"https:\/\/www.europesays.com\/fr\/wp-json\/wp\/v2\/media\/344407"}],"wp:attachment":[{"href":"https:\/\/www.europesays.com\/fr\/wp-json\/wp\/v2\/media?parent=344406"}],"wp:term":[{"taxonomy":"category","embeddable":true,"href":"https:\/\/www.europesays.com\/fr\/wp-json\/wp\/v2\/categories?post=344406"},{"taxonomy":"post_tag","embeddable":true,"href":"https:\/\/www.europesays.com\/fr\/wp-json\/wp\/v2\/tags?post=344406"}],"curies":[{"name":"wp","href":"https:\/\/api.w.org\/{rel}","templated":true}]}}