{"id":344409,"date":"2025-08-26T04:57:09","date_gmt":"2025-08-26T04:57:09","guid":{"rendered":"https:\/\/www.europesays.com\/fr\/344409\/"},"modified":"2025-08-26T04:57:09","modified_gmt":"2025-08-26T04:57:09","slug":"une-spectaculaire-tempete-de-sable-balaie-larizona","status":"publish","type":"post","link":"https:\/\/www.europesays.com\/fr\/344409\/","title":{"rendered":"une spectaculaire temp\u00eate de sable balaie l&rsquo;Arizona"},"content":{"rendered":"<p>\u00c9tats-Unis: une spectaculaire temp\u00eate de sable balaie l&rsquo;ArizonaSur le m\u00eame sujet<a href=\"https:\/\/www.bfmtv.com\/international\/amerique-nord\/etats-unis\/video-etats-unis-une-spectaculaire-tempete-de-sable-balaie-l-arizona_VN-202508260099.html\" title=\"\u00c9tats-Unis: une spectaculaire temp\u00eate de sable balaie l&#039;Arizona\" rel=\"nofollow noopener\" target=\"_blank\"><img width=\"16\" height=\"9\" class=\"lozad\"  alt=\"\u00c9tats-Unis: une spectaculaire temp\u00eate de sable balaie l'Arizona\"\/>en lecture\u00c9tats-Unis: une spectaculaire temp\u00eate de sable balaie l&rsquo;Arizona<\/a><a href=\"https:\/\/www.bfmtv.com\/international\/amerique-nord\/etats-unis\/video-etats-unis-pour-enseigner-en-oklahoma-les-enseignants-venus-de-new-york-et-de-californie-devront-passer-un-test-anti-woke_VN-202508260061.html\" title=\"\u00c9tats-Unis: pour enseigner en Oklahoma, les enseignants venus de New York et de Californie devront passer un test &quot;anti-woke&quot;\" rel=\"nofollow noopener\" target=\"_blank\"><img width=\"16\" height=\"9\" class=\"lozad\"  alt=\"\u00c9tats-Unis: pour enseigner en Oklahoma, les enseignants venus de New York et de Californie devront passer un test &quot;anti-woke&quot;\"\/>1:49\u00c9tats-Unis: pour enseigner en Oklahoma, les enseignants venus de New York et de Californie devront passer un test \u00ab\u00a0anti-woke\u00a0\u00bb<\/a><a href=\"https:\/\/www.bfmtv.com\/economie\/video-powell-ouvre-la-voie-a-une-baisse-de-taux_VN-202508250210.html\" title=\"Powell ouvre la voie \u00e0 une baisse de taux \" rel=\"nofollow noopener\" target=\"_blank\"><img width=\"16\" height=\"9\" class=\"lozad\"  alt=\"Powell ouvre la voie \u00e0 une baisse de taux \"\/>4:28Powell ouvre la voie \u00e0 une baisse de taux<\/a><a href=\"https:\/\/www.bfmtv.com\/economie\/video-le-port-de-los-angeles-est-toujours-engorge_VN-202508250149.html\" title=\"Le port de Los Angeles est toujours engorg\u00e9\" rel=\"nofollow noopener\" target=\"_blank\"><img width=\"16\" height=\"9\" class=\"lozad\"  alt=\"Le port de Los Angeles est toujours engorg\u00e9\"\/>1:59Le port de Los Angeles est toujours engorg\u00e9<\/a><a href=\"https:\/\/www.bfmtv.com\/societe\/video-antisemitisme-la-france-convoque-l-ambassadeur-americain-qui-a-denonce-l-absence-d-action-suffisante-d-emmanuel-macron_VN-202508250037.html\" title=\"Antis\u00e9mitisme: la France convoque l&#039;ambassadeur am\u00e9ricain qui a d\u00e9nonc\u00e9 &quot;l&#039;absence d&#039;action suffisante&quot; d&#039;Emmanuel Macron\" rel=\"nofollow noopener\" target=\"_blank\"><img width=\"16\" height=\"9\" class=\"lozad\"  alt=\"Antis\u00e9mitisme: la France convoque l'ambassadeur am\u00e9ricain qui a d\u00e9nonc\u00e9 &quot;l'absence d'action suffisante&quot; d'Emmanuel Macron\"\/>1:29Antis\u00e9mitisme: la France convoque l&rsquo;ambassadeur am\u00e9ricain qui a d\u00e9nonc\u00e9 \u00ab\u00a0l&rsquo;absence d&rsquo;action suffisante\u00a0\u00bb d&rsquo;Emmanuel Macron<\/a><a href=\"https:\/\/www.bfmtv.com\/international\/moyen-orient\/israel\/video-antisemitisme-la-posture-americaine-soutenant-la-politique-de-netanyahu-amene-a-ce-que-les-ambassadeurs-americains-aient-une-position-tres-dure-lance-alain-bauer-professeur-de-criminologie_VN-202508240284.html\" title=\"Antis\u00e9mitisme: &quot;La posture am\u00e9ricaine soutenant la politique de Netanyahu am\u00e8ne \u00e0 ce que les ambassadeurs am\u00e9ricains aient une position tr\u00e8s dure&quot; lance Alain Bauer, professeur de criminologie\" rel=\"nofollow noopener\" target=\"_blank\"><img width=\"16\" height=\"9\" class=\"lozad\"  alt=\"Antis\u00e9mitisme: &quot;La posture am\u00e9ricaine soutenant la politique de Netanyahu am\u00e8ne \u00e0 ce que les ambassadeurs am\u00e9ricains aient une position tr\u00e8s dure&quot; lance Alain Bauer, professeur de criminologie\"\/>1:32Antis\u00e9mitisme: \u00ab\u00a0La posture am\u00e9ricaine soutenant la politique de Netanyahu am\u00e8ne \u00e0 ce que les ambassadeurs am\u00e9ricains aient une position tr\u00e8s dure\u00a0\u00bb lance Alain Bauer, professeur de criminologie<\/a><a href=\"https:\/\/www.bfmtv.com\/international\/amerique-nord\/etats-unis\/video-guerre-en-ukraine-j-d-vance-essaye-de-rassurer-l-opinion-americaine-sur-l-avancee-des-negociations_VN-202508240230.html\" title=\"Guerre en Ukraine: J.D. Vance essaye de rassurer l&#039;opinion am\u00e9ricaine sur l&#039;avanc\u00e9e des n\u00e9gociations\" rel=\"nofollow noopener\" target=\"_blank\"><img width=\"16\" height=\"9\" class=\"lozad\"  alt=\"Guerre en Ukraine: J.D. Vance essaye de rassurer l'opinion am\u00e9ricaine sur l'avanc\u00e9e des n\u00e9gociations\"\/>1:27Guerre en Ukraine: J.D. Vance essaye de rassurer l&rsquo;opinion am\u00e9ricaine sur l&rsquo;avanc\u00e9e des n\u00e9gociations<\/a><a href=\"https:\/\/www.bfmtv.com\/international\/amerique-nord\/etats-unis\/video-ukraine-le-premier-ministre-canadien-salue-le-leadership-du-president-trump_VN-202508240225.html\" title=\"Ukraine: le Premier ministre canadien salue &quot;le leadership du pr\u00e9sident Trump&quot;\" rel=\"nofollow noopener\" target=\"_blank\"><img width=\"16\" height=\"9\" class=\"lozad\"  alt=\"Ukraine: le Premier ministre canadien salue &quot;le leadership du pr\u00e9sident Trump&quot;\"\/>1:12Ukraine: le Premier ministre canadien salue \u00ab\u00a0le leadership du pr\u00e9sident Trump\u00a0\u00bb<\/a><a href=\"https:\/\/www.bfmtv.com\/societe\/video-la-poste-ne-livrera-plus-de-colis-aux-etats-unis-l-image-que-donne-la-poste-c-est-une-grande-desorganisation-observe-michel-ruimy-economiste_VN-202508230137.html\" title=\"La Poste ne livrera plus de colis aux \u00c9tats-Unis: &quot;L&#039;image que donne La Poste, c&#039;est une grande d\u00e9sorganisation&quot;, observe Michel Ruimy, \u00e9conomiste\" rel=\"nofollow noopener\" target=\"_blank\"><img width=\"16\" height=\"9\" class=\"lozad\"  alt=\"La Poste ne livrera plus de colis aux \u00c9tats-Unis: &quot;L'image que donne La Poste, c'est une grande d\u00e9sorganisation&quot;, observe Michel Ruimy, \u00e9conomiste\"\/>1:32La Poste ne livrera plus de colis aux \u00c9tats-Unis: \u00ab\u00a0L&rsquo;image que donne La Poste, c&rsquo;est une grande d\u00e9sorganisation\u00a0\u00bb, observe Michel Ruimy, \u00e9conomiste<\/a><a href=\"https:\/\/www.bfmtv.com\/international\/amerique-nord\/etats-unis\/video-etat-de-new-york-un-accident-de-car-fait-cinq-morts_VN-202508230086.html\" title=\"\u00c9tat de New York: un accident de car fait cinq morts\" rel=\"nofollow noopener\" target=\"_blank\"><img width=\"16\" height=\"9\" class=\"lozad\"  alt=\"\u00c9tat de New York: un accident de car fait cinq morts\"\/>0:20\u00c9tat de New York: un accident de car fait cinq morts<\/a><a href=\"https:\/\/www.bfmtv.com\/international\/amerique-nord\/etats-unis\/video-etats-unis-plusieurs-morts-dont-des-enfants-dans-un-accident-d-autocar-dans-l-etat-de-new-york_VN-202508220624.html\" title=\"\u00c9tats-Unis: plusieurs morts dont des enfants dans un accident d&#039;autocar dans l&#039;\u00c9tat de New York\" rel=\"nofollow noopener\" target=\"_blank\"><img width=\"16\" height=\"9\" class=\"lozad\"  alt=\"\u00c9tats-Unis: plusieurs morts dont des enfants dans un accident d'autocar dans l'\u00c9tat de New York\"\/>1:13\u00c9tats-Unis: plusieurs morts dont des enfants dans un accident d&rsquo;autocar dans l&rsquo;\u00c9tat de New York<\/a><a href=\"https:\/\/www.bfmtv.com\/international\/amerique-nord\/etats-unis\/video-droits-de-douane-l-europe-se-felicite-de-cet-accord-la-france-un-peu-moins-indique-jean-gabriel-attali-economiste_VN-202508220537.html\" title=\"Droits de douane: &quot;L&#039;Europe se f\u00e9licite de cet accord, la France un peu moins&quot;, indique Jean-Gabriel Attali, \u00e9conomiste\" rel=\"nofollow noopener\" target=\"_blank\"><img width=\"16\" height=\"9\" class=\"lozad\"  alt=\"Droits de douane: &quot;L'Europe se f\u00e9licite de cet accord, la France un peu moins&quot;, indique Jean-Gabriel Attali, \u00e9conomiste\"\/>0:57Droits de douane: \u00ab\u00a0L&rsquo;Europe se f\u00e9licite de cet accord, la France un peu moins\u00a0\u00bb, indique Jean-Gabriel Attali, \u00e9conomiste<\/a><a href=\"https:\/\/www.bfmtv.com\/economie\/video-la-poste-suspend-l-envoi-de-certains-colis-aux-etats-unis-c-est-une-etape-de-plus-dans-ce-nouveau-monde-estime-isabelle-this-saint-jean-economiste_VN-202508220534.html\" title=\"La Poste suspend l&#039;envoi de certains colis aux \u00c9tats-Unis: &quot;C&#039;est une \u00e9tape de plus dans ce nouveau monde&quot;, estime Isabelle This Saint-Jean, \u00e9conomiste\" rel=\"nofollow noopener\" target=\"_blank\"><img width=\"16\" height=\"9\" class=\"lozad\"  alt=\"La Poste suspend l'envoi de certains colis aux \u00c9tats-Unis: &quot;C'est une \u00e9tape de plus dans ce nouveau monde&quot;, estime Isabelle This Saint-Jean, \u00e9conomiste\"\/>1:53La Poste suspend l&rsquo;envoi de certains colis aux \u00c9tats-Unis: \u00ab\u00a0C&rsquo;est une \u00e9tape de plus dans ce nouveau monde\u00a0\u00bb, estime Isabelle This Saint-Jean, \u00e9conomiste<\/a><a href=\"https:\/\/www.bfmtv.com\/economie\/video-droits-de-douane-trump-n-a-aucun-principe-il-viole-tous-les-engagements-internationaux-des-etats-unis-declare-l-ancien-directeur-du-commerce-exterieur_VN-202508220533.html\" title=\"Droits de douane: &quot;Trump n&#039;a aucun principe, il viole tous les engagements internationaux des \u00c9tats-Unis&quot;, d\u00e9clare l&#039;ancien directeur du commerce ext\u00e9rieur\" rel=\"nofollow noopener\" target=\"_blank\"><img width=\"16\" height=\"9\" class=\"lozad\"  alt=\"Droits de douane: &quot;Trump n'a aucun principe, il viole tous les engagements internationaux des \u00c9tats-Unis&quot;, d\u00e9clare l'ancien directeur du commerce ext\u00e9rieur\"\/>2:38Droits de douane: \u00ab\u00a0Trump n&rsquo;a aucun principe, il viole tous les engagements internationaux des \u00c9tats-Unis\u00a0\u00bb, d\u00e9clare l&rsquo;ancien directeur du commerce ext\u00e9rieur<\/a><a class=\"jumpToVideo\" target=\"_blank\"><img class=\"thumbnailPreview\"\/><\/a><\/p>\n","protected":false},"excerpt":{"rendered":"\u00c9tats-Unis: une spectaculaire temp\u00eate de sable balaie l&rsquo;ArizonaSur le m\u00eame sujeten lecture\u00c9tats-Unis: une spectaculaire temp\u00eate de sable balaie&hellip;\n","protected":false},"author":2,"featured_media":344410,"comment_status":"","ping_status":"","sticky":false,"template":"","format":"standard","meta":{"footnotes":""},"categories":[1589],"tags":[11,73,1866,12,1864,1865,1863,308],"class_list":{"0":"post-344409","1":"post","2":"type-post","3":"status-publish","4":"format-standard","5":"has-post-thumbnail","7":"category-etats-unis","8":"tag-actualites","9":"tag-etats-unis","10":"tag-etats-unis-damerique","11":"tag-news","12":"tag-united-states","13":"tag-united-states-of-america","14":"tag-us","15":"tag-usa"},"share_on_mastodon":{"url":"https:\/\/pubeurope.com\/@fr\/115093297180918236","error":""},"_links":{"self":[{"href":"https:\/\/www.europesays.com\/fr\/wp-json\/wp\/v2\/posts\/344409","targetHints":{"allow":["GET"]}}],"collection":[{"href":"https:\/\/www.europesays.com\/fr\/wp-json\/wp\/v2\/posts"}],"about":[{"href":"https:\/\/www.europesays.com\/fr\/wp-json\/wp\/v2\/types\/post"}],"author":[{"embeddable":true,"href":"https:\/\/www.europesays.com\/fr\/wp-json\/wp\/v2\/users\/2"}],"replies":[{"embeddable":true,"href":"https:\/\/www.europesays.com\/fr\/wp-json\/wp\/v2\/comments?post=344409"}],"version-history":[{"count":0,"href":"https:\/\/www.europesays.com\/fr\/wp-json\/wp\/v2\/posts\/344409\/revisions"}],"wp:featuredmedia":[{"embeddable":true,"href":"https:\/\/www.europesays.com\/fr\/wp-json\/wp\/v2\/media\/344410"}],"wp:attachment":[{"href":"https:\/\/www.europesays.com\/fr\/wp-json\/wp\/v2\/media?parent=344409"}],"wp:term":[{"taxonomy":"category","embeddable":true,"href":"https:\/\/www.europesays.com\/fr\/wp-json\/wp\/v2\/categories?post=344409"},{"taxonomy":"post_tag","embeddable":true,"href":"https:\/\/www.europesays.com\/fr\/wp-json\/wp\/v2\/tags?post=344409"}],"curies":[{"name":"wp","href":"https:\/\/api.w.org\/{rel}","templated":true}]}}