{"id":34441,"date":"2025-04-18T16:12:16","date_gmt":"2025-04-18T16:12:16","guid":{"rendered":"https:\/\/www.europesays.com\/fr\/34441\/"},"modified":"2025-04-18T16:12:16","modified_gmt":"2025-04-18T16:12:16","slug":"grand-nancy-le-radar-de-la-route-de-contournement-de-malzeville-vandalise","status":"publish","type":"post","link":"https:\/\/www.europesays.com\/fr\/34441\/","title":{"rendered":"Grand Nancy. Le radar de la route de contournement de Malz\u00e9ville vandalis\u00e9"},"content":{"rendered":"<p>Le 7\u00a0mars\u00a02024, le maire de Malz\u00e9ville, Bertrand Kling, annon\u00e7ait sur les r\u00e9seaux sociaux l\u2019installation par la pr\u00e9fecture pour trois semaines, sur <a href=\"https:\/\/www.estrepublicain.fr\/transport\/2021\/12\/19\/contournement-de-malzeville-la-voie-est-(enfin)-ouverte\" target=\"_blank\" rel=\"nofollow noopener\">la route de contournement<\/a> d\u2019un \u00ab\u00a0radar dit de chantier sur la zone \u00e0 50\u00a0km\/heure, entre le rond-point de la rue Chanoine-Boulanger et la rue Louis-Pasteur\u00a0\u00bb. Il annon\u00e7ait son retrait \u00e0 l\u2019issue de cette p\u00e9riode mais pr\u00e9venait de son retour \u00ab\u00a0d\u2019ici 2 mois\u00a0\u00bb et demandait aux usagers d\u2019\u00eatre \u00ab\u00a0respectueux des limitations de vitesse\u00a0\u00bb.<\/p>\n<p>Le retour a pris plus que deux mois puisque le radar n\u2019a \u00e9t\u00e9 r\u00e9install\u00e9 qu\u2019au d\u00e9but du mois d\u2019avril. Cette r\u00e9installation n\u2019a pas plu \u00e0 tout le monde, puisqu\u2019il a \u00e9t\u00e9 \u00ab\u00a0badigeonn\u00e9\u00a0\u00bb avec des inscriptions et des dessins obsc\u00e8nes.<\/p>\n<p>La pr\u00e9fecture a \u00e9t\u00e9 avis\u00e9e<\/p>\n<p>Ce radar autonome peut calculer la vitesse des v\u00e9hicules dans les deux sens de circulation. Au-del\u00e0 de la vitesse limite autoris\u00e9e, le passage du v\u00e9hicule d\u00e9clenche le flash de l\u2019\u00e9quipement.<\/p>\n<p>L\u00e0, il ne constate plus rien du tout\u2026 Malgr\u00e9 l\u2019affichage d\u2019une peine d\u2019emprisonnement possible de 5 ans et d\u2019une amende de 75\u00a0000\u00a0\u20ac, la zone de flashage a \u00e9t\u00e9 peinte en blanc, emp\u00eachant pour l\u2019instant tout d\u00e9clenchement.<\/p>\n<p>La pr\u00e9fecture en a \u00e9t\u00e9 avis\u00e9e par la mairie.<\/p>\n","protected":false},"excerpt":{"rendered":"Le 7\u00a0mars\u00a02024, le maire de Malz\u00e9ville, Bertrand Kling, annon\u00e7ait sur les r\u00e9seaux sociaux l\u2019installation par la pr\u00e9fecture pour&hellip;\n","protected":false},"author":2,"featured_media":34442,"comment_status":"","ping_status":"","sticky":false,"template":"","format":"standard","meta":{"footnotes":""},"categories":[9635],"tags":[1111,11,3542,1704,1777,674,1011,27,775,11259,11260,3457,1702,12,25,2803],"class_list":{"0":"post-34441","1":"post","2":"type-post","3":"status-publish","4":"format-standard","5":"has-post-thumbnail","7":"category-nancy","8":"tag-actu","9":"tag-actualites","10":"tag-circulation","11":"tag-edition-nancy-et-agglomeration","12":"tag-eu","13":"tag-europe","14":"tag-fr","15":"tag-france","16":"tag-grand-est","17":"tag-malzeville","18":"tag-metropole-du-grand-nancy-54b4","19":"tag-meurthe-et-moselle","20":"tag-nancy","21":"tag-news","22":"tag-republique-francaise","23":"tag-transport"},"share_on_mastodon":{"url":"https:\/\/pubeurope.com\/@fr\/114359851061225317","error":""},"_links":{"self":[{"href":"https:\/\/www.europesays.com\/fr\/wp-json\/wp\/v2\/posts\/34441","targetHints":{"allow":["GET"]}}],"collection":[{"href":"https:\/\/www.europesays.com\/fr\/wp-json\/wp\/v2\/posts"}],"about":[{"href":"https:\/\/www.europesays.com\/fr\/wp-json\/wp\/v2\/types\/post"}],"author":[{"embeddable":true,"href":"https:\/\/www.europesays.com\/fr\/wp-json\/wp\/v2\/users\/2"}],"replies":[{"embeddable":true,"href":"https:\/\/www.europesays.com\/fr\/wp-json\/wp\/v2\/comments?post=34441"}],"version-history":[{"count":0,"href":"https:\/\/www.europesays.com\/fr\/wp-json\/wp\/v2\/posts\/34441\/revisions"}],"wp:featuredmedia":[{"embeddable":true,"href":"https:\/\/www.europesays.com\/fr\/wp-json\/wp\/v2\/media\/34442"}],"wp:attachment":[{"href":"https:\/\/www.europesays.com\/fr\/wp-json\/wp\/v2\/media?parent=34441"}],"wp:term":[{"taxonomy":"category","embeddable":true,"href":"https:\/\/www.europesays.com\/fr\/wp-json\/wp\/v2\/categories?post=34441"},{"taxonomy":"post_tag","embeddable":true,"href":"https:\/\/www.europesays.com\/fr\/wp-json\/wp\/v2\/tags?post=34441"}],"curies":[{"name":"wp","href":"https:\/\/api.w.org\/{rel}","templated":true}]}}