{"id":344411,"date":"2025-08-26T04:58:11","date_gmt":"2025-08-26T04:58:11","guid":{"rendered":"https:\/\/www.europesays.com\/fr\/344411\/"},"modified":"2025-08-26T04:58:11","modified_gmt":"2025-08-26T04:58:11","slug":"ce-serait-une-catastrophe-pourquoi-le-depart-de-la-famille-royale-de-buckingham-palace-scandalise-les-anglais","status":"publish","type":"post","link":"https:\/\/www.europesays.com\/fr\/344411\/","title":{"rendered":"\u00ab\u00a0Ce serait une catastrophe\u00a0\u00bb\u00a0: pourquoi le d\u00e9part de la famille royale de Buckingham Palace scandalise les Anglais"},"content":{"rendered":"<p>\n                                                                    l&rsquo;essentiel<br \/>\n                                                                Alors que William et Kate choisissent de s\u2019installer \u00e0 Windsor, l\u2019avenir de la r\u00e9sidence royale historique, d\u00e9sert\u00e9e par Charles III, semble plus incertain que jamais.\n                            <\/p>\n<p>Est-ce la fin de Buckingham Palace\u00a0? Le d\u00e9m\u00e9nagement annonc\u00e9 du prince William et de Kate Middleton vers Forest Lodge, une grande maison sur le domaine de Windsor, relance cette question qui agite les m\u00e9dias <a href=\"https:\/\/www.ladepeche.fr\/actu\/international\/royaume-uni\/\" target=\"_blank\" rel=\"nofollow noopener\">britanniques<\/a>.<\/p>\n<p class=\"std-elt__inline\">\n        <strong>\u00c0 lire aussi :<\/strong><br \/>\n        <a href=\"https:\/\/www.ladepeche.fr\/2025\/08\/18\/ils-ne-sy-attendaient-pas-kate-middleton-et-william-demenagent-deux-familles-expulsees-de-leur-future-demeure-a-windsor-12881893.php\" rel=\"nofollow noopener\" target=\"_blank\">\u00ab\u00a0Ils ne s\u2019y attendaient pas\u00a0\u00bb\u00a0: Kate Middleton et William d\u00e9m\u00e9nagent, deux familles expuls\u00e9es de leur future demeure \u00e0 Windsor<\/a>\n    <\/p>\n<p>Le couple princier, qui vivait jusqu\u2019ici \u00e0 Adelaide Cottage, va quitter Londres avec ses trois enfants pour s\u2019installer dans cette demeure plus tranquille, loin du tumulte de la capitale. Le palais de Kensington a confirm\u00e9 que cette installation aura lieu \u00ab\u00a0plus tard cette ann\u00e9e\u00a0\u00bb.\u00a0Et comme leur choix ne s\u2019est pas port\u00e9 sur Buckingham, certains s\u2019interrogent\u00a0: les Windsor tournent-ils d\u00e9finitivement le dos \u00e0 leur r\u00e9sidence historique\u00a0?<\/p>\n<p data-end=\"1183\" data-start=\"783\">Depuis 1837, le palais royal\u00a0est bien plus qu\u2019une adresse. C\u2019est le c\u0153ur symbolique de la monarchie britannique, le lieu des grands \u00e9v\u00e9nements, des garden-parties et des apparitions publiques. Mais aujourd\u2019hui, ni le roi Charles III ni son fils n\u2019y vivent. Le roi, depuis son accession au tr\u00f4ne en 2022, a pr\u00e9f\u00e9r\u00e9 rester \u00e0 Clarence House, tandis que William et Kate s\u2019en \u00e9loignent davantage encore.<\/p>\n<p>Utilis\u00e9 pour les c\u00e9r\u00e9monies officielles<\/p>\n<p data-end=\"1440\" data-start=\"1185\">Officiellement, le palais est inhabit\u00e9 en raison de vastes travaux de r\u00e9novation estim\u00e9s \u00e0 425\u00a0millions d\u2019euros, qui devraient durer jusqu\u2019en 2027. Officieusement, selon plusieurs experts royaux, ni Charles ni William ne souhaitent vraiment s\u2019y installer.<\/p>\n<p data-end=\"1753\" data-start=\"1442\">Cette prise de distance inqui\u00e8te certains observateurs. \u00ab\u00a0Ce serait une catastrophe si Buckingham \u00e9tait mis \u00e0 l\u2019\u00e9cart\u00a0\u00bb, alerte, aupr\u00e8s de l\u2019AFP, Richard Fitzwilliams, sp\u00e9cialiste de la monarchie. Il rappelle que le palais \u00ab\u00a0est un b\u00e2timent embl\u00e9matique, comparable \u00e0 la Maison Blanche et connu dans le monde entier\u00a0\u00bb.<\/p>\n<p data-end=\"2038\" data-start=\"1755\">En dehors des c\u00e9r\u00e9monies officielles, le palais est surtout un lieu touristique, ouvert au public l\u2019\u00e9t\u00e9, et qui attire plus de 500\u00a0000 visiteurs chaque ann\u00e9e.<\/p>\n<p>\u00ab\u00a0Une baisse du soutien de ses sujets\u00a0\u00bb<\/p>\n<p data-end=\"2311\" data-start=\"2040\">Pour Amanda Platell, chroniqueuse au <a href=\"https:\/\/www.dailymail.co.uk\/news\/royals\/article-15013717\/AMANDA-PLATELL-Prince-William-needs-man-new-obsession-suggests-forgotten-late-Queen-stood-fear-future.html\" target=\"_self\" rel=\"nofollow noopener\">Daily Mail<\/a>, voir le futur roi vivre \u00e0 Forest Lodge plut\u00f4t qu\u2019\u00e0 Buckingham pourrait nuire \u00e0 l\u2019image de la monarchie.\u00a0\u00bbJe crains qu\u2019un futur roi \u00e0 temps partiel cach\u00e9 \u00e0 Forest Lodge\u2026 puisse entra\u00eener une baisse du soutien de ses sujets\u00a0\u00bb, \u00e9crit-elle.<\/p>\n<p data-end=\"2696\" data-is-last-node=\"\" data-is-only-node=\"\" data-start=\"2313\">Le d\u00e9m\u00e9nagement de William et Kate r\u00e9pond aussi \u00e0 des raisons personnelles\u00a0: apr\u00e8s les \u00e9preuves li\u00e9es \u00e0 la maladie de la princesse de Galles, le couple cherche une vie plus calme et stable pour ses enfants. Mais ce choix pose une vraie question d\u2019avenir pour la monarchie\u00a0: peut-elle continuer \u00e0 exister sans \u00eatre pleinement incarn\u00e9e \u00e0 Buckingham\u00a0? Pour beaucoup, la r\u00e9ponse est non.<\/p>\n","protected":false},"excerpt":{"rendered":"l&rsquo;essentiel Alors que William et Kate choisissent de s\u2019installer \u00e0 Windsor, l\u2019avenir de la r\u00e9sidence royale historique, d\u00e9sert\u00e9e&hellip;\n","protected":false},"author":2,"featured_media":344412,"comment_status":"","ping_status":"","sticky":false,"template":"","format":"standard","meta":{"footnotes":""},"categories":[1588],"tags":[11,1777,674,12,473,1853,1851,1850,1852],"class_list":{"0":"post-344411","1":"post","2":"type-post","3":"status-publish","4":"format-standard","5":"has-post-thumbnail","7":"category-royaume-uni","8":"tag-actualites","9":"tag-eu","10":"tag-europe","11":"tag-news","12":"tag-royaume-uni","13":"tag-royaume-uni-de-grande-bretagne-et-dirlande-du-nord","14":"tag-uk","15":"tag-united-kingdom","16":"tag-united-kingdom-of-great-britain-and-northern-ireland"},"share_on_mastodon":{"url":"https:\/\/pubeurope.com\/@fr\/115093301083084236","error":""},"_links":{"self":[{"href":"https:\/\/www.europesays.com\/fr\/wp-json\/wp\/v2\/posts\/344411","targetHints":{"allow":["GET"]}}],"collection":[{"href":"https:\/\/www.europesays.com\/fr\/wp-json\/wp\/v2\/posts"}],"about":[{"href":"https:\/\/www.europesays.com\/fr\/wp-json\/wp\/v2\/types\/post"}],"author":[{"embeddable":true,"href":"https:\/\/www.europesays.com\/fr\/wp-json\/wp\/v2\/users\/2"}],"replies":[{"embeddable":true,"href":"https:\/\/www.europesays.com\/fr\/wp-json\/wp\/v2\/comments?post=344411"}],"version-history":[{"count":0,"href":"https:\/\/www.europesays.com\/fr\/wp-json\/wp\/v2\/posts\/344411\/revisions"}],"wp:featuredmedia":[{"embeddable":true,"href":"https:\/\/www.europesays.com\/fr\/wp-json\/wp\/v2\/media\/344412"}],"wp:attachment":[{"href":"https:\/\/www.europesays.com\/fr\/wp-json\/wp\/v2\/media?parent=344411"}],"wp:term":[{"taxonomy":"category","embeddable":true,"href":"https:\/\/www.europesays.com\/fr\/wp-json\/wp\/v2\/categories?post=344411"},{"taxonomy":"post_tag","embeddable":true,"href":"https:\/\/www.europesays.com\/fr\/wp-json\/wp\/v2\/tags?post=344411"}],"curies":[{"name":"wp","href":"https:\/\/api.w.org\/{rel}","templated":true}]}}