{"id":344413,"date":"2025-08-26T04:59:10","date_gmt":"2025-08-26T04:59:10","guid":{"rendered":"https:\/\/www.europesays.com\/fr\/344413\/"},"modified":"2025-08-26T04:59:10","modified_gmt":"2025-08-26T04:59:10","slug":"journee-mondiale-du-chien-un-impot-sur-les-toutous-en-allemagne","status":"publish","type":"post","link":"https:\/\/www.europesays.com\/fr\/344413\/","title":{"rendered":"Journ\u00e9e mondiale du chien : un impot sur les toutous en Allemagne ?"},"content":{"rendered":"<p>C\u2019est aujourd\u2019hui la journ\u00e9e mondiale du chien\u2026 Vous avez peut-\u00eatre un ami \u00e0 quatre pattes \u00e0 la maison. Mais en avoir un chez nos voisins allemands peut vous co\u00fbter cher\u00a0!<\/p>\n<p>En Allemagne, poss\u00e9der un chien est un v\u00e9ritable engagement encadr\u00e9 par des taxes et des r\u00e8gles strictes.<\/p>\n<p>Chaque animal est inscrit d\u00e8s l&rsquo;\u00e2ge de trois mois au registre communal, avec une taxe variant selon la ville et la race, de 90 \u20ac \u00e0 Hambourg jusqu\u2019\u00e0 plus de 1000 \u20ac ailleurs.<\/p>\n<p>Objectif\u00a0: responsabiliser les ma\u00eetres, limiter les abandons et financer l\u2019entretien des villes.<\/p>\n<p>Les propri\u00e9taires doivent aussi passer un \u201cpermis de d\u00e9tention de chien\u201d avec tests th\u00e9oriques et pratiques.<\/p>\n<p>R\u00e9sultat\u00a0: l\u2019Allemagne est l\u2019un des pays les plus dog-friendly d\u2019Europe.<\/p>\n","protected":false},"excerpt":{"rendered":"C\u2019est aujourd\u2019hui la journ\u00e9e mondiale du chien\u2026 Vous avez peut-\u00eatre un ami \u00e0 quatre pattes \u00e0 la maison.&hellip;\n","protected":false},"author":2,"featured_media":344414,"comment_status":"","ping_status":"","sticky":false,"template":"","format":"standard","meta":{"footnotes":""},"categories":[1587],"tags":[11,672,1804,1805,1803,1777,674,1801,12,1802],"class_list":{"0":"post-344413","1":"post","2":"type-post","3":"status-publish","4":"format-standard","5":"has-post-thumbnail","7":"category-allemagne","8":"tag-actualites","9":"tag-allemagne","10":"tag-bundesrepublik-deutschland","11":"tag-de","12":"tag-deutschland","13":"tag-eu","14":"tag-europe","15":"tag-germany","16":"tag-news","17":"tag-republique-federale-dallemagne"},"share_on_mastodon":{"url":"https:\/\/pubeurope.com\/@fr\/115093304981817060","error":""},"_links":{"self":[{"href":"https:\/\/www.europesays.com\/fr\/wp-json\/wp\/v2\/posts\/344413","targetHints":{"allow":["GET"]}}],"collection":[{"href":"https:\/\/www.europesays.com\/fr\/wp-json\/wp\/v2\/posts"}],"about":[{"href":"https:\/\/www.europesays.com\/fr\/wp-json\/wp\/v2\/types\/post"}],"author":[{"embeddable":true,"href":"https:\/\/www.europesays.com\/fr\/wp-json\/wp\/v2\/users\/2"}],"replies":[{"embeddable":true,"href":"https:\/\/www.europesays.com\/fr\/wp-json\/wp\/v2\/comments?post=344413"}],"version-history":[{"count":0,"href":"https:\/\/www.europesays.com\/fr\/wp-json\/wp\/v2\/posts\/344413\/revisions"}],"wp:featuredmedia":[{"embeddable":true,"href":"https:\/\/www.europesays.com\/fr\/wp-json\/wp\/v2\/media\/344414"}],"wp:attachment":[{"href":"https:\/\/www.europesays.com\/fr\/wp-json\/wp\/v2\/media?parent=344413"}],"wp:term":[{"taxonomy":"category","embeddable":true,"href":"https:\/\/www.europesays.com\/fr\/wp-json\/wp\/v2\/categories?post=344413"},{"taxonomy":"post_tag","embeddable":true,"href":"https:\/\/www.europesays.com\/fr\/wp-json\/wp\/v2\/tags?post=344413"}],"curies":[{"name":"wp","href":"https:\/\/api.w.org\/{rel}","templated":true}]}}