{"id":344417,"date":"2025-08-26T05:01:15","date_gmt":"2025-08-26T05:01:15","guid":{"rendered":"https:\/\/www.europesays.com\/fr\/344417\/"},"modified":"2025-08-26T05:01:15","modified_gmt":"2025-08-26T05:01:15","slug":"alsace-pour-linfluenceuse-solene-callarec-proche-de-lena-situations-strasbourg-a-toujours-eu-un-gout-de-vacances","status":"publish","type":"post","link":"https:\/\/www.europesays.com\/fr\/344417\/","title":{"rendered":"Alsace. Pour l\u2019influenceuse Solene Callarec, proche de L\u00e9na Situations, \u00ab\u00a0Strasbourg a toujours eu un go\u00fbt de vacances\u00a0\u00bb"},"content":{"rendered":"<p>N\u00e9e \u00e0 Paris, Solene Callarec a grandi dans le m\u00eame immeuble que L\u00e9na Mahfouf, alias L\u00e9na Situations, la premi\u00e8re Youtubeuse de France qui cumule pr\u00e8s de 3\u00a0millions d\u2019abonn\u00e9s sur cette m\u00eame plateforme. Cette proximit\u00e9 a tr\u00e8s t\u00f4t scell\u00e9 leur complicit\u00e9. \u00ab\u00a0Quand je suis n\u00e9e, on \u00e9tait d\u00e9j\u00e0 voisines. J\u2019\u00e9tais un b\u00e9b\u00e9 qui pleurait beaucoup, et sa maman a propos\u00e9 \u00e0 la mienne de me garder pour l\u2019aider un peu\u00a0\u00bb, raconte-t-elle en souriant. Depuis, elles ne se sont plus quitt\u00e9es, c\u2019\u00e9tait il y a vingt-sept ans.<\/p>\n<p>Si son histoire commence dans la capitale, son attachement \u00e0 Strasbourg&#8230;<\/p>\n","protected":false},"excerpt":{"rendered":"N\u00e9e \u00e0 Paris, Solene Callarec a grandi dans le m\u00eame immeuble que L\u00e9na Mahfouf, alias L\u00e9na Situations, la&hellip;\n","protected":false},"author":2,"featured_media":344418,"comment_status":"","ping_status":"","sticky":false,"template":"","format":"standard","meta":{"footnotes":""},"categories":[1586],"tags":[11,2389,1687,2880,1777,674,1779,107,1011,27,3035,15108,12,25,640,2879,1778,364],"class_list":{"0":"post-344417","1":"post","2":"type-post","3":"status-publish","4":"format-standard","5":"has-post-thumbnail","7":"category-europe","8":"tag-actualites","9":"tag-alsace","10":"tag-culture-loisirs","11":"tag-edition-strasbourg","12":"tag-eu","13":"tag-europe","14":"tag-european-union","15":"tag-fil-info","16":"tag-fr","17":"tag-france","18":"tag-la-matinale-strasbourg","19":"tag-magazine-lifestyle","20":"tag-news","21":"tag-republique-francaise","22":"tag-strasbourg","23":"tag-strasbourg-ville","24":"tag-ue","25":"tag-union-europeenne"},"share_on_mastodon":{"url":"https:\/\/pubeurope.com\/@fr\/115093312954216759","error":""},"_links":{"self":[{"href":"https:\/\/www.europesays.com\/fr\/wp-json\/wp\/v2\/posts\/344417","targetHints":{"allow":["GET"]}}],"collection":[{"href":"https:\/\/www.europesays.com\/fr\/wp-json\/wp\/v2\/posts"}],"about":[{"href":"https:\/\/www.europesays.com\/fr\/wp-json\/wp\/v2\/types\/post"}],"author":[{"embeddable":true,"href":"https:\/\/www.europesays.com\/fr\/wp-json\/wp\/v2\/users\/2"}],"replies":[{"embeddable":true,"href":"https:\/\/www.europesays.com\/fr\/wp-json\/wp\/v2\/comments?post=344417"}],"version-history":[{"count":0,"href":"https:\/\/www.europesays.com\/fr\/wp-json\/wp\/v2\/posts\/344417\/revisions"}],"wp:featuredmedia":[{"embeddable":true,"href":"https:\/\/www.europesays.com\/fr\/wp-json\/wp\/v2\/media\/344418"}],"wp:attachment":[{"href":"https:\/\/www.europesays.com\/fr\/wp-json\/wp\/v2\/media?parent=344417"}],"wp:term":[{"taxonomy":"category","embeddable":true,"href":"https:\/\/www.europesays.com\/fr\/wp-json\/wp\/v2\/categories?post=344417"},{"taxonomy":"post_tag","embeddable":true,"href":"https:\/\/www.europesays.com\/fr\/wp-json\/wp\/v2\/tags?post=344417"}],"curies":[{"name":"wp","href":"https:\/\/api.w.org\/{rel}","templated":true}]}}