{"id":344421,"date":"2025-08-26T05:03:21","date_gmt":"2025-08-26T05:03:21","guid":{"rendered":"https:\/\/www.europesays.com\/fr\/344421\/"},"modified":"2025-08-26T05:03:21","modified_gmt":"2025-08-26T05:03:21","slug":"letau-se-resserre-pour-gianluigi-donnarumma","status":"publish","type":"post","link":"https:\/\/www.europesays.com\/fr\/344421\/","title":{"rendered":"L&rsquo;\u00e9tau se resserre pour Gianluigi Donnarumma &#8230;"},"content":{"rendered":"<p><img width=\"700\" height=\"350\" src=\"https:\/\/www.europesays.com\/fr\/wp-content\/uploads\/2025\/08\/Donnarumma.jpg\" class=\"attachment-jannah-image-post size-jannah-image-post wp-post-image\" alt=\"Donnarumma\" is_main_img=\"1\" decoding=\"async\" fetchpriority=\"high\"  \/><br \/>\n Image :<br \/>\npsg.fr<\/p>\n<p>Depuis le recrutement de <strong>Lucas Chevalier<\/strong>,<br \/>\nles choses sont claires : <strong>Gianluigi Donnarumma<\/strong> est<br \/>\npouss\u00e9 vers la sortie. Cependant, reste \u00e0 trouver une porte de<br \/>\nsortie sur le march\u00e9 des transferts pour le portier italien, et<br \/>\ntout pourrait ne pas se passer comme pr\u00e9vu.<\/p>\n<p>Le <strong><a href=\"https:\/\/canal-supporters.com\/\" target=\"_blank\" rel=\"noopener\">PSG<\/a><\/strong> a fait son choix<br \/>\nentre <strong>Gianluigi Donnarumma<\/strong> et <strong>Lucas<br \/>\nChevalier<\/strong>. Le portier italien est pouss\u00e9 vers la sortie<br \/>\napr\u00e8s le recrutement du Fran\u00e7ais. Apr\u00e8s une saison 2024 \/ 2025<br \/>\nhistorique en <strong>Rouge &amp; Bleu<\/strong>, l\u2019ancien de<br \/>\nl\u2019<strong>AC Milan<\/strong> doit d\u00e9sormais se trouver un nouveau<br \/>\npoint de chute. Et si tout semblait \u00e9vident, \u00e0 une semaine de la<br \/>\nfermeture des portes du march\u00e9 des transferts, l\u2019\u00e9tau se resserre<br \/>\npour <strong>Donnarumma<\/strong>. En effet, nos confr\u00e8res<br \/>\nbritanniques de Sky Sport d\u00e9mentent l\u2019information qui fait<br \/>\n\u00e9tat d\u2019un accord entre le joueur et <strong>Manchester<br \/>\nCity<\/strong>, et \u00e9voquent la volont\u00e9 du club de <strong>Premier<br \/>\nLeague<\/strong> de garder <strong>Ederson<\/strong>. Une volont\u00e9 qui<br \/>\nvient s\u2019ajouter aux n\u00e9gociations compliqu\u00e9es entre<br \/>\n<strong>Manchester City<\/strong> et le <strong>PSG<\/strong> qui<br \/>\npourraient rendre l\u2019op\u00e9ration compliqu\u00e9e. En effet, les champions<br \/>\nd\u2019Europe en attendent entre 40 et 50 millions d\u2019euros, quand les<br \/>\nCitizens \u00e9valuent <strong>Gianluigi Donnarumma<\/strong> \u00e0<br \/>\nmoins que \u00e7a avec un an de contrat courant. Les positions sont donc<br \/>\n\u00e9loign\u00e9es, et paraissent difficiles \u00e0 rapprocher en seulement<br \/>\nquelques jours. \u00ab\u00a0Mais \u00e0 un peu plus d\u2019une semaine de la<br \/>\nfin du mercato, rien ne garantit qu\u2019il rejoindra Manchester City, \u00e0<br \/>\nmoins qu\u2019Ederson ne quitte le club\u00ab\u00a0, relate Sky<br \/>\nSport \u00e0 propos de <strong>Gianluigi Donnarumma<\/strong>.<\/p>\n<\/p>\n<p>YouTube : <a href=\"https:\/\/www.youtube.com\/watch?v=b200ARvF_x0&amp;t=226s\" target=\"_blank\" rel=\"noopener\">Canal<br \/>\nSupporters Paris<\/a><\/p>\n","protected":false},"excerpt":{"rendered":"Image : psg.fr Depuis le recrutement de Lucas Chevalier, les choses sont claires : Gianluigi Donnarumma est pouss\u00e9&hellip;\n","protected":false},"author":2,"featured_media":330383,"comment_status":"","ping_status":"","sticky":false,"template":"","format":"standard","meta":{"footnotes":""},"categories":[2],"tags":[11,81,13121,15186,1011,27,10528,48064,16663,1434,10553,26623,1435,12,91,92,93,25,96],"class_list":{"0":"post-344421","1":"post","2":"type-post","3":"status-publish","4":"format-standard","5":"has-post-thumbnail","7":"category-actualites","8":"tag-actualites","9":"tag-canal-supporters","10":"tag-donnarumma","11":"tag-donnarumma-psg","12":"tag-fr","13":"tag-france","14":"tag-gianluigi-donnarumma","15":"tag-gianluigi-donnarumma-psg","16":"tag-manchester-city","17":"tag-mercato","18":"tag-mercato-2025","19":"tag-mercato-estival","20":"tag-mercato-psg","21":"tag-news","22":"tag-paris-saint-germain","23":"tag-paris-sg","24":"tag-psg","25":"tag-republique-francaise","26":"tag-une"},"share_on_mastodon":{"url":"https:\/\/pubeurope.com\/@fr\/115093320761141291","error":""},"_links":{"self":[{"href":"https:\/\/www.europesays.com\/fr\/wp-json\/wp\/v2\/posts\/344421","targetHints":{"allow":["GET"]}}],"collection":[{"href":"https:\/\/www.europesays.com\/fr\/wp-json\/wp\/v2\/posts"}],"about":[{"href":"https:\/\/www.europesays.com\/fr\/wp-json\/wp\/v2\/types\/post"}],"author":[{"embeddable":true,"href":"https:\/\/www.europesays.com\/fr\/wp-json\/wp\/v2\/users\/2"}],"replies":[{"embeddable":true,"href":"https:\/\/www.europesays.com\/fr\/wp-json\/wp\/v2\/comments?post=344421"}],"version-history":[{"count":0,"href":"https:\/\/www.europesays.com\/fr\/wp-json\/wp\/v2\/posts\/344421\/revisions"}],"wp:featuredmedia":[{"embeddable":true,"href":"https:\/\/www.europesays.com\/fr\/wp-json\/wp\/v2\/media\/330383"}],"wp:attachment":[{"href":"https:\/\/www.europesays.com\/fr\/wp-json\/wp\/v2\/media?parent=344421"}],"wp:term":[{"taxonomy":"category","embeddable":true,"href":"https:\/\/www.europesays.com\/fr\/wp-json\/wp\/v2\/categories?post=344421"},{"taxonomy":"post_tag","embeddable":true,"href":"https:\/\/www.europesays.com\/fr\/wp-json\/wp\/v2\/tags?post=344421"}],"curies":[{"name":"wp","href":"https:\/\/api.w.org\/{rel}","templated":true}]}}