{"id":344424,"date":"2025-08-26T05:07:16","date_gmt":"2025-08-26T05:07:16","guid":{"rendered":"https:\/\/www.europesays.com\/fr\/344424\/"},"modified":"2025-08-26T05:07:16","modified_gmt":"2025-08-26T05:07:16","slug":"super-league-un-dragon-dans-lequipe-de-la-semaine-en-super-league-rugby-a-xiii","status":"publish","type":"post","link":"https:\/\/www.europesays.com\/fr\/344424\/","title":{"rendered":"Super League &#8211; Un Dragon dans l&rsquo;\u00e9quipe de la semaine en Super League &#8211; Rugby \u00e0 XIII"},"content":{"rendered":"<p style=\"text-align: justify;\"><strong>Auteur d\u2019une belle prestation face \u00e0 Castleford, le centre des Dragons Catalans Reimis Smith figure dans l\u2019\u00e9quipe de la semaine en Super League.<\/strong><\/p>\n<p style=\"text-align: justify;\">C\u2019est une r\u00e9compense m\u00e9rit\u00e9e pour le centre des Dragons Catalans revenu \u00e0 la comp\u00e9tition il y a peu. Longtemps bless\u00e9 et g\u00ean\u00e9 par des douleurs au dos en milieu de saison, le centre n\u00e9o-z\u00e9landais a c\u00e9l\u00e9br\u00e9 son retour par un match abouti. Auteur du premier essai du match <a href=\"https:\/\/treizemondial.fr\/les-dragons-catalans-ne-font-quune-bouchee-de-castleford\/\" target=\"_blank\" rel=\"noopener\">face \u00e0 Castleford<\/a> gr\u00e2ce \u00e0 une belle passe saut\u00e9e de Luke Keary, il donne ensuite l\u2019avantage aux siens en plein sur la corne de la mi-temps, l\u00e0 encore gr\u00e2ce \u00e0 une passe de Luke Keary. Alors que les Dragons d\u00e9roulent en seconde p\u00e9riode, Nick Cotric perce \u00e0 30 secondes de la fin du match et envoie Reimis Smith en dame pour un tripl\u00e9.<\/p>\n<blockquote class=\"instagram-media\" data-instgrm-captioned=\"\" data-instgrm-permalink=\"https:\/\/www.instagram.com\/p\/DNxvlkJXlrn\/?utm_source=ig_embed&amp;utm_campaign=loading\" data-instgrm-version=\"14\" style=\" background:#FFF; border:0; border-radius:3px; box-shadow:0 0 1px 0 rgba(0,0,0,0.5),0 1px 10px 0 rgba(0,0,0,0.15); margin: 1px; max-width:500px; min-width:326px; padding:0; width:99.375%; width:-webkit-calc(100% - 2px); width:calc(100% - 2px);\">\n<\/blockquote>\n<p>        <script async src=\"\/\/www.instagram.com\/embed.js\"><\/script><\/p>\n","protected":false},"excerpt":{"rendered":"Auteur d\u2019une belle prestation face \u00e0 Castleford, le centre des Dragons Catalans Reimis Smith figure dans l\u2019\u00e9quipe de&hellip;\n","protected":false},"author":2,"featured_media":344425,"comment_status":"","ping_status":"","sticky":false,"template":"","format":"standard","meta":{"footnotes":""},"categories":[1416],"tags":[3248,1011,27,48065,479,2228,1468,2229,60,4474],"class_list":{"0":"post-344424","1":"post","2":"type-post","3":"status-publish","4":"format-standard","5":"has-post-thumbnail","7":"category-rugby","8":"tag-dragons-catalans","9":"tag-fr","10":"tag-france","11":"tag-reimis-smith","12":"tag-rugby","13":"tag-rugby-a-xiii","14":"tag-rugby-football","15":"tag-rugby-league","16":"tag-sports","17":"tag-super-league"},"share_on_mastodon":{"url":"https:\/\/pubeurope.com\/@fr\/115093336509016213","error":""},"_links":{"self":[{"href":"https:\/\/www.europesays.com\/fr\/wp-json\/wp\/v2\/posts\/344424","targetHints":{"allow":["GET"]}}],"collection":[{"href":"https:\/\/www.europesays.com\/fr\/wp-json\/wp\/v2\/posts"}],"about":[{"href":"https:\/\/www.europesays.com\/fr\/wp-json\/wp\/v2\/types\/post"}],"author":[{"embeddable":true,"href":"https:\/\/www.europesays.com\/fr\/wp-json\/wp\/v2\/users\/2"}],"replies":[{"embeddable":true,"href":"https:\/\/www.europesays.com\/fr\/wp-json\/wp\/v2\/comments?post=344424"}],"version-history":[{"count":0,"href":"https:\/\/www.europesays.com\/fr\/wp-json\/wp\/v2\/posts\/344424\/revisions"}],"wp:featuredmedia":[{"embeddable":true,"href":"https:\/\/www.europesays.com\/fr\/wp-json\/wp\/v2\/media\/344425"}],"wp:attachment":[{"href":"https:\/\/www.europesays.com\/fr\/wp-json\/wp\/v2\/media?parent=344424"}],"wp:term":[{"taxonomy":"category","embeddable":true,"href":"https:\/\/www.europesays.com\/fr\/wp-json\/wp\/v2\/categories?post=344424"},{"taxonomy":"post_tag","embeddable":true,"href":"https:\/\/www.europesays.com\/fr\/wp-json\/wp\/v2\/tags?post=344424"}],"curies":[{"name":"wp","href":"https:\/\/api.w.org\/{rel}","templated":true}]}}