{"id":344427,"date":"2025-08-26T05:10:10","date_gmt":"2025-08-26T05:10:10","guid":{"rendered":"https:\/\/www.europesays.com\/fr\/344427\/"},"modified":"2025-08-26T05:10:10","modified_gmt":"2025-08-26T05:10:10","slug":"motogp-apres-larrivee-a-balaton-park-revolution-dans-le-classement-des-equipes","status":"publish","type":"post","link":"https:\/\/www.europesays.com\/fr\/344427\/","title":{"rendered":"MotoGP Apr\u00e8s l&rsquo;arriv\u00e9e \u00e0 Balaton Park, r\u00e9volution dans le classement des \u00e9quipes !"},"content":{"rendered":"<p>A l\u2019issue du Grand-Prix de Hongrie de MotoGP, un changement majeur a \u00e9t\u00e9 op\u00e9r\u00e9. En effet, pour la premi\u00e8re fois depuis bien longtemps, le Honda HRC est pass\u00e9 devant l\u2019\u00e9quipe satellite, LCR ! Car jusqu\u2019ici, avec un seul pilote marquant des points, la formation de Lucio Cecchinello avait tenu en respect le Team officiel. Evidemment, l\u2019absence de deuxi\u00e8me pilote n\u2019a pas aid\u00e9 l\u2019\u00e9quipe mon\u00e9gasque\u2026<\/p>\n<p>MotoGP : la r\u00e9bellion du HRC face au LCR !<\/p>\n<p>Mais c\u2019est aussi et surtout la baisse de r\u00e9gime de Johann Zarco, conjugu\u00e9e au retour en forme des Honda officielles, qui a contribu\u00e9 \u00e0 cette petite r\u00e9volution. Avec une situation assez \u00e9trange, le tricolore r\u00e9p\u00e9tant ne pas disposer des derni\u00e8res \u00e9volutions (chose qui serait purement honteuse, compte tenu des engagements initiaux du Japonais \u00e0 son \u00e9gard) tandis que son patron affirme que la machine du num\u00e9ro 5 est identique \u00e0 200% \u00e0 celles de Joan Mir et Luca Marini\u2026<\/p>\n<blockquote class=\"twitter-tweet\">\n<p dir=\"ltr\" lang=\"en\">A memorable first visit to the <a href=\"https:\/\/twitter.com\/hashtag\/HungarianGP?src=hash&amp;ref_src=twsrc%5Etfw\" target=\"_blank\" rel=\"noopener\">#HungarianGP<\/a> for us, a good step but plenty still to be done.<\/p>\n<p>\ud83c\udd7f\ufe0f5\ufe0f\u20e3 \u201cAn incredible feeling to end the race today\u201d <a href=\"https:\/\/twitter.com\/Luca_Marini_97?ref_src=twsrc%5Etfw\" target=\"_blank\" rel=\"noopener\">@Luca_Marini_97<\/a><\/p>\n<p>\u274c\u274c \u201cDisappointed today but overall it\u2019s a positive weekend for us\u201d <a href=\"https:\/\/twitter.com\/JoanMirOfficial?ref_src=twsrc%5Etfw\" target=\"_blank\" rel=\"noopener\">@JoanMirOfficial<\/a><\/p>\n<p>\ud83d\udcc4 <a href=\"https:\/\/t.co\/UjqyxinqWF\">https:\/\/t.co\/UjqyxinqWF<\/a> <a href=\"https:\/\/t.co\/fYzgrhkuAg\">pic.twitter.com\/fYzgrhkuAg<\/a><\/p>\n<p>\u2014 Honda HRC Castrol \u2013 MotoGP (@HRC_MotoGP) <a href=\"https:\/\/twitter.com\/HRC_MotoGP\/status\/1959630268282925510?ref_src=twsrc%5Etfw\" target=\"_blank\" rel=\"noopener\">August 24, 2025<\/a><\/p>\n<\/blockquote>\n<p>Quoiqu\u2019il en soit, les deux top cinq r\u00e9alis\u00e9s par Luca Marini samedi et dimanche en Hongrie, face au double-abandon de JZ5, ont permis au HRC de refaire son retard et m\u00eame, de d\u00e9passer LCR. Neuvi\u00e8me avec 118 points, contre 115 au Lucio Cecchinello Racing, c\u2019est un symbole. Qui confirme surtout, bien au-del\u00e0 de cette bataille interne, qu\u2019Honda est revenu. Pour rappel, l\u2019ann\u00e9e prochaine, le Team officiel avait termin\u00e9 la saison derri\u00e8re le Team satellite. Il est vrai, un grande partie gr\u00e2ce \u00e0 Johann Zarco.<\/p>\n<p>Reste, aussi, cette r\u00e9alit\u00e9 \u00e9tonnante, de voir LCR avant-derni\u00e8re du g\u00e9n\u00e9ral des \u00e9quipes, avec pourtant deux podiums dont une victoire. Tandis que Yamaha, Pramac, KTM, Trackhouse, Tech3 et m\u00eame, le VR46, n\u2019ont pas gagn\u00e9 le moindre Grand-Prix, pour l\u2019instant.<\/p>\n<p>Place au classement complet apr\u00e8s le Balaton Park et en attendant Barcelone.<\/p>\n<tr class=\"standings-table__body-row\">\n<td class=\"standings-table__body-cell standings-table__body-cell--pos u-hide-tablet\">1<\/td>\n<td class=\"standings-table__body-cell standings-table__body-cell--team \">L\u2019\u00e9quipe Ducati Lenovo<\/td>\n<td class=\"standings-table__body-cell standings-table__body-cell--points\">683 points<\/td>\n<\/tr>\n<tr class=\"standings-table__body-row\">\n<td class=\"standings-table__body-cell standings-table__body-cell--pos u-hide-tablet\">2<\/td>\n<td class=\"standings-table__body-cell standings-table__body-cell--team \">BK8 Gresini Racing MotoGP<\/td>\n<td class=\"standings-table__body-cell standings-table__body-cell--points\">406 points<\/td>\n<\/tr>\n<tr class=\"standings-table__body-row\">\n<td class=\"standings-table__body-cell standings-table__body-cell--pos u-hide-tablet\">3<\/td>\n<td class=\"standings-table__body-cell standings-table__body-cell--team \">\u00c9quipe de course Pertamina Enduro VR46<\/td>\n<td class=\"standings-table__body-cell standings-table__body-cell--points\">315 points<\/td>\n<\/tr>\n<tr class=\"standings-table__body-row\">\n<td class=\"standings-table__body-cell standings-table__body-cell--pos u-hide-tablet\">4<\/td>\n<td class=\"standings-table__body-cell standings-table__body-cell--team \">Red Bull KTM Factory Racing<\/td>\n<td class=\"standings-table__body-cell standings-table__body-cell--points\">255 points<\/td>\n<\/tr>\n<tr class=\"standings-table__body-row\">\n<td class=\"standings-table__body-cell standings-table__body-cell--pos u-hide-tablet\">5<\/td>\n<td class=\"standings-table__body-cell standings-table__body-cell--team \">Aprilia Racing<\/td>\n<td class=\"standings-table__body-cell standings-table__body-cell--points\">228 points<\/td>\n<\/tr>\n<tr class=\"standings-table__body-row\">\n<td class=\"standings-table__body-cell standings-table__body-cell--pos u-hide-tablet\">6<\/td>\n<td class=\"standings-table__body-cell standings-table__body-cell--team \">Monster Energy Yamaha MotoGP Team<\/td>\n<td class=\"standings-table__body-cell standings-table__body-cell--points\">154 points<\/td>\n<\/tr>\n<tr class=\"standings-table__body-row\">\n<td class=\"standings-table__body-cell standings-table__body-cell--pos u-hide-tablet\">7<\/td>\n<td class=\"standings-table__body-cell standings-table__body-cell--team \">Red Bull KTM Tech3<\/td>\n<td class=\"standings-table__body-cell standings-table__body-cell--points\">148 points<\/td>\n<\/tr>\n<tr class=\"standings-table__body-row\">\n<td class=\"standings-table__body-cell standings-table__body-cell--pos u-hide-tablet\">8<\/td>\n<td class=\"standings-table__body-cell standings-table__body-cell--team \">Trackhouse MotoGP Team<\/td>\n<td class=\"standings-table__body-cell standings-table__body-cell--points\">131 points<\/td>\n<\/tr>\n<tr class=\"standings-table__body-row\">\n<td class=\"standings-table__body-cell standings-table__body-cell--pos u-hide-tablet\">9<\/td>\n<td class=\"standings-table__body-cell standings-table__body-cell--team \">Honda HRC Castrol<\/td>\n<td class=\"standings-table__body-cell standings-table__body-cell--points\">118 points<\/td>\n<\/tr>\n<tr class=\"standings-table__body-row\">\n<td class=\"standings-table__body-cell standings-table__body-cell--pos u-hide-tablet\">10<\/td>\n<td class=\"standings-table__body-cell standings-table__body-cell--team \">LCR Honda<\/td>\n<td class=\"standings-table__body-cell standings-table__body-cell--points\">115 points<\/td>\n<\/tr>\n<tr class=\"standings-table__body-row\">\n<td class=\"standings-table__body-cell standings-table__body-cell--pos u-hide-tablet\">11<\/td>\n<td class=\"standings-table__body-cell standings-table__body-cell--team \">Pramac Yamaha 65 points<\/td>\n<\/tr>\n<p>Article publi\u00e9 le 26\/08\/2025 \u00e0 5h45<\/p>\n<p>                                                            <script async src=\"https:\/\/platform.twitter.com\/widgets.js\" charset=\"utf-8\"><\/script><\/p>\n","protected":false},"excerpt":{"rendered":"A l\u2019issue du Grand-Prix de Hongrie de MotoGP, un changement majeur a \u00e9t\u00e9 op\u00e9r\u00e9. En effet, pour la&hellip;\n","protected":false},"author":2,"featured_media":344428,"comment_status":"","ping_status":"","sticky":false,"template":"","format":"standard","meta":{"footnotes":""},"categories":[1413],"tags":[1981,1011,27,1457,1456,1458,60],"class_list":{"0":"post-344427","1":"post","2":"type-post","3":"status-publish","4":"format-standard","5":"has-post-thumbnail","7":"category-moto","8":"tag-classement","9":"tag-fr","10":"tag-france","11":"tag-moto","12":"tag-motocycle","13":"tag-motogp","14":"tag-sports"},"share_on_mastodon":{"url":"https:\/\/pubeurope.com\/@fr\/115093348301996152","error":""},"_links":{"self":[{"href":"https:\/\/www.europesays.com\/fr\/wp-json\/wp\/v2\/posts\/344427","targetHints":{"allow":["GET"]}}],"collection":[{"href":"https:\/\/www.europesays.com\/fr\/wp-json\/wp\/v2\/posts"}],"about":[{"href":"https:\/\/www.europesays.com\/fr\/wp-json\/wp\/v2\/types\/post"}],"author":[{"embeddable":true,"href":"https:\/\/www.europesays.com\/fr\/wp-json\/wp\/v2\/users\/2"}],"replies":[{"embeddable":true,"href":"https:\/\/www.europesays.com\/fr\/wp-json\/wp\/v2\/comments?post=344427"}],"version-history":[{"count":0,"href":"https:\/\/www.europesays.com\/fr\/wp-json\/wp\/v2\/posts\/344427\/revisions"}],"wp:featuredmedia":[{"embeddable":true,"href":"https:\/\/www.europesays.com\/fr\/wp-json\/wp\/v2\/media\/344428"}],"wp:attachment":[{"href":"https:\/\/www.europesays.com\/fr\/wp-json\/wp\/v2\/media?parent=344427"}],"wp:term":[{"taxonomy":"category","embeddable":true,"href":"https:\/\/www.europesays.com\/fr\/wp-json\/wp\/v2\/categories?post=344427"},{"taxonomy":"post_tag","embeddable":true,"href":"https:\/\/www.europesays.com\/fr\/wp-json\/wp\/v2\/tags?post=344427"}],"curies":[{"name":"wp","href":"https:\/\/api.w.org\/{rel}","templated":true}]}}