{"id":344433,"date":"2025-08-26T05:13:10","date_gmt":"2025-08-26T05:13:10","guid":{"rendered":"https:\/\/www.europesays.com\/fr\/344433\/"},"modified":"2025-08-26T05:13:10","modified_gmt":"2025-08-26T05:13:10","slug":"psg-trois-clubs-foncent-sur-beraldo-la-juve-concernee","status":"publish","type":"post","link":"https:\/\/www.europesays.com\/fr\/344433\/","title":{"rendered":"PSG : Trois clubs foncent sur Beraldo, la Juve concern\u00e9e"},"content":{"rendered":"<p>              <img decoding=\"async\" src=\"https:\/\/www.europesays.com\/fr\/wp-content\/uploads\/2025\/08\/psg-3-clubs-foncent-sur-beraldo-la-juve-concernee-iconsport_266997_0047-397816.jpg\" alt=\"PSG : Trois clubs foncent sur Beraldo, la Juve concern\u00e9e\"\/> <\/p>\n<p class=\"credit\">Icon Sport<\/p>\n<p class=\"the_post_info\">\n            Publi\u00e9 Lundi 25 Ao\u00fbt 2025 \u00e0 23:30  Dans\u00a0: <a href=\"https:\/\/www.foot01.com\/equipe\/paris\/\" rel=\"nofollow noopener\" target=\"_blank\">PSG<\/a>.<br \/>Par <a href=\"https:\/\/www.foot01.com\/author\/53\/\" rel=\"nofollow noopener\" target=\"_blank\">Hadrien Rivayrand<\/a>\n          <\/p>\n<p><strong>Le PSG aura encore du pain sur la planche en cette fin de march\u00e9 des transferts estival. Les champions d&rsquo;Europe pourraient notamment perdre Lucas Beraldo, qui ne manque pas de courtisans.\u00a0<\/strong><\/p>\n<p>Le Paris Saint-Germain a \u00e9t\u00e9 plut\u00f4t discret cet \u00e9t\u00e9 sur le march\u00e9 des transferts. Le club de la capitale veut miser sur la continuit\u00e9, alors que Luis Enrique est satisfait de son effectif. L&rsquo;Espagnol sait en revanche que des mouvements sont sans doute \u00e0 pr\u00e9voir dans les prochains jours au <a href=\"https:\/\/www.foot01.com\/equipe\/paris\/\" rel=\"nofollow noopener\" target=\"_blank\">PSG<\/a>. Notamment au niveau des d\u00e9parts. Lucas Beraldo fait partie des joueurs qui sont susceptibles de quitter le navire francilien. Le d\u00e9fenseur central br\u00e9silien, qui doit faire face \u00e0 une \u00e9norme concurrence au Paris Saint-Germain, pourrait \u00eatre l\u00e2ch\u00e9 par les pensionnaires du Parc des Princes.\u00a0<\/p>\n<p>Beraldo, d\u00e9part imminent du PSG ?\u00a0<\/p>\n<blockquote class=\"instagram-media\" data-instgrm-captioned=\"\" data-instgrm-permalink=\"https:\/\/www.instagram.com\/p\/DNT63W7MZyU\/?utm_source=ig_embed&amp;utm_campaign=loading\" data-instgrm-version=\"14\" style=\"background: #FFF; border: 0; border-radius: 3px; box-shadow: 0 0 1px 0 rgba(0,0,0,0.5),0 1px 10px 0 rgba(0,0,0,0.15); margin: 1px; max-width: 540px; min-width: 326px; padding: 0; width: calc(100% - 2px);\"><p>&#13;<br \/>\n&#13;\n<\/p><\/blockquote>\n<p>Selon les informations d&rsquo;Ekrem Konur, le PSG fait actuellement face \u00e0 des int\u00e9r\u00eats du Panathinaikos, de Galatasaray et de la Juventus pour Lucas Beraldo. La Vieille Dame aurait notamment abord\u00e9 le sujet lors des tractations pour Randal Kolo Muani. Mais si Paris l\u00e2chait l&rsquo;ancien de Sao Paulo, ce serait en ayant d\u00e9j\u00e0 trouv\u00e9 son rempla\u00e7ant. Le club de la capitale va donc devoir chercher la meilleure option pour anticiper un d\u00e9part de Beraldo. Encore sous contrat avec le Paris Saint-Germain jusqu&rsquo;en juin 2028, Lucas Beraldo est estim\u00e9 quelque 25 millions d&rsquo;euros par la direction francilienne. Il ne sera pas facile de le d\u00e9loger \u00e0 ce prix, m\u00eame si un pr\u00eat avec option d&rsquo;achat pourrait \u00e9galement \u00eatre une possibilit\u00e9 envisag\u00e9e par le PSG. A noter que le natif de Piracicaba reste un \u00e9l\u00e9ment appr\u00e9ci\u00e9 par Luis Enrique, qui pourrait le faire jouer au poste de lat\u00e9ral gauche cette saison lorsque Nuno Mendes aura besoin de repos ou sera bless\u00e9. Tout reste ouvert pour un Beraldo ambitieux et qui a encore une belle marge de progression.<\/p>\n<p>\u00a0<\/p>\n<p>      <script async src=\"\/\/www.instagram.com\/embed.js\"><\/script><\/p>\n","protected":false},"excerpt":{"rendered":"Icon Sport Publi\u00e9 Lundi 25 Ao\u00fbt 2025 \u00e0 23:30 Dans\u00a0: PSG.Par Hadrien Rivayrand Le PSG aura encore du&hellip;\n","protected":false},"author":2,"featured_media":344434,"comment_status":"","ping_status":"","sticky":false,"template":"","format":"standard","meta":{"footnotes":""},"categories":[1410],"tags":[63,1011,27,60],"class_list":{"0":"post-344433","1":"post","2":"type-post","3":"status-publish","4":"format-standard","5":"has-post-thumbnail","7":"category-football","8":"tag-football","9":"tag-fr","10":"tag-france","11":"tag-sports"},"share_on_mastodon":{"url":"https:\/\/pubeurope.com\/@fr\/115093360289017372","error":""},"_links":{"self":[{"href":"https:\/\/www.europesays.com\/fr\/wp-json\/wp\/v2\/posts\/344433","targetHints":{"allow":["GET"]}}],"collection":[{"href":"https:\/\/www.europesays.com\/fr\/wp-json\/wp\/v2\/posts"}],"about":[{"href":"https:\/\/www.europesays.com\/fr\/wp-json\/wp\/v2\/types\/post"}],"author":[{"embeddable":true,"href":"https:\/\/www.europesays.com\/fr\/wp-json\/wp\/v2\/users\/2"}],"replies":[{"embeddable":true,"href":"https:\/\/www.europesays.com\/fr\/wp-json\/wp\/v2\/comments?post=344433"}],"version-history":[{"count":0,"href":"https:\/\/www.europesays.com\/fr\/wp-json\/wp\/v2\/posts\/344433\/revisions"}],"wp:featuredmedia":[{"embeddable":true,"href":"https:\/\/www.europesays.com\/fr\/wp-json\/wp\/v2\/media\/344434"}],"wp:attachment":[{"href":"https:\/\/www.europesays.com\/fr\/wp-json\/wp\/v2\/media?parent=344433"}],"wp:term":[{"taxonomy":"category","embeddable":true,"href":"https:\/\/www.europesays.com\/fr\/wp-json\/wp\/v2\/categories?post=344433"},{"taxonomy":"post_tag","embeddable":true,"href":"https:\/\/www.europesays.com\/fr\/wp-json\/wp\/v2\/tags?post=344433"}],"curies":[{"name":"wp","href":"https:\/\/api.w.org\/{rel}","templated":true}]}}