{"id":344437,"date":"2025-08-26T05:15:16","date_gmt":"2025-08-26T05:15:16","guid":{"rendered":"https:\/\/www.europesays.com\/fr\/344437\/"},"modified":"2025-08-26T05:15:16","modified_gmt":"2025-08-26T05:15:16","slug":"herrere-cet-artiste-immortalise-le-pic-du-midi-dossau-sur-la-facade-dune-maison","status":"publish","type":"post","link":"https:\/\/www.europesays.com\/fr\/344437\/","title":{"rendered":"Herr\u00e8re\u00a0: cet artiste immortalise le pic du midi d\u2019Ossau sur la fa\u00e7ade d\u2019une maison"},"content":{"rendered":"<p>Ils ont fait la rencontre de Jean, alias \u00ab\u00a0Jano Majic\u00a0\u00bb, gr\u00e2ce \u00e0 un appel que ce dernier avait lanc\u00e9 sur les r\u00e9seaux sociaux\u00a0: \u00ab\u00a0J\u2019\u00e9tais \u00e0 la recherche de murs \u00e0 red\u00e9corer\u00a0\u00bb, explique cet Oloronais.<\/p>\n<p>Le trio s\u2019est mis d\u2019accord sur la r\u00e9alisation d\u2019une fresque repr\u00e9sentant la r\u00e9gion. En l\u2019espace de trois jours, Jean a finalis\u00e9 une oeuvre immortalisant le pic du midi d\u2019Ossau, et o\u00f9 l\u2019on peut \u00e9galement reconna\u00eetre des pieds de vigne, une patte d\u2019ours et un vautour.<\/p>\n<p>    La r\u00e9daction vous conseille<\/p>\n<p>                        <a href=\"https:\/\/www.larepubliquedespyrenees.fr\/environnement\/intemperies\/comment-proteger-la-vallee-de-l-escou-des-inondations-25648192.php\" title=\"Comment prot\u00e9ger la vall\u00e9e de l\u2019Escou des inondations\u00a0?\" rel=\"nofollow noopener\" target=\"_blank\"><br \/>\n                            <img decoding=\"async\" src=\"https:\/\/www.europesays.com\/fr\/wp-content\/uploads\/2025\/08\/cruevalleedelescou.jpg\" alt=\"Comment prot\u00e9ger la vall\u00e9e de l\u2019Escou des inondations\u00a0?\"\/><br \/>\n                        <\/a><\/p>\n<p>                    <a href=\"https:\/\/www.larepubliquedespyrenees.fr\/environnement\/intemperies\/comment-proteger-la-vallee-de-l-escou-des-inondations-25648192.php\" title=\"Comment prot\u00e9ger la vall\u00e9e de l\u2019Escou des inondations\u00a0?\" rel=\"nofollow noopener\" target=\"_blank\"><\/p>\n<p>\n                            Comment prot\u00e9ger la vall\u00e9e de l\u2019Escou des inondations\u00a0?\n                        <\/p>\n<p>                    <\/a><\/p>\n<p>\n                        Dans le but de limiter l\u2019effet de futures crues, des \u00e9tudes vont \u00eatre engag\u00e9es afin de r\u00e9fl\u00e9chir \u00e0 la cr\u00e9ation de deux barrages \u00e9cr\u00eateurs sur l\u2019Ab\u00e9rou et l\u2019Escou. Les habitants vont \u00eatre sollicit\u00e9s \u00e0 la rentr\u00e9e pour envisager des protections individuelles.\n                    <\/p>\n<p>Les automobilistes de la RN\u00a0134 ne peuvent pas rater ce gigantesque tableau situ\u00e9 \u00e0 la sortie d\u2019Herr\u00e8re. \u00ab\u00a0Le r\u00e9sultat final est vraiment superbe\u00a0\u00bb, se f\u00e9licite l\u2019adjoint \u00e0 la mairie d\u2019Herr\u00e8re Jean Laborde.<\/p>\n<p>On peut retrouver l\u2019artiste <a href=\"https:\/\/www.instagram.com\/janomajic\/\" target=\"_blank\" rel=\"nofollow noopener\">sur sa page Instagram \u00ab\u00a0Janomajic\u00a0\u00bb<\/a>.<\/p>\n<p>        <script async src=\"\/\/www.instagram.com\/embed.js\"><\/script><\/p>\n","protected":false},"excerpt":{"rendered":"Ils ont fait la rencontre de Jean, alias \u00ab\u00a0Jano Majic\u00a0\u00bb, gr\u00e2ce \u00e0 un appel que ce dernier avait&hellip;\n","protected":false},"author":2,"featured_media":344438,"comment_status":"","ping_status":"","sticky":false,"template":"","format":"standard","meta":{"footnotes":""},"categories":[1358],"tags":[1348,1384,1385,1386,58,59,1011,27],"class_list":{"0":"post-344437","1":"post","2":"type-post","3":"status-publish","4":"format-standard","5":"has-post-thumbnail","7":"category-arts-et-design","8":"tag-arts","9":"tag-arts-and-design","10":"tag-arts-et-design","11":"tag-design","12":"tag-divertissement","13":"tag-entertainment","14":"tag-fr","15":"tag-france"},"share_on_mastodon":{"url":"https:\/\/pubeurope.com\/@fr\/115093367924533456","error":""},"_links":{"self":[{"href":"https:\/\/www.europesays.com\/fr\/wp-json\/wp\/v2\/posts\/344437","targetHints":{"allow":["GET"]}}],"collection":[{"href":"https:\/\/www.europesays.com\/fr\/wp-json\/wp\/v2\/posts"}],"about":[{"href":"https:\/\/www.europesays.com\/fr\/wp-json\/wp\/v2\/types\/post"}],"author":[{"embeddable":true,"href":"https:\/\/www.europesays.com\/fr\/wp-json\/wp\/v2\/users\/2"}],"replies":[{"embeddable":true,"href":"https:\/\/www.europesays.com\/fr\/wp-json\/wp\/v2\/comments?post=344437"}],"version-history":[{"count":0,"href":"https:\/\/www.europesays.com\/fr\/wp-json\/wp\/v2\/posts\/344437\/revisions"}],"wp:featuredmedia":[{"embeddable":true,"href":"https:\/\/www.europesays.com\/fr\/wp-json\/wp\/v2\/media\/344438"}],"wp:attachment":[{"href":"https:\/\/www.europesays.com\/fr\/wp-json\/wp\/v2\/media?parent=344437"}],"wp:term":[{"taxonomy":"category","embeddable":true,"href":"https:\/\/www.europesays.com\/fr\/wp-json\/wp\/v2\/categories?post=344437"},{"taxonomy":"post_tag","embeddable":true,"href":"https:\/\/www.europesays.com\/fr\/wp-json\/wp\/v2\/tags?post=344437"}],"curies":[{"name":"wp","href":"https:\/\/api.w.org\/{rel}","templated":true}]}}