{"id":344439,"date":"2025-08-26T05:16:10","date_gmt":"2025-08-26T05:16:10","guid":{"rendered":"https:\/\/www.europesays.com\/fr\/344439\/"},"modified":"2025-08-26T05:16:10","modified_gmt":"2025-08-26T05:16:10","slug":"le-photographe-christophe-cieslar-recoit-un-prix-mondial-pour-son-ouvrage-pyrenight","status":"publish","type":"post","link":"https:\/\/www.europesays.com\/fr\/344439\/","title":{"rendered":"Le photographe Christophe Cieslar re\u00e7oit un prix mondial pour son ouvrage \u00ab\u00a0Pyr\u00e9night\u00a0\u00bb"},"content":{"rendered":"<p>\n                                                                Pour son livre \u00ab\u00a0Pyr\u00e9night\u00a0\u00bb, Christophe Cieslar s\u2019est vu d\u00e9cerner le prix mondial du livre d\u2019images de montagne. Une grande fiert\u00e9 et une belle surprise pour ce photographe amateur.\n                            <\/p>\n<p>Lui-m\u00eame avoue avoir \u00e9t\u00e9 surpris. Il y a quelques jours, alors qu\u2019il participait\u00a0au\u00a0salon international du livre de montagne de Passy (en Haute-Savoie), Christophe Cieslar a eu l\u2019honneur de recevoir le \u00ab\u00a0prix mondial du livre d\u2019images de montagne\u00a0\u00bb pour son\u00a0ouvrage \u00ab\u00a0Pyr\u00e9night\u00a0\u00bb, paru en d\u00e9but d\u2019ann\u00e9e.<\/p>\n<p>\u00ab\u00a0On m\u2019avait parl\u00e9 de ce prix et j\u2019avais donc envoy\u00e9 mon livre au jury pour participer, raconte le photographe pyr\u00e9n\u00e9en, qui\u00a0vit en vall\u00e9e de Batsurgu\u00e8re, pr\u00e8s de Lourdes. Puis, j\u2019ai appris lors du salon que j\u2019avais re\u00e7u le prix mondial. \u00c7\u2019a \u00e9t\u00e9 une belle surprise\u00a0! Je ne m\u2019y attendais pas\u00a0: peut-\u00eatre une mention sp\u00e9ciale mais pas le prix mondial\u2026\u00a0\u00bb<\/p>\n<p>Toute la beaut\u00e9 des Pyr\u00e9n\u00e9es<\/p>\n<p>Une r\u00e9compense qui montre toute la qualit\u00e9 des clich\u00e9s r\u00e9alis\u00e9s par Christophe, qui s\u2019est forg\u00e9 une belle r\u00e9putation dans le milieu\u00a0ces derni\u00e8res ann\u00e9es. Depuis ses d\u00e9buts comme\u00a0photographe en 2014, qui reste aujourd\u2019hui une passion pour lui (il est cuisinier de m\u00e9tier), Christophe Cieslar s\u2019est tr\u00e8s vite\u00a0sp\u00e9cialis\u00e9\u00a0dans la photographie nocturne, en ayant la chance d\u2019avoir les Pyr\u00e9n\u00e9es comme terrain de jeu \u00e0 proximit\u00e9.<\/p>\n<p>\u00ab\u00a0La nuit offre une perception radicalement diff\u00e9rente du jour, appuie le photographe lourdais. Aussi, l\u2019appareil photo peut capter des lumi\u00e8res, des d\u00e9tails et des couleurs qu\u2019on ne voit pas \u00e0 l\u2019\u0153il nu. Par exemple, quand je photographie la voie lact\u00e9e, je vais voir des centaines d\u2019\u00e9toiles avec l\u2019appareil et \u00e0 peine une dizaine \u00e0 l\u2019\u0153il nu sur la m\u00eame zone. La photographie nous permet de capter des choses qu\u2019on ne peut pas voir normalement, surtout avec la pollution lumineuse\u2026\u00a0\u00bb<\/p>\n<p>Christophe s\u2019est perfectionn\u00e9 dans son art jusqu\u2019\u00e0 publier, il y a quelques mois seulement, son premier ouvrage \u00ab\u00a0Pyr\u00e9night\u00a0\u00bb\u00a0qui, comme son nom l\u2019indique, rassemble ses plus beaux clich\u00e9s nocturnes des Pyr\u00e9n\u00e9es. \u00ab\u00a0Vous connaissez les Pyr\u00e9n\u00e9es le jour, je vous les pr\u00e9sente la nuit\u00a0\u00bb, aime r\u00e9p\u00e9ter le photographe \u00e0 propos de son livre, dont l\u2019ambition est \u00ab\u00a0de faire briller les yeux des lecteurs\u00a0\u00bb. Un ouvrage d\u00e9sormais prim\u00e9 qui fait la fiert\u00e9 de son auteur. Tout en restant humble\u00a0: \u00ab\u00a0Ce prix n\u2019est pas gr\u00e2ce \u00e0 moi mais gr\u00e2ce \u00e0 la beaut\u00e9 des Pyr\u00e9n\u00e9es\u00a0\u00bb, sourit-il.<\/p>\n<p>Pyr\u00e9night de Christophe Cieslar, 96 pages, 49\u00a0\u20ac. Disponible\u00a0\u00e0 la librairie \u00ab\u00a0Le Square\u00a0\u00bb, au centre culturel Leclerc, \u00e0 l\u2019office de tourisme de Lourdes et bien d\u2019autres endroits encore. Possibilit\u00e9 de commande au 06\u00a013\u00a082\u00a060\u00a017. Web\u00a0: <a href=\"https:\/\/www.christophe-cieslar-photographie.fr\/\" target=\"_self\" rel=\"nofollow noopener\">www.christophe-cieslar-photographie.fr<\/a><\/p>\n","protected":false},"excerpt":{"rendered":"Pour son livre \u00ab\u00a0Pyr\u00e9night\u00a0\u00bb, Christophe Cieslar s\u2019est vu d\u00e9cerner le prix mondial du livre d\u2019images de montagne. Une&hellip;\n","protected":false},"author":2,"featured_media":344440,"comment_status":"","ping_status":"","sticky":false,"template":"","format":"standard","meta":{"footnotes":""},"categories":[1357],"tags":[1379,58,59,1011,27,1380],"class_list":{"0":"post-344439","1":"post","2":"type-post","3":"status-publish","4":"format-standard","5":"has-post-thumbnail","7":"category-livres","8":"tag-books","9":"tag-divertissement","10":"tag-entertainment","11":"tag-fr","12":"tag-france","13":"tag-livres"},"share_on_mastodon":{"url":"https:\/\/pubeurope.com\/@fr\/115093371851882530","error":""},"_links":{"self":[{"href":"https:\/\/www.europesays.com\/fr\/wp-json\/wp\/v2\/posts\/344439","targetHints":{"allow":["GET"]}}],"collection":[{"href":"https:\/\/www.europesays.com\/fr\/wp-json\/wp\/v2\/posts"}],"about":[{"href":"https:\/\/www.europesays.com\/fr\/wp-json\/wp\/v2\/types\/post"}],"author":[{"embeddable":true,"href":"https:\/\/www.europesays.com\/fr\/wp-json\/wp\/v2\/users\/2"}],"replies":[{"embeddable":true,"href":"https:\/\/www.europesays.com\/fr\/wp-json\/wp\/v2\/comments?post=344439"}],"version-history":[{"count":0,"href":"https:\/\/www.europesays.com\/fr\/wp-json\/wp\/v2\/posts\/344439\/revisions"}],"wp:featuredmedia":[{"embeddable":true,"href":"https:\/\/www.europesays.com\/fr\/wp-json\/wp\/v2\/media\/344440"}],"wp:attachment":[{"href":"https:\/\/www.europesays.com\/fr\/wp-json\/wp\/v2\/media?parent=344439"}],"wp:term":[{"taxonomy":"category","embeddable":true,"href":"https:\/\/www.europesays.com\/fr\/wp-json\/wp\/v2\/categories?post=344439"},{"taxonomy":"post_tag","embeddable":true,"href":"https:\/\/www.europesays.com\/fr\/wp-json\/wp\/v2\/tags?post=344439"}],"curies":[{"name":"wp","href":"https:\/\/api.w.org\/{rel}","templated":true}]}}