{"id":344443,"date":"2025-08-26T05:18:08","date_gmt":"2025-08-26T05:18:08","guid":{"rendered":"https:\/\/www.europesays.com\/fr\/344443\/"},"modified":"2025-08-26T05:18:08","modified_gmt":"2025-08-26T05:18:08","slug":"lil-nas-x-le-rappeur-du-titre-a-succes-old-town-road-inculpe-apres-une-arrestation-spectaculaire-le-monde-fr","status":"publish","type":"post","link":"https:\/\/www.europesays.com\/fr\/344443\/","title":{"rendered":"Lil Nas X, le rappeur du titre \u00e0 succ\u00e8s \u00ab Old Town Road \u00bb, inculp\u00e9 apr\u00e8s une arrestation spectaculaire &#8211; Le Monde.fr"},"content":{"rendered":"<ol>\n<li><a href=\"https:\/\/news.google.com\/rss\/articles\/CBMi_wFBVV95cUxQdmI2ZndBeVRDZFg5UTZrSmtCTHkyckZLM1JxdTlZb2NoLWw3TjY0QjZMZVZNbmg2TWNWUkk5cV9sTHFKSjNuMko0My02WUJ0NnFjX194TEhvLVV6UjdiU2tObnAwQkhBNUdNMG9uVTl4VGF1d2ZVTDNuVnRjT0V1TS1ZNWxuOUVEMVJhNy1yakhCOXpGeEFkRGNlRi0zOGV6dFd0cFBwb05DMzUyV3Q3Y3NrejhxcXRoZERKOUYyU3A3TDREUWVtZGxNczlmalgwN2p5Z0FJMWtzQWRZWUlnYVVpQU92dklsbmdjNnJ1UFcwY2xUd0FxeHlOaVdiUE0?oc=5\" target=\"_blank\" rel=\"nofollow noopener\">Lil Nas X, le rappeur du titre \u00e0 succ\u00e8s \u00ab Old Town Road \u00bb, inculp\u00e9 apr\u00e8s une arrestation spectaculaire<\/a>&nbsp;&nbsp;Le Monde.fr<\/li>\n<li><a href=\"https:\/\/news.google.com\/rss\/articles\/CBMizAFBVV95cUxPaGo5QXg4d00tcE50Y0FOZG9DdnE0V1FmMHowdHVFQ1pUaFhsZU9nUDVVdkdqTmVfcm5Oa2ZmYnRDRFBvejFtNkctYXg2eGNjclFERFQ2U29fZjFCSWk1SlRwbVFuWWJnSWlIM3h5aDIzUGszRlhQcEcxRjdtN0d6cXd0NjlRVTQzSHBFTEhCUU9SVm54Yks1MkU1VFAwOGpFVGlyNDF6YVJSYXEzdEd0S1RGVXZFMC15bXY0TkZMYTNqckFibkxCOFFqVjI?oc=5\" target=\"_blank\" rel=\"nofollow noopener\">Lil Nas X inculp\u00e9 apr\u00e8s avoir agress\u00e9 des policiers dans les rues de Los Angeles<\/a>&nbsp;&nbsp;RTL.fr<\/li>\n<li><a href=\"https:\/\/news.google.com\/rss\/articles\/CBMixwFBVV95cUxOcTJDVmpHbWFrTXd4MUpFdVpLX0NocTc5UDhuVmZRSTJpNjZHZGlselhzLTNENG5TQ09TcFdwMW02Wk1FT2loVjRIbHItRW5qSUVaSnNOazFVMzlPcjlVdlg3MHJEdDJNUUVJQUhGVmt1MlI4ekJ1V3BWY1JScTFMYnFiYXN3dmpiUElHQUxqTjJxanhZS3dNQWVLc25nNHJwdGtxeHZGalNMel9JSWRJNklHR3EwN091N0ZFX2V3Z2x6NnJMYWtr?oc=5\" target=\"_blank\" rel=\"nofollow noopener\">Le rappeur Lil Nas X inculp\u00e9 apr\u00e8s avoir d\u00e9ambul\u00e9 nu dans Los Angeles<\/a>&nbsp;&nbsp;France Info<\/li>\n<li><a href=\"https:\/\/news.google.com\/rss\/articles\/CBMif0FVX3lxTE1NZWVOTzVkSEJfZ2l4Y3FLUV9JN0xzSlU5UldHSnF4S2h0VXc0TzNtLWFPeE40YUFiSFhvNFc4ZGVaOU5VTnFpSEE5SzZYS3JsekxzRUNoLWIxTDktTzZZN1hGRWp0a0ZsMGlTMDJYRV9WakNnVDJKMzJlZmJvLTA?oc=5\" target=\"_blank\" rel=\"nofollow noopener\">Lil Nas X arr\u00eat\u00e9 en train de d\u00e9ambuler dans la rue en santiags et en slip, le rappeur a \u00e9t\u00e9 arr\u00eat\u00e9<\/a>&nbsp;&nbsp;Yahoo Life France<\/li>\n<li><a href=\"https:\/\/news.google.com\/rss\/articles\/CBMidkFVX3lxTFBPVFk4clNNXzl1a3lOcFVnd3FneDNRRjl4ZFVQaTdxT0paTXRKQ1J0bkJ1YXprLTNpcFRSbEdCa3c5blhZc2hfbTVWaTQ5bHA0XzJYeldKSkFxdTluNEJBbGRJUGdpOFM0YThaTGR6TGdHU1R6Wmc?oc=5\" target=\"_blank\" rel=\"nofollow noopener\">Etats-Unis : Le rappeur Lil Nas X inculp\u00e9 pour avoir march\u00e9 nu dans la rue et agress\u00e9 des policiers<\/a>&nbsp;&nbsp;Yahoo Actualit\u00e9s<\/li>\n<\/ol>\n","protected":false},"excerpt":{"rendered":"Lil Nas X, le rappeur du titre \u00e0 succ\u00e8s \u00ab Old Town Road \u00bb, inculp\u00e9 apr\u00e8s une arrestation&hellip;\n","protected":false},"author":2,"featured_media":1445,"comment_status":"","ping_status":"","sticky":false,"template":"","format":"standard","meta":{"footnotes":""},"categories":[1355],"tags":[58,59,1011,27,1361,873],"class_list":{"0":"post-344443","1":"post","2":"type-post","3":"status-publish","4":"format-standard","5":"has-post-thumbnail","7":"category-musique","8":"tag-divertissement","9":"tag-entertainment","10":"tag-fr","11":"tag-france","12":"tag-music","13":"tag-musique"},"share_on_mastodon":{"url":"https:\/\/pubeurope.com\/@fr\/115093379715778526","error":""},"_links":{"self":[{"href":"https:\/\/www.europesays.com\/fr\/wp-json\/wp\/v2\/posts\/344443","targetHints":{"allow":["GET"]}}],"collection":[{"href":"https:\/\/www.europesays.com\/fr\/wp-json\/wp\/v2\/posts"}],"about":[{"href":"https:\/\/www.europesays.com\/fr\/wp-json\/wp\/v2\/types\/post"}],"author":[{"embeddable":true,"href":"https:\/\/www.europesays.com\/fr\/wp-json\/wp\/v2\/users\/2"}],"replies":[{"embeddable":true,"href":"https:\/\/www.europesays.com\/fr\/wp-json\/wp\/v2\/comments?post=344443"}],"version-history":[{"count":0,"href":"https:\/\/www.europesays.com\/fr\/wp-json\/wp\/v2\/posts\/344443\/revisions"}],"wp:featuredmedia":[{"embeddable":true,"href":"https:\/\/www.europesays.com\/fr\/wp-json\/wp\/v2\/media\/1445"}],"wp:attachment":[{"href":"https:\/\/www.europesays.com\/fr\/wp-json\/wp\/v2\/media?parent=344443"}],"wp:term":[{"taxonomy":"category","embeddable":true,"href":"https:\/\/www.europesays.com\/fr\/wp-json\/wp\/v2\/categories?post=344443"},{"taxonomy":"post_tag","embeddable":true,"href":"https:\/\/www.europesays.com\/fr\/wp-json\/wp\/v2\/tags?post=344443"}],"curies":[{"name":"wp","href":"https:\/\/api.w.org\/{rel}","templated":true}]}}