{"id":344450,"date":"2025-08-26T05:22:11","date_gmt":"2025-08-26T05:22:11","guid":{"rendered":"https:\/\/www.europesays.com\/fr\/344450\/"},"modified":"2025-08-26T05:22:11","modified_gmt":"2025-08-26T05:22:11","slug":"anne-sophie-lapix-fait-ses-debuts-sur-rtl-et-on-sent-poindre-un-p","status":"publish","type":"post","link":"https:\/\/www.europesays.com\/fr\/344450\/","title":{"rendered":"Anne-Sophie Lapix fait ses d\u00e9buts sur RTL et on sent poindre un p &#8230;"},"content":{"rendered":"<p>EN BREF<\/p>\n<ul class=\"bloc_resume_post_list\">\n<li>Au printemps dernier, Anne-Sophie Lapix a \u00e9t\u00e9 \u00e9vinc\u00e9e du<br \/>\nJT de 20h de France 2 apr\u00e8s huit ans, remplac\u00e9e par L\u00e9a<br \/>\nSalam\u00e9.<\/li>\n<li>Le 25 ao\u00fbt, Anne-Sophie Lapix a d\u00e9but\u00e9 sur RTL, animant<br \/>\n\u00ab\u00a0On refait le monde\u00a0\u00bb dans la tranche d\u00a0\u00bbinformation du<br \/>\nsoir.<\/li>\n<li>Malgr\u00e9 le stress de ses d\u00e9buts sur RTL, elle a exprim\u00e9 sa<br \/>\nsatisfaction de rejoindre l&rsquo;\u00e9quipe, avec une subtile allusion \u00e0<br \/>\nFrance 2.<\/li>\n<\/ul>\n<p>Au printemps dernier, Anne-Sophie Lapix apprenait son \u00e9viction<br \/>\ndu JT du 20h de France 2, apr\u00e8s huit ann\u00e9es de bons et loyaux<br \/>\nservices. Peu de temps apr\u00e8s, on d\u00e9couvrait sa successeure\u00a0:<br \/>\n<a href=\"https:\/\/www.telestar.fr\/people\/lea-salame-debarque-au-20h-de-france-2-pourtant-ce-quelle-disait-a-david-pujadas-etait-bien-different-1734968\" target=\"_blank\" rel=\"noopener\"><br \/>\nL\u00e9a Salam\u00e9<\/a>.<\/p>\n<p>Mais la journaliste a su rebondir en rejoignant le groupe M6. Ce<br \/>\n25 ao\u00fbt, elle faisait ses d\u00e9buts sur RTL.<\/p>\n<p>Anne-Sophie Lapix\u00a0: son \u00e9viction du 20h de France<br \/>\n2\u00a0ne passe toujours pas<\/p>\n<p>Anne-Sophie Lapix a incarn\u00e9 le <a href=\"https:\/\/www.telestar.fr\/people\/20h-de-france-2-la-vie-de-famille-de-david-pujadas-en-a-beaucoup-pati-1734872\" target=\"_blank\" rel=\"noopener\"><br \/>\n20h de France 2<\/a> pendant huit ann\u00e9es avant d\u2019\u00eatre remerci\u00e9 par<br \/>\nla chaine. La <a href=\"https:\/\/www.telestar.fr\/people\/exclu-lea-salame-anne-sophie-lapix-cette-petite-phrase-dun-confrere-quelles-pourraient-tres-mal-prendre-1735006\" target=\"_blank\" rel=\"noopener\"><br \/>\npr\u00e9sentatrice<\/a> a avou\u00e9 dans les colonnes de<br \/>\nl\u2019AFP\u00a0ne pas avoir dig\u00e9r\u00e9 la mani\u00e8re dont le groupe a<br \/>\ng\u00e9r\u00e9 son d\u00e9part.\u00a0\u00ab\u00a0On peut se dire que \u00e7a pouvait se faire<br \/>\nplus simplement, en toute franchise et rapidement, qu&rsquo;<strong>on<br \/>\nn&rsquo;\u00e9tait pas oblig\u00e9 d&rsquo;attendre que toutes les mauvaises<br \/>\nrumeurs<\/strong> sortent dans la presse. J&rsquo;aurais pr\u00e9f\u00e9r\u00e9 que ce<br \/>\nsoit\u00a0<strong>plus direct<\/strong> et peut-\u00eatre <strong>plus<br \/>\nt\u00f4t<\/strong>\u00a0\u00bb\u00a0a-t-elle avou\u00e9.<\/p>\n<p>Mais heureusement, la journaliste de 53 ans a rapidement<br \/>\nrebondi. D\u00e8s le 7 septembre, elle pr\u00e9sentera un grand entretien<br \/>\ndominical sur M6. <a href=\"https:\/\/www.telestar.fr\/actu_tv\/anne-sophie-lapix-debarque-sur-m6-et-la-chaine-ne-sest-pas-vraiment-foulee-pour-le-nom-de-son-emission-1735402\" target=\"_blank\" rel=\"noopener\"><br \/>\nAnne-Sophie Lapix<\/a> est aussi d\u00e9sormais aux commandes de<br \/>\n<strong>RTL Soir<\/strong>, o\u00f9 elle animera \u00ab\u00a0On refait le monde\u00a0\u00bb, la<br \/>\ntranche d\u2019information de fin de journ\u00e9e (18h-20h) de la radio<br \/>\npriv\u00e9e.<\/p>\n<blockquote class=\"twitter-tweet\"><p><a class=\"twitter-link\" rel=\"noindex, nofollow noopener\" href=\"https:\/\/twitter.com\/NMalaboeuf\/status\/1960015355038093564\" target=\"_blank\"><\/p><\/blockquote>\n<p>Anne-Sophie Lapix sur RTL : malgr\u00e9 le<br \/>\nstress, elle s\u2019autorise une petite pique \u00e0 France 2<\/p>\n<p>Ce 25 aout, quelques heures avant ses d\u00e9buts, elle confiait dans<br \/>\nla matinale de <a href=\"https:\/\/www.telestar.fr\/actu_tv\/pardon-mais-thomas-sotto-fait-sortir-marine-le-pen-de-ses-gonds-en-plein-direct-1730148\" target=\"_blank\" rel=\"noopener\"><br \/>\nThomas Sotto<\/a> : \u00ab\u00a0<strong>J\u2019ai totalement peur<\/strong>. J\u2019ai<br \/>\n11 ans aujourd\u2019hui, je rentre en 6e. J\u2019ai beau avoir un nouveau<br \/>\ncartable, des crayons, tout \u00e7a, j\u2019ai un petit peu la <strong>boule<br \/>\nau ventre<\/strong> en rentrant dans la cour de r\u00e9cr\u00e9. C\u2019est un<br \/>\nexercice totalement nouveau\u00a0\u00bb.\u00a0<\/p>\n<p>\u00c0 18 heures pr\u00e9cises, Anne-Sophie Lapix a donc d\u00e9but\u00e9 son<br \/>\naventure sur <a href=\"https:\/\/www.telestar.fr\/societe\/mort-de-jean-pormanove-il-commence-le-massage-le-frere-dun-streamer-mis-en-cause-enfonce-le-clou-sur-rtl-1735591\" target=\"_blank\" rel=\"noopener\"><br \/>\nRTL<\/a>. \u00ab\u00a0On est ensemble pour deux heures, et ce sera le cas<br \/>\nchaque jour du lundi au jeudi. <strong>Je suis tr\u00e8s, tr\u00e8s<br \/>\nheureuse<\/strong>, de rejoindre l\u2019\u00e9quipe de RTL Soir\u00a0\u00bb<br \/>\na-t-elle insist\u00e9, un <strong>grand sourire<\/strong> aux l\u00e8vres. Une<br \/>\nfa\u00e7on subtile de tacler France 2 ?\u00a0 \u00ab\u00a0Nous allons essayer<br \/>\nde rendre <strong>l\u2019actualit\u00e9 plus claire, plus compr\u00e9hensible,<br \/>\nplus souriante<\/strong> aussi\u00a0\u00bb, a-t-elle ensuite assur\u00e9 aux<br \/>\nauditeurs.<\/p>\n<p><script async src=\"https:\/\/platform.twitter.com\/widgets.js\" charset=\"utf-8\"><\/script><\/p>\n","protected":false},"excerpt":{"rendered":"EN BREF Au printemps dernier, Anne-Sophie Lapix a \u00e9t\u00e9 \u00e9vinc\u00e9e du JT de 20h de France 2 apr\u00e8s&hellip;\n","protected":false},"author":2,"featured_media":344451,"comment_status":"","ping_status":"","sticky":false,"template":"","format":"standard","meta":{"footnotes":""},"categories":[8],"tags":[21313,548,58,59,1011,27],"class_list":{"0":"post-344450","1":"post","2":"type-post","3":"status-publish","4":"format-standard","5":"has-post-thumbnail","7":"category-divertissement","8":"tag-anne-sophie-lapix","9":"tag-article-simple","10":"tag-divertissement","11":"tag-entertainment","12":"tag-fr","13":"tag-france"},"share_on_mastodon":{"url":"https:\/\/pubeurope.com\/@fr\/115093395427203424","error":""},"_links":{"self":[{"href":"https:\/\/www.europesays.com\/fr\/wp-json\/wp\/v2\/posts\/344450","targetHints":{"allow":["GET"]}}],"collection":[{"href":"https:\/\/www.europesays.com\/fr\/wp-json\/wp\/v2\/posts"}],"about":[{"href":"https:\/\/www.europesays.com\/fr\/wp-json\/wp\/v2\/types\/post"}],"author":[{"embeddable":true,"href":"https:\/\/www.europesays.com\/fr\/wp-json\/wp\/v2\/users\/2"}],"replies":[{"embeddable":true,"href":"https:\/\/www.europesays.com\/fr\/wp-json\/wp\/v2\/comments?post=344450"}],"version-history":[{"count":0,"href":"https:\/\/www.europesays.com\/fr\/wp-json\/wp\/v2\/posts\/344450\/revisions"}],"wp:featuredmedia":[{"embeddable":true,"href":"https:\/\/www.europesays.com\/fr\/wp-json\/wp\/v2\/media\/344451"}],"wp:attachment":[{"href":"https:\/\/www.europesays.com\/fr\/wp-json\/wp\/v2\/media?parent=344450"}],"wp:term":[{"taxonomy":"category","embeddable":true,"href":"https:\/\/www.europesays.com\/fr\/wp-json\/wp\/v2\/categories?post=344450"},{"taxonomy":"post_tag","embeddable":true,"href":"https:\/\/www.europesays.com\/fr\/wp-json\/wp\/v2\/tags?post=344450"}],"curies":[{"name":"wp","href":"https:\/\/api.w.org\/{rel}","templated":true}]}}