{"id":344454,"date":"2025-08-26T05:24:11","date_gmt":"2025-08-26T05:24:11","guid":{"rendered":"https:\/\/www.europesays.com\/fr\/344454\/"},"modified":"2025-08-26T05:24:11","modified_gmt":"2025-08-26T05:24:11","slug":"donald-trump-annonce-quil-limoge-une-gouverneure-de-la-reserve-federale-a-la-suite-dallegations-de-fraude","status":"publish","type":"post","link":"https:\/\/www.europesays.com\/fr\/344454\/","title":{"rendered":"Donald Trump annonce qu\u2019il limoge une gouverneure de la R\u00e9serve f\u00e9d\u00e9rale \u00e0 la suite d\u2019all\u00e9gations de fraude"},"content":{"rendered":"<p>                         <img loading=\"lazy\" decoding=\"async\" src=\"https:\/\/www.europesays.com\/fr\/wp-content\/uploads\/2025\/08\/6cdd83b_ftp-import-images-1-qqalrec436hc-2025-08-26t010527z-797504773-rc21dga1hga8-rtrmadp-3-usa-fed.jpeg\" alt=\"La gouverneure de la R\u00e9serve f\u00e9d\u00e9rale, Lisa Cook, vendredi 22\u00a0ao\u00fbt 2025, au \u00ab\u00a0symposium\u00a0\u00bb de la banque centrale, \u00e0\u00a0Jackson Hole (Wyoming).\"   width=\"664\" height=\"443\"\/>    La gouverneure de la R\u00e9serve f\u00e9d\u00e9rale, Lisa Cook, vendredi 22\u00a0ao\u00fbt 2025, au \u00ab\u00a0symposium\u00a0\u00bb de la banque centrale, \u00e0\u00a0Jackson Hole (Wyoming).  JIM URQUHART \/ REUTERS                 <\/p>\n<p class=\"article__paragraph  \">Donald Trump vient de franchir un palier dans la guerre qu\u2019il a d\u00e9clar\u00e9e \u00e0 la R\u00e9serve f\u00e9d\u00e9rale am\u00e9ricaine (Fed, banque centrale). Le pr\u00e9sident des Etats Unis a annonc\u00e9, dans une lettre publi\u00e9e lundi 25\u00a0ao\u00fbt sur son r\u00e9seau Truth Social, qu\u2019il d\u00e9mettait de ses fonctions Lisa Cook, l\u2019une des gouverneures de l\u2019institution mon\u00e9taire, \u00ab\u00a0avec effet imm\u00e9diat\u00a0\u00bb.<\/p>\n<p class=\"article__paragraph  \">Cette d\u00e9cision sans pr\u00e9c\u00e9dent s\u2019appuie sur des documents relay\u00e9s par l\u2019un de ses alli\u00e9s, Bill Pulte, directeur de l\u2019Agence f\u00e9d\u00e9rale de financement du logement, qui accuse la gouverneure d\u2019avoir menti dans des dossiers d\u2019obtention de cr\u00e9dit immobilier. Selon lui, Lisa Cook en aurait rempli deux \u2013 pour deux biens diff\u00e9rents \u2013 \u00e0 quinze jours d\u2019intervalle en\u00a02021, assurant \u00e0 chaque fois qu\u2019il s\u2019agissait de sa r\u00e9sidence principale, et ce afin d\u2019obtenir de meilleures conditions.<\/p>\n<p class=\"article__paragraph  \">Dans son courrier, Donald Trump estime que les citoyens doivent pouvoir compter sur la probit\u00e9 des gouverneurs de la Fed\u00a0: \u00ab\u00a0Au vu de votre conduite d\u00e9cevante et potentiellement criminelle, dans un dossier financier, ils ne peuvent avoir confiance dans votre int\u00e9grit\u00e9, et moi non plus.\u00a0\u00bb Il explique par ailleurs que sa d\u00e9cision de d\u00e9mettre Lisa Cook se fait \u00e0 \u00ab\u00a0[s]a discr\u00e9tion\u00a0\u00bb. Le Federal Reserve Act pr\u00e9voit que les gouverneurs iront au bout de leur mandat \u00ab\u00a0sauf en cas de r\u00e9vocation par le pr\u00e9sident pour un motif justifi\u00e9\u00a0\u00bb. Si Lisa Cook, qui ne fait jusqu\u2019\u00e0 pr\u00e9sent l\u2019objet que d\u2019accusations, venait \u00e0 contester la d\u00e9cision, les tribunaux pourraient avoir \u00e0 se\u00a0pencher sur cette notion.<\/p>\n<p class=\"reading-mode-only \"><strong>Il vous reste 64.78% de cet article \u00e0 lire. La suite est r\u00e9serv\u00e9e aux abonn\u00e9s.<\/strong><\/p>\n","protected":false},"excerpt":{"rendered":"La gouverneure de la R\u00e9serve f\u00e9d\u00e9rale, Lisa Cook, vendredi 22\u00a0ao\u00fbt 2025, au \u00ab\u00a0symposium\u00a0\u00bb de la banque centrale, \u00e0\u00a0Jackson&hellip;\n","protected":false},"author":2,"featured_media":344455,"comment_status":"","ping_status":"","sticky":false,"template":"","format":"standard","meta":{"footnotes":""},"categories":[6],"tags":[35,33,34,1011,27],"class_list":{"0":"post-344454","1":"post","2":"type-post","3":"status-publish","4":"format-standard","5":"has-post-thumbnail","7":"category-economie","8":"tag-business","9":"tag-economie","10":"tag-economy","11":"tag-fr","12":"tag-france"},"share_on_mastodon":{"url":"https:\/\/pubeurope.com\/@fr\/115093403360682389","error":""},"_links":{"self":[{"href":"https:\/\/www.europesays.com\/fr\/wp-json\/wp\/v2\/posts\/344454","targetHints":{"allow":["GET"]}}],"collection":[{"href":"https:\/\/www.europesays.com\/fr\/wp-json\/wp\/v2\/posts"}],"about":[{"href":"https:\/\/www.europesays.com\/fr\/wp-json\/wp\/v2\/types\/post"}],"author":[{"embeddable":true,"href":"https:\/\/www.europesays.com\/fr\/wp-json\/wp\/v2\/users\/2"}],"replies":[{"embeddable":true,"href":"https:\/\/www.europesays.com\/fr\/wp-json\/wp\/v2\/comments?post=344454"}],"version-history":[{"count":0,"href":"https:\/\/www.europesays.com\/fr\/wp-json\/wp\/v2\/posts\/344454\/revisions"}],"wp:featuredmedia":[{"embeddable":true,"href":"https:\/\/www.europesays.com\/fr\/wp-json\/wp\/v2\/media\/344455"}],"wp:attachment":[{"href":"https:\/\/www.europesays.com\/fr\/wp-json\/wp\/v2\/media?parent=344454"}],"wp:term":[{"taxonomy":"category","embeddable":true,"href":"https:\/\/www.europesays.com\/fr\/wp-json\/wp\/v2\/categories?post=344454"},{"taxonomy":"post_tag","embeddable":true,"href":"https:\/\/www.europesays.com\/fr\/wp-json\/wp\/v2\/tags?post=344454"}],"curies":[{"name":"wp","href":"https:\/\/api.w.org\/{rel}","templated":true}]}}