{"id":344456,"date":"2025-08-26T05:25:11","date_gmt":"2025-08-26T05:25:11","guid":{"rendered":"https:\/\/www.europesays.com\/fr\/344456\/"},"modified":"2025-08-26T05:25:11","modified_gmt":"2025-08-26T05:25:11","slug":"le-mexique-enregistre-une-baisse-historique-de-la-pauvrete","status":"publish","type":"post","link":"https:\/\/www.europesays.com\/fr\/344456\/","title":{"rendered":"Le Mexique enregistre une baisse historique de la pauvret\u00e9"},"content":{"rendered":"<p>                         <img loading=\"lazy\" decoding=\"async\" src=\"https:\/\/www.europesays.com\/fr\/wp-content\/uploads\/2025\/08\/6b79f65_upload-1-eoyu46nkujvd-2025-04-24t195706z-747338596-rc2i4eadsucy-rtrmadp-3-mexico-economy.JPG\" alt=\"Dans le centre-ville de Mexico, le 24\u00a0avril 2025.\"   width=\"664\" height=\"443\"\/>    Dans le centre-ville de Mexico, le 24\u00a0avril 2025.  RAQUEL CUNHA \/ REUTERS                 <\/p>\n<p class=\"article__paragraph  \">Le 14\u00a0ao\u00fbt, la pr\u00e9sidente du Mexique, Claudia Sheinbaum, s\u2019est pr\u00e9sent\u00e9e avec un large sourire \u00e0 sa conf\u00e9rence de presse quotidienne. La veille, l\u2019Institut national de statistiques et g\u00e9ographie (Inegi) avait publi\u00e9 la derni\u00e8re \u00e9valuation de la pauvret\u00e9. \u00ab\u00a0La r\u00e9duction de la pauvret\u00e9 est historique. C\u2019est la preuve que notre projet fonctionne et qu\u2019il est bien consacr\u00e9 aux\u00a0plus pauvres\u00a0\u00bb, a affirm\u00e9 la dirigeante, en pr\u00e9sentant une s\u00e9rie de graphiques.<\/p>\n<p class=\"article__paragraph  \">Claudia Sheinbaum avait en effet de quoi se r\u00e9jouir\u00a0: entre 2018 et 2024, la pauvret\u00e9 au Mexique est pass\u00e9e d\u2019environ 42\u00a0% \u00e0 29,6\u00a0% de la population. Plus de treize\u00a0millions de personnes en sont sorties pendant les six ann\u00e9es de la pr\u00e9sidence de son pr\u00e9d\u00e9cesseur, Andres Manuel Lopez Obrador, dit \u00ab\u00a0AMLO\u00a0\u00bb (Morena, gauche). Le seuil de pauvret\u00e9 correspond \u00e0 un revenu mensuel inf\u00e9rieur \u00e0 4\u00a0565 pesos (209\u00a0euros), et \u00e0 1\u00a0900 pesos pour l\u2019extr\u00eame pauvret\u00e9, qui a, elle aussi, r\u00e9duit, mais dans une moindre mesure (\u2013\u00a01,7\u00a0%), passant de 7\u00a0% \u00e0 5,3\u00a0% entre 2018 et 2024<\/p>\n<p class=\"article__paragraph  \">\u00ab\u00a0Ces bons chiffres sont d\u2019autant plus impressionnants que pendant la d\u00e9cennie pr\u00e9c\u00e9dente [2008-2018], 3,4\u00a0millions de Mexicains avaient bascul\u00e9 dans la pauvret\u00e9\u00a0\u00bb, explique l\u2019\u00e9conomiste Viri Rios, sp\u00e9cialiste des politiques publiques et \u00e0 la t\u00eate de la newsletter \u00ab\u00a0Mexico Decoded\u00a0\u00bb. \u00ab\u00a0Le pays a donc invers\u00e9 une tendance n\u00e9gative et \u00e0 l\u2019\u00e9chelle internationale, peu d\u2019exemples sont comparables\u00a0: seuls des pays comme le Vietnam ou la Chine ont connu une r\u00e9duction aussi rapide, sans boom de mati\u00e8res premi\u00e8res ni un afflux massif d\u2019aide ext\u00e9rieure.\u00a0\u00bb<\/p>\n<p class=\"reading-mode-only \"><strong>Il vous reste 69.65% de cet article \u00e0 lire. La suite est r\u00e9serv\u00e9e aux abonn\u00e9s.<\/strong><\/p>\n","protected":false},"excerpt":{"rendered":"Dans le centre-ville de Mexico, le 24\u00a0avril 2025. RAQUEL CUNHA \/ REUTERS Le 14\u00a0ao\u00fbt, la pr\u00e9sidente du Mexique,&hellip;\n","protected":false},"author":2,"featured_media":344457,"comment_status":"","ping_status":"","sticky":false,"template":"","format":"standard","meta":{"footnotes":""},"categories":[5],"tags":[11,1011,27,14,12,28],"class_list":{"0":"post-344456","1":"post","2":"type-post","3":"status-publish","4":"format-standard","5":"has-post-thumbnail","7":"category-international","8":"tag-actualites","9":"tag-fr","10":"tag-france","11":"tag-international","12":"tag-news","13":"tag-world"},"share_on_mastodon":{"url":"https:\/\/pubeurope.com\/@fr\/115093407249795384","error":""},"_links":{"self":[{"href":"https:\/\/www.europesays.com\/fr\/wp-json\/wp\/v2\/posts\/344456","targetHints":{"allow":["GET"]}}],"collection":[{"href":"https:\/\/www.europesays.com\/fr\/wp-json\/wp\/v2\/posts"}],"about":[{"href":"https:\/\/www.europesays.com\/fr\/wp-json\/wp\/v2\/types\/post"}],"author":[{"embeddable":true,"href":"https:\/\/www.europesays.com\/fr\/wp-json\/wp\/v2\/users\/2"}],"replies":[{"embeddable":true,"href":"https:\/\/www.europesays.com\/fr\/wp-json\/wp\/v2\/comments?post=344456"}],"version-history":[{"count":0,"href":"https:\/\/www.europesays.com\/fr\/wp-json\/wp\/v2\/posts\/344456\/revisions"}],"wp:featuredmedia":[{"embeddable":true,"href":"https:\/\/www.europesays.com\/fr\/wp-json\/wp\/v2\/media\/344457"}],"wp:attachment":[{"href":"https:\/\/www.europesays.com\/fr\/wp-json\/wp\/v2\/media?parent=344456"}],"wp:term":[{"taxonomy":"category","embeddable":true,"href":"https:\/\/www.europesays.com\/fr\/wp-json\/wp\/v2\/categories?post=344456"},{"taxonomy":"post_tag","embeddable":true,"href":"https:\/\/www.europesays.com\/fr\/wp-json\/wp\/v2\/tags?post=344456"}],"curies":[{"name":"wp","href":"https:\/\/api.w.org\/{rel}","templated":true}]}}