{"id":344458,"date":"2025-08-26T05:27:12","date_gmt":"2025-08-26T05:27:12","guid":{"rendered":"https:\/\/www.europesays.com\/fr\/344458\/"},"modified":"2025-08-26T05:27:12","modified_gmt":"2025-08-26T05:27:12","slug":"donald-trump-annonce-demettre-lisa-cook-et-ouvre-une-crise-institutionnelle-sans-precedent","status":"publish","type":"post","link":"https:\/\/www.europesays.com\/fr\/344458\/","title":{"rendered":"Donald Trump annonce d\u00e9mettre Lisa Cook et ouvre une crise institutionnelle sans pr\u00e9c\u00e9dent"},"content":{"rendered":"<p>Donald Trump a d\u00e9clench\u00e9 une temp\u00eate politique et juridique lundi en annon\u00e7ant le limogeage de Lisa Cook, l&rsquo;une des gouverneures de la R\u00e9serve f\u00e9d\u00e9rale (Fed). Cette d\u00e9cision, motiv\u00e9e par des all\u00e9gations de fraude hypoth\u00e9caire et communiqu\u00e9e dans une lettre publi\u00e9e sur les r\u00e9seaux sociaux, constitue une attaque frontale contre l&rsquo;ind\u00e9pendance de la banque centrale am\u00e9ricaine et ouvre la voie \u00e0 une bataille constitutionnelle qui pourrait remonter jusqu&rsquo;\u00e0 la Cour Supr\u00eame. Jamais en 111 ans d&rsquo;histoire un membre du Conseil des gouverneurs de la Fed n&rsquo;avait \u00e9t\u00e9 d\u00e9mis de ses fonctions par un pr\u00e9sident.<\/p>\n<p>L&rsquo;affaire a \u00e9clat\u00e9 la semaine pr\u00e9c\u00e9dente lorsque Bill Pulte, le directeur de l&rsquo;Agence f\u00e9d\u00e9rale de financement du logement (FHFA) nomm\u00e9 par Donald Trump, a publiquement accus\u00e9 Lisa Cook d&rsquo;avoir frauduleusement d\u00e9sign\u00e9 deux propri\u00e9t\u00e9s distinctes comme sa r\u00e9sidence principale dans des dossiers de pr\u00eats immobiliers diff\u00e9rents. Ces accusations ont \u00e9t\u00e9 rapidement relay\u00e9es par le pr\u00e9sident, qui a exig\u00e9 sa d\u00e9mission avant de passer \u00e0 l&rsquo;acte. Dans sa lettre, Donald Trump invoque l&rsquo;article II de la Constitution ainsi que le Federal Reserve Act de 1913 pour justifier sa d\u00e9cision, affirmant qu&rsquo;il existe des \u00ab\u00a0raisons suffisantes\u00a0\u00bb pour ce renvoi avec \u00ab\u00a0effet imm\u00e9diat\u00a0\u00bb.<\/p>\n<p><img alt=\"La lettre publi\u00e9e par Donald Trump sur Truth Social\" fetchpriority=\"auto\" loading=\"lazy\" decoding=\"async\" data-nimg=\"fill\" class=\"TwicCore_img__i9TC1\" style=\"position:absolute;height:100%;width:100%;left:0;top:0;right:0;bottom:0;color:transparent\"   src=\"https:\/\/www.europesays.com\/fr\/wp-content\/uploads\/2025\/08\/2641451.jpg\"\/>Photo d&rsquo;illustration (Cr\u00e9dits : Maison-Blanche)<img alt=\"La lettre publi\u00e9e par Donald Trump sur Truth Social\" fetchpriority=\"auto\" loading=\"lazy\" decoding=\"async\" data-nimg=\"fill\" class=\"TwicCore_img__i9TC1\" style=\"position:absolute;height:100%;width:100%;left:0;top:0;right:0;bottom:0;color:transparent\"   src=\"https:\/\/www.europesays.com\/fr\/wp-content\/uploads\/2025\/08\/2641450.jpg\"\/>Photo d&rsquo;illustration (Cr\u00e9dits : Maison-Blanche)<\/p>\n<p>De son c\u00f4t\u00e9, Lisa Cook, premi\u00e8re femme noire \u00e0 si\u00e9ger au Conseil de la Fed, a fermement rejet\u00e9 toute id\u00e9e de d\u00e9mission face \u00e0 ce qu&rsquo;elle qualifie d&rsquo;intimidations. Dans une d\u00e9claration, elle a affirm\u00e9 son intention de r\u00e9pondre de mani\u00e8re professionnelle \u00e0 toute enqu\u00eate sur sa situation financi\u00e8re, tout en soulignant que les pr\u00eats en question avaient \u00e9t\u00e9 contract\u00e9s avant sa nomination \u00e0 la banque centrale. Cette posture de fermet\u00e9 pr\u00e9figure une contestation juridique de son limogeage.<\/p>\n<p>L&rsquo;ind\u00e9pendance de la Fed dans la balance<\/p>\n<p>Au-del\u00e0 du sort personnel de Lisa Cook, c&rsquo;est le principe fondamental de l&rsquo;ind\u00e9pendance de la R\u00e9serve f\u00e9d\u00e9rale qui est en jeu. La loi stipule que le pr\u00e9sident ne peut r\u00e9voquer un gouverneur que \u00ab\u00a0pour motif valable\u00a0\u00bb (for cause). Or, la d\u00e9finition de ce qui constitue un tel motif reste juridiquement floue et n&rsquo;a jamais \u00e9t\u00e9 test\u00e9e devant les tribunaux \u00e0 ce niveau. Les critiques de la d\u00e9cision pr\u00e9sidentielle, notamment dans les rangs d\u00e9mocrates et parmi de nombreux \u00e9conomistes, y voient une man\u0153uvre politique visant \u00e0 soumettre l&rsquo;institution mon\u00e9taire \u00e0 la volont\u00e9 de l&rsquo;ex\u00e9cutif.<\/p>\n<p>Cette offensive s&rsquo;inscrit dans une campagne plus large men\u00e9e par Donald Trump pour remodeler la politique de la Fed, qu&rsquo;il juge trop restrictive. Le pr\u00e9sident n&rsquo;a cess\u00e9 de critiquer les d\u00e9cisions du comit\u00e9 de politique mon\u00e9taire, en particulier le maintien de taux d&rsquo;int\u00e9r\u00eat \u00e9lev\u00e9s pour juguler l&rsquo;inflation. En tentant d&rsquo;\u00e9vincer une gouverneure, il cherche non seulement \u00e0 influencer la composition du conseil, mais aussi \u00e0 envoyer un message clair \u00e0 son pr\u00e9sident, Jerome Powell, et aux autres membres\u00a0: toute r\u00e9sistance \u00e0 sa vision \u00e9conomique aura des cons\u00e9quences. Les march\u00e9s financiers observent la situation avec une inqui\u00e9tude croissante, craignant qu&rsquo;une perte d&rsquo;ind\u00e9pendance de la Fed ne nuise \u00e0 sa cr\u00e9dibilit\u00e9 dans la lutte contre l&rsquo;inflation et ne d\u00e9stabilise l&rsquo;\u00e9conomie am\u00e9ricaine.<\/p>\n<p>Un conflit juridique et politique aux implications profondes<\/p>\n<p>La saga du limogeage de Lisa Cook est d\u00e9sormais promise \u00e0 se d\u00e9placer sur le terrain judiciaire. Les experts s&rsquo;attendent \u00e0 ce que l&rsquo;affaire soit port\u00e9e devant les tribunaux, qui devront interpr\u00e9ter la port\u00e9e du pouvoir pr\u00e9sidentiel sur la banque centrale. Une telle confrontation pourrait cr\u00e9er une incertitude prolong\u00e9e sur la gouvernance de la Fed et sur la trajectoire de la politique mon\u00e9taire am\u00e9ricaine. Pour les entreprises, cette incertitude se traduit par une difficult\u00e9 accrue \u00e0 planifier les investissements et les embauches, tandis que pour les m\u00e9nages, elle pourrait \u00e0 terme affecter le co\u00fbt du cr\u00e9dit et la stabilit\u00e9 de l&#8217;emploi.<\/p>\n<p>La dimension politique du conflit est \u00e9galement explosive. Le fait que Lisa Cook soit une femme afro-am\u00e9ricaine nomm\u00e9e par l&rsquo;administration pr\u00e9c\u00e9dente ajoute une couche de complexit\u00e9 au d\u00e9bat, soulevant des questions sur la diversit\u00e9 au sein des grandes institutions financi\u00e8res et sur une \u00e9ventuelle instrumentalisation politique de sa situation. Le bras de fer engag\u00e9 par la Maison-Blanche avec la R\u00e9serve f\u00e9d\u00e9rale marque une rupture spectaculaire avec la tradition de respect de l&rsquo;autonomie de la banque centrale, une tradition jusqu&rsquo;ici consid\u00e9r\u00e9e comme un pilier de la stabilit\u00e9 \u00e9conomique des \u00c9tats-Unis.<\/p>\n","protected":false},"excerpt":{"rendered":"Donald Trump a d\u00e9clench\u00e9 une temp\u00eate politique et juridique lundi en annon\u00e7ant le limogeage de Lisa Cook, l&rsquo;une&hellip;\n","protected":false},"author":2,"featured_media":344459,"comment_status":"","ping_status":"","sticky":false,"template":"","format":"standard","meta":{"footnotes":""},"categories":[2],"tags":[17,11,2562,48069,15016,33,7512,1011,27,48068,48070,12,467],"class_list":{"0":"post-344458","1":"post","2":"type-post","3":"status-publish","4":"format-standard","5":"has-post-thumbnail","7":"category-actualites","8":"tag-17","9":"tag-actualites","10":"tag-annonce","11":"tag-demettre","12":"tag-donald","13":"tag-economie","14":"tag-fed","15":"tag-fr","16":"tag-france","17":"tag-limogeage","18":"tag-lisa","19":"tag-news","20":"tag-trump"},"share_on_mastodon":{"url":"https:\/\/pubeurope.com\/@fr\/115093415262731131","error":""},"_links":{"self":[{"href":"https:\/\/www.europesays.com\/fr\/wp-json\/wp\/v2\/posts\/344458","targetHints":{"allow":["GET"]}}],"collection":[{"href":"https:\/\/www.europesays.com\/fr\/wp-json\/wp\/v2\/posts"}],"about":[{"href":"https:\/\/www.europesays.com\/fr\/wp-json\/wp\/v2\/types\/post"}],"author":[{"embeddable":true,"href":"https:\/\/www.europesays.com\/fr\/wp-json\/wp\/v2\/users\/2"}],"replies":[{"embeddable":true,"href":"https:\/\/www.europesays.com\/fr\/wp-json\/wp\/v2\/comments?post=344458"}],"version-history":[{"count":0,"href":"https:\/\/www.europesays.com\/fr\/wp-json\/wp\/v2\/posts\/344458\/revisions"}],"wp:featuredmedia":[{"embeddable":true,"href":"https:\/\/www.europesays.com\/fr\/wp-json\/wp\/v2\/media\/344459"}],"wp:attachment":[{"href":"https:\/\/www.europesays.com\/fr\/wp-json\/wp\/v2\/media?parent=344458"}],"wp:term":[{"taxonomy":"category","embeddable":true,"href":"https:\/\/www.europesays.com\/fr\/wp-json\/wp\/v2\/categories?post=344458"},{"taxonomy":"post_tag","embeddable":true,"href":"https:\/\/www.europesays.com\/fr\/wp-json\/wp\/v2\/tags?post=344458"}],"curies":[{"name":"wp","href":"https:\/\/api.w.org\/{rel}","templated":true}]}}