{"id":344460,"date":"2025-08-26T05:28:12","date_gmt":"2025-08-26T05:28:12","guid":{"rendered":"https:\/\/www.europesays.com\/fr\/344460\/"},"modified":"2025-08-26T05:28:12","modified_gmt":"2025-08-26T05:28:12","slug":"un-extraordinaire-sentiment-de-tristesse","status":"publish","type":"post","link":"https:\/\/www.europesays.com\/fr\/344460\/","title":{"rendered":"Un extraordinaire sentiment de tristesse"},"content":{"rendered":"<p>            Par<br \/>\n        <strong><br \/>\n            <a href=\"https:\/\/actu.fr\/auteur\/mathias-souteyrat\" title=\"Consulter tous les articles de Mathias Souteyrat\" target=\"_blank\" rel=\"noopener\">Mathias Souteyrat<\/a><br \/>\n        <\/strong><\/p>\n<p>        Publi\u00e9 le<\/p>\n<p>            26 ao\u00fbt 2025 \u00e0 6h34        <\/p>\n<p>Le magasin Adidas rue Alsace-Lorraine dans le centre-ville de <a href=\"https:\/\/actu.fr\/saint-etienne\/\" target=\"_blank\" rel=\"noopener\">Saint-Etienne<\/a> baisse le rideau le 20\u00a0octobre 2025, affiche la boutique sur sa devanture. \u00c0 deux pas de l\u00e0, le point de vente Free sur la place du Peuple a ferm\u00e9 en ao\u00fbt. Selon <a href=\"https:\/\/c.leprogres.fr\/economie\/2025\/08\/20\/adidas-et-free-ferment-en-centre-ville-l-hecatombe-commerciale-continue?at_content=link&amp;at_term=leprogres.saintetienne&amp;at_campaign=Facebook&amp;at_medium=Social&amp;at_source=nonli\" target=\"_blank\" rel=\"noopener\">Le Progr\u00e8s<\/a>, l\u2019enseigne de mode va \u00eatre remplac\u00e9e par Noir de Monde. <br \/>M\u00eame si les chiffres du commerce st\u00e9phanois sont plus contrast\u00e9s que \u00e7a, une simple balade dans le centre permet de se rendre compte du d\u00e9sert commercial. Ces r\u00e9centes fermetures ont fait r\u00e9agir les St\u00e9phanois.<\/p>\n<p>\u00ab\u2009Plus de magasin d\u2019\u00e9quipement sportif, plus qu\u2019un chausseur enfant, peu pour adulte\u2026\u2009\u00bb<br \/>\n    <img   decoding=\"async\" loading=\"lazy\" src=\"https:\/\/www.europesays.com\/fr\/wp-content\/uploads\/2025\/08\/commerces-sainte-960x640.jpg\" alt=\"Le magasin Adidas rue Alsace-Lorraine dans le centre-ville de Saint-Etienne baisse le rideau en octobre.\" width=\"960\" height=\"640\"\/><br \/>\n    Le magasin Adidas rue Alsace-Lorraine dans le centre-ville de Saint-Etienne baisse le rideau en octobre. (\u00a9Mathias Souteyrat \/ actu.fr)<\/p>\n<p class=\" wall-content\">\u00ab\u2009Je sais qu\u2019il n\u2019y a pas qu\u2019\u00e0 Saint\u00e9 que des commerces ferment, mais en rentrant de vacances, je suis all\u00e9e faire un tour en centre-ville et ne serait-ce qu\u2019entre le Peuple et l\u2019h\u00f4tel de ville, donc l\u2019hypercentre, la succession de boutiques ferm\u00e9es donne un extraordinaire sentiment de tristesse. L\u2019\u00e9poque o\u00f9 on se rendait en ville pour faire du l\u00e8che-vitrine est bien r\u00e9volue\u2009!\u2009\u00bb, note une internaute.<\/p>\n<blockquote class=\"ac-article-quote wall-content\">\n<p>Je suis habitante du centre-ville. Et j&rsquo;essaye de participer \u00e0 la consommation locale. Mais, plus de magasin d\u2019\u00e9quipement sportif, plus qu&rsquo;un chausseur enfant, peu pour adulte, plus qu&rsquo;une quincaillerie \u00e0 Carnot, plus d&rsquo;outillage, plus \u00e9lectrom\u00e9nager, plus de meuble\u2026 La liste est tr\u00e8s longue d\u00e9sormais&#8230; Et les commerces restants tirent leurs prix vers le haut\u2026 On rajoute le stationnement exorbitant pour les gens qui viendraient en ville\u2026 Et puis enfin, beaucoup de gens ne font que de l&rsquo;achat internet\u2026 Une mauvaise concomitance de point pour forc\u00e9ment nous mener vers l&rsquo;\u00e9chec.<\/p>\n<p>    <strong>Une habitante du centre-ville<\/strong>\n            <\/p><\/blockquote>\n<p class=\" wall-content\">Pour un internaute, il faut rester positif. \u00ab\u2009Cette dramaturgie d\u2019annonce est fatigante. Le local est repris par\u2009\u2019Noir de Monde\u2019\u2009qui a quitt\u00e9 Steel pour venir en centre-ville. Cette information devrait \u00eatre prioritaire\u2009! \u00bb<\/p>\n<p class=\" wall-content\">Changement de mode de consommation, paup\u00e9risation, manque d\u2019attractivit\u00e9 du centre-ville\u2026 Les raisons du d\u00e9classement sont nombreuses. La question des loyers commerciaux revient aussi sur le tapis.<\/p>\n<p>    <img   decoding=\"async\" loading=\"lazy\" src=\"https:\/\/www.europesays.com\/fr\/wp-content\/uploads\/2025\/08\/commerces-sainte-5-960x640.jpg\" alt=\"Le magasin Adidas rue Alsace-Lorraine dans le centre-ville de Saint-Etienne baisse le rideau en octobre.\" width=\"960\" height=\"640\"\/><br \/>\n    La boutique Zara de la place du Peuple toujours inoccup\u00e9e. (\u00a9Mathias Souteyrat \/ actu.fr)<\/p>\n<p>Votre r\u00e9gion, votre actu !<\/p>\n<p>Recevez chaque jour les infos qui comptent pour vous.<\/p>\n<p>\t<a href=\"https:\/\/actu.fr\/newsletter\" class=\"ac-btn ac-btn--corner ac-btn--medium ac-btn--blue800\" target=\"_blank\" rel=\"noopener\">S&rsquo;incrire<\/a><br \/>\n\u00ab\u2009En zones commerciales, les loyers sont au minimum 3\u00a0fois plus \u00e9lev\u00e9s\u2009\u00bb<\/p>\n<p class=\" wall-content\">Michel M\u00e9rieux, sp\u00e9cialiste de l\u2019immobilier commercial, qui commercialise aussi des locaux commerciaux \u00e0 Saint-Etienne (on voit r\u00e9guli\u00e8rement son nom inscrit sur les fa\u00e7ades), a r\u00e9pondu \u00e0 la question du co\u00fbt des loyers sous un commentaire sur les r\u00e9seaux sociaux.<\/p>\n<blockquote class=\"ac-article-quote wall-content\">\n<p>Arr\u00eatez de dire sans cesse que les loyers sont trop chers alors que vous ne les connaissez pas. Ce n\u2019est jamais un loyer qui met en p\u00e9ril un commerce. Mais le manque de CA (chiffre d\u2019affaires) qui ne permet plus d\u2019assumer les charges. C\u2019est le manque de clients qui g\u00e9n\u00e8re une baisse de CA, le mal est l\u00e0. En zones commerciales, les loyers sont au minimum trois\u00a0fois plus \u00e9lev\u00e9s, d\u2019autant que les surfaces sont bien plus grandes.<\/p>\n<p>    <strong>Michel M\u00e9rieux<\/strong><br \/>\n        Sp\u00e9cialiste de l&rsquo;immobilier st\u00e9phanois    <\/p><\/blockquote>\n<p>    <img   decoding=\"async\" loading=\"lazy\" src=\"https:\/\/www.europesays.com\/fr\/wp-content\/uploads\/2025\/08\/commerces-sainte-6-960x640.jpg\" alt=\"Le magasin Adidas rue Alsace-Lorraine dans le centre-ville de Saint-Etienne baisse le rideau en octobre.\" width=\"960\" height=\"640\"\/><br \/>\n    Dans l\u2019hypercentre st\u00e9phanois, des locaux sont vacants depuis maintenant quelque temps. (\u00a9Mathias Souteyrat \/ actu.fr)Des mesures municipales pour favoriser le commerce<\/p>\n<p class=\" wall-content\">Pour contrer cette spirale n\u00e9gative, <a href=\"https:\/\/actu.fr\/auvergne-rhone-alpes\/saint-etienne_42218\/saint-etienne-coup-de-gueule-des-commercants-une-nouvelle-decision-prise-par-la-mairie_62881647.html\" target=\"_blank\" rel=\"noopener\">la municipalit\u00e9 a prolong\u00e9 d\u2019un an des mesures<\/a> (gratuit\u00e9 du stationnement, animation, \u00e9clairage public) visant \u00e0 favoriser le commerce.<\/p>\n<p class=\" wall-content\">L\u2019arriv\u00e9e de <a href=\"https:\/\/actu.fr\/auvergne-rhone-alpes\/saint-etienne_42218\/saint-etienne-les-halles-mazerat-trouvent-un-repreneur-voici-le-nouveau-concept_62894359.html\" target=\"_blank\" rel=\"noopener\">La Commune aux Halles Mazerat<\/a> pourrait aussi participer \u00e0 redynamiser un hypercentre tristounet.<\/p>\n<p class=\" wall-content\">Personnalisez votre actualit\u00e9 en ajoutant vos villes et m\u00e9dias en favori avec <a href=\"https:\/\/moncompte.actu.fr\" title=\"D\u00e9couvez Mon Actu\" rel=\"nofollow noopener\" data-trk=\"{&quot;cta&quot;:{&quot;action&quot;:&quot;https:\\\/\\\/moncompte.actu.fr&quot;,&quot;category&quot;:&quot;mon compte&quot;,&quot;from&quot;:&quot;article footer&quot;,&quot;name&quot;:&quot;Mon actu&quot;,&quot;type&quot;:&quot;cta&quot;}}\" target=\"_blank\">Mon Actu<\/a>.<\/p>\n","protected":false},"excerpt":{"rendered":"Par Mathias Souteyrat Publi\u00e9 le 26 ao\u00fbt 2025 \u00e0 6h34 Le magasin Adidas rue Alsace-Lorraine dans le centre-ville&hellip;\n","protected":false},"author":2,"featured_media":344461,"comment_status":"","ping_status":"","sticky":false,"template":"","format":"standard","meta":{"footnotes":""},"categories":[9653],"tags":[1111,11,2430,215,33,1777,674,1011,27,12,2922,25,4001],"class_list":{"0":"post-344460","1":"post","2":"type-post","3":"status-publish","4":"format-standard","5":"has-post-thumbnail","7":"category-saint-etienne","8":"tag-actu","9":"tag-actualites","10":"tag-auvergne-rhone-alpes","11":"tag-commerce","12":"tag-economie","13":"tag-eu","14":"tag-europe","15":"tag-fr","16":"tag-france","17":"tag-news","18":"tag-pouvoir-dachat","19":"tag-republique-francaise","20":"tag-saint-etienne"},"share_on_mastodon":{"url":"https:\/\/pubeurope.com\/@fr\/115093419403792976","error":""},"_links":{"self":[{"href":"https:\/\/www.europesays.com\/fr\/wp-json\/wp\/v2\/posts\/344460","targetHints":{"allow":["GET"]}}],"collection":[{"href":"https:\/\/www.europesays.com\/fr\/wp-json\/wp\/v2\/posts"}],"about":[{"href":"https:\/\/www.europesays.com\/fr\/wp-json\/wp\/v2\/types\/post"}],"author":[{"embeddable":true,"href":"https:\/\/www.europesays.com\/fr\/wp-json\/wp\/v2\/users\/2"}],"replies":[{"embeddable":true,"href":"https:\/\/www.europesays.com\/fr\/wp-json\/wp\/v2\/comments?post=344460"}],"version-history":[{"count":0,"href":"https:\/\/www.europesays.com\/fr\/wp-json\/wp\/v2\/posts\/344460\/revisions"}],"wp:featuredmedia":[{"embeddable":true,"href":"https:\/\/www.europesays.com\/fr\/wp-json\/wp\/v2\/media\/344461"}],"wp:attachment":[{"href":"https:\/\/www.europesays.com\/fr\/wp-json\/wp\/v2\/media?parent=344460"}],"wp:term":[{"taxonomy":"category","embeddable":true,"href":"https:\/\/www.europesays.com\/fr\/wp-json\/wp\/v2\/categories?post=344460"},{"taxonomy":"post_tag","embeddable":true,"href":"https:\/\/www.europesays.com\/fr\/wp-json\/wp\/v2\/tags?post=344460"}],"curies":[{"name":"wp","href":"https:\/\/api.w.org\/{rel}","templated":true}]}}