{"id":344462,"date":"2025-08-26T05:29:15","date_gmt":"2025-08-26T05:29:15","guid":{"rendered":"https:\/\/www.europesays.com\/fr\/344462\/"},"modified":"2025-08-26T05:29:15","modified_gmt":"2025-08-26T05:29:15","slug":"greve-a-la-sncf-la-region-exige-un-retour-a-la-normale-entre-saint-etienne-et-lyon","status":"publish","type":"post","link":"https:\/\/www.europesays.com\/fr\/344462\/","title":{"rendered":"Gr\u00e8ve \u00e0 la SNCF : la R\u00e9gion exige un retour \u00e0 la normale entre Saint-\u00c9tienne et Lyon"},"content":{"rendered":"<p>Dans un communiqu\u00e9, la R\u00e9gion Auvergne-Rh\u00f4ne-Alpes demande \u00e0 la SNCF de r\u00e9soudre le conflit social en cours depuis la mi-juillet avec les aiguilleurs de l&rsquo;\u00e9toile st\u00e9phanoise.<\/p>\n<p>Elle ne veut pas de perturbations pour la rentr\u00e9e. La <b>R\u00e9gion Auvergne-Rh\u00f4ne-Alpes<\/b> monte au cr\u00e9neau apr\u00e8s un \u00e9t\u00e9 agit\u00e9 sur les rails.<\/p>\n<p>Depuis la mi-juillet, un mouvement social local <b>des aiguilleurs de l&rsquo;\u00e9toile st\u00e9phanoise<\/b> perturbe la circulation dans le secteur, notamment sur la ligne <b>Saint-\u00c9tienne \/ Givors \/ Lyon<\/b>. Un axe emprunt\u00e9 par pr\u00e8s de 20.000 voyageurs par jour. Les dessertes de <b>Firminy<\/b> et de <b>Roanne<\/b> sont \u00e9galement impact\u00e9es.<\/p>\n<p>\u00ab\u00a0Cette situation n&rsquo;a que trop dur\u00e9\u00a0\u00bb<\/p>\n<p>Cette mobilisation provoque, en effet, <b>une diminution du nombre de trains<\/b> mis en place habituellement par la R\u00e9gion, autorit\u00e9 organisatrice des transports collectifs en Auvergne-Rh\u00f4ne-Alpes.<\/p>\n<p>Son pr\u00e9sident, <b>Fabrice Pannekoucke<\/b>, et son vice-pr\u00e9sident d\u00e9l\u00e9gu\u00e9 aux Transports, <b>Fr\u00e9d\u00e9ric Aguilera<\/b>, demandent ainsi \u00ab\u00a0\u00e0 la direction de SNCF R\u00e9seau de <b>r\u00e9soudre ce conflit social<\/b>, afin que la R\u00e9gion puisse faire rouler ses trains correctement et ne pas p\u00e9naliser les usagers \u00e0 l&rsquo;approche du 1er septembre\u00a0\u00bb.<\/p>\n<p>\u00ab\u00a0Cette situation n&rsquo;a que trop dur\u00e9. <b>Elle n&rsquo;est pas admissible<\/b> pour les habitants du\u00a0territoire qui utilisent les transports au quotidien\u00a0\u00bb, pr\u00e9cisent les \u00e9lus r\u00e9gionaux.<\/p>\n<p><img loading=\"lazy\" decoding=\"async\" src=\"https:\/\/www.europesays.com\/fr\/wp-content\/uploads\/2025\/08\/1756186155_465_img\" width=\"350\" height=\"200\" border=\"0\" title=\"Le m\u00c3\u00a9tro B ne circulera pas pendant deux jours \u00c3\u00a0 Lyon\"\/><\/p>\n<p>\u25baTransport<\/p>\n<p style=\"font-size: 22px;\"><b>Lyon : le m\u00e9tro B \u00e0 l&rsquo;arr\u00eat pendant deux jours\u00a0<\/b><\/p>\n<p>Le m\u00e9tro B ne circulera pas \u00e0 Lyon du mardi 26&#8230;<\/p>\n<p><\/p>\n","protected":false},"excerpt":{"rendered":"Dans un communiqu\u00e9, la R\u00e9gion Auvergne-Rh\u00f4ne-Alpes demande \u00e0 la SNCF de r\u00e9soudre le conflit social en cours depuis&hellip;\n","protected":false},"author":2,"featured_media":344463,"comment_status":"","ping_status":"","sticky":false,"template":"","format":"standard","meta":{"footnotes":""},"categories":[9653],"tags":[1111,11,30026,2430,3542,1777,674,10282,1011,27,19625,2428,12,48071,25,9838,9920,4001,2215,6472,926],"class_list":{"0":"post-344462","1":"post","2":"type-post","3":"status-publish","4":"format-standard","5":"has-post-thumbnail","7":"category-saint-etienne","8":"tag-actu","9":"tag-actualites","10":"tag-auvergne-rhne-alpes","11":"tag-auvergne-rhone-alpes","12":"tag-circulation","13":"tag-eu","14":"tag-europe","15":"tag-firminy","16":"tag-fr","17":"tag-france","18":"tag-givors","19":"tag-lyon","20":"tag-news","21":"tag-rgion","22":"tag-republique-francaise","23":"tag-roanne","24":"tag-saint-tienne","25":"tag-saint-etienne","26":"tag-sncf","27":"tag-ter","28":"tag-train"},"share_on_mastodon":{"url":"https:\/\/pubeurope.com\/@fr\/115093423026271727","error":""},"_links":{"self":[{"href":"https:\/\/www.europesays.com\/fr\/wp-json\/wp\/v2\/posts\/344462","targetHints":{"allow":["GET"]}}],"collection":[{"href":"https:\/\/www.europesays.com\/fr\/wp-json\/wp\/v2\/posts"}],"about":[{"href":"https:\/\/www.europesays.com\/fr\/wp-json\/wp\/v2\/types\/post"}],"author":[{"embeddable":true,"href":"https:\/\/www.europesays.com\/fr\/wp-json\/wp\/v2\/users\/2"}],"replies":[{"embeddable":true,"href":"https:\/\/www.europesays.com\/fr\/wp-json\/wp\/v2\/comments?post=344462"}],"version-history":[{"count":0,"href":"https:\/\/www.europesays.com\/fr\/wp-json\/wp\/v2\/posts\/344462\/revisions"}],"wp:featuredmedia":[{"embeddable":true,"href":"https:\/\/www.europesays.com\/fr\/wp-json\/wp\/v2\/media\/344463"}],"wp:attachment":[{"href":"https:\/\/www.europesays.com\/fr\/wp-json\/wp\/v2\/media?parent=344462"}],"wp:term":[{"taxonomy":"category","embeddable":true,"href":"https:\/\/www.europesays.com\/fr\/wp-json\/wp\/v2\/categories?post=344462"},{"taxonomy":"post_tag","embeddable":true,"href":"https:\/\/www.europesays.com\/fr\/wp-json\/wp\/v2\/tags?post=344462"}],"curies":[{"name":"wp","href":"https:\/\/api.w.org\/{rel}","templated":true}]}}