{"id":344474,"date":"2025-08-26T05:36:12","date_gmt":"2025-08-26T05:36:12","guid":{"rendered":"https:\/\/www.europesays.com\/fr\/344474\/"},"modified":"2025-08-26T05:36:12","modified_gmt":"2025-08-26T05:36:12","slug":"a-montpellier-loffre-de-logements-etudiants-progresse-mais-reste-insuffisante","status":"publish","type":"post","link":"https:\/\/www.europesays.com\/fr\/344474\/","title":{"rendered":"\u00c0 Montpellier, l\u2019offre de logements \u00e9tudiants progresse, mais reste insuffisante"},"content":{"rendered":"<p>\u201cD\u00e8s que je poste l\u2019annonce, je re\u00e7ois une quarantaine de messages dans la journ\u00e9e\u201d, raconte Thomas*, propri\u00e9taire d\u2019un studio meubl\u00e9 dans le quartier des Arceaux, \u00e0 Montpellier. Certains vont jusqu\u2019\u00e0 lui proposer d\u2019avancer une importante somme en liquide pour r\u00e9server l\u2019appartement. Isabelle*, qui poss\u00e8de plusieurs logements \u00e0 Montpellier, confirme la tension du march\u00e9 : \u201cMon studio \u00e9tudiant, lui, n\u2019est jamais vide.\u201d<\/p>\n","protected":false},"excerpt":{"rendered":"\u201cD\u00e8s que je poste l\u2019annonce, je re\u00e7ois une quarantaine de messages dans la journ\u00e9e\u201d, raconte Thomas*, propri\u00e9taire d\u2019un&hellip;\n","protected":false},"author":2,"featured_media":344475,"comment_status":"","ping_status":"","sticky":false,"template":"","format":"standard","meta":{"footnotes":""},"categories":[9599],"tags":[1111,11,1777,674,1011,27,2208,12,2680,25],"class_list":{"0":"post-344474","1":"post","2":"type-post","3":"status-publish","4":"format-standard","5":"has-post-thumbnail","7":"category-montpellier","8":"tag-actu","9":"tag-actualites","10":"tag-eu","11":"tag-europe","12":"tag-fr","13":"tag-france","14":"tag-montpellier","15":"tag-news","16":"tag-occitanie","17":"tag-republique-francaise"},"share_on_mastodon":{"url":"https:\/\/pubeurope.com\/@fr\/115093450450048305","error":""},"_links":{"self":[{"href":"https:\/\/www.europesays.com\/fr\/wp-json\/wp\/v2\/posts\/344474","targetHints":{"allow":["GET"]}}],"collection":[{"href":"https:\/\/www.europesays.com\/fr\/wp-json\/wp\/v2\/posts"}],"about":[{"href":"https:\/\/www.europesays.com\/fr\/wp-json\/wp\/v2\/types\/post"}],"author":[{"embeddable":true,"href":"https:\/\/www.europesays.com\/fr\/wp-json\/wp\/v2\/users\/2"}],"replies":[{"embeddable":true,"href":"https:\/\/www.europesays.com\/fr\/wp-json\/wp\/v2\/comments?post=344474"}],"version-history":[{"count":0,"href":"https:\/\/www.europesays.com\/fr\/wp-json\/wp\/v2\/posts\/344474\/revisions"}],"wp:featuredmedia":[{"embeddable":true,"href":"https:\/\/www.europesays.com\/fr\/wp-json\/wp\/v2\/media\/344475"}],"wp:attachment":[{"href":"https:\/\/www.europesays.com\/fr\/wp-json\/wp\/v2\/media?parent=344474"}],"wp:term":[{"taxonomy":"category","embeddable":true,"href":"https:\/\/www.europesays.com\/fr\/wp-json\/wp\/v2\/categories?post=344474"},{"taxonomy":"post_tag","embeddable":true,"href":"https:\/\/www.europesays.com\/fr\/wp-json\/wp\/v2\/tags?post=344474"}],"curies":[{"name":"wp","href":"https:\/\/api.w.org\/{rel}","templated":true}]}}