{"id":344476,"date":"2025-08-26T05:43:23","date_gmt":"2025-08-26T05:43:23","guid":{"rendered":"https:\/\/www.europesays.com\/fr\/344476\/"},"modified":"2025-08-26T05:43:23","modified_gmt":"2025-08-26T05:43:23","slug":"ligue-2-moins-50-pour-les-grenoblois-dans-le-chaudron","status":"publish","type":"post","link":"https:\/\/www.europesays.com\/fr\/344476\/","title":{"rendered":"Ligue 2 &#8211; Moins 50 pour les Grenoblois dans le Chaudron"},"content":{"rendered":"<p>Une certaine animosit\u00e9 existe entre les groupes ultras st\u00e9phanois et ceux grenoblois, mais aussi un respect mutuel. Lors de son dernier passage dans le Forez, le Grenoble Foot 38 avait pu compter sur 500 supporters, pas un de plus en raison de l&rsquo;arr\u00eat\u00e9 publi\u00e9 par la Pr\u00e9f\u00e9cture de la Loire. Cette fois-ci, la Pr\u00e9f\u00e9cture a d\u00e9cid\u00e9 de diminuer cette jaune de 50 places, ils ne seront que 450 autoris\u00e9s \u00e0 effectuer le d\u00e9placement.<\/p>\n<p>Un d\u00e9placement qui doit exclusivement s&rsquo;effectuer en bus ou minibus avec un point de rendez-vous fix\u00e9 \u00e0 18h00 \u00e0 l&rsquo;aire de Saint-Romain-en-Gier (A47) pour \u00eatre escort\u00e9 jusqu&rsquo;au secteur r\u00e9serv\u00e9 aux visiteurs. Les Pr\u00e9fets changent mais la doctrine reste la m\u00eame.<\/p>\n","protected":false},"excerpt":{"rendered":"Une certaine animosit\u00e9 existe entre les groupes ultras st\u00e9phanois et ceux grenoblois, mais aussi un respect mutuel. Lors&hellip;\n","protected":false},"author":2,"featured_media":344477,"comment_status":"","ping_status":"","sticky":false,"template":"","format":"standard","meta":{"footnotes":""},"categories":[9566],"tags":[1111,11,2430,1777,674,1011,27,2731,12,25],"class_list":{"0":"post-344476","1":"post","2":"type-post","3":"status-publish","4":"format-standard","5":"has-post-thumbnail","7":"category-grenoble","8":"tag-actu","9":"tag-actualites","10":"tag-auvergne-rhone-alpes","11":"tag-eu","12":"tag-europe","13":"tag-fr","14":"tag-france","15":"tag-grenoble","16":"tag-news","17":"tag-republique-francaise"},"share_on_mastodon":{"url":"https:\/\/pubeurope.com\/@fr\/115093478108137690","error":""},"_links":{"self":[{"href":"https:\/\/www.europesays.com\/fr\/wp-json\/wp\/v2\/posts\/344476","targetHints":{"allow":["GET"]}}],"collection":[{"href":"https:\/\/www.europesays.com\/fr\/wp-json\/wp\/v2\/posts"}],"about":[{"href":"https:\/\/www.europesays.com\/fr\/wp-json\/wp\/v2\/types\/post"}],"author":[{"embeddable":true,"href":"https:\/\/www.europesays.com\/fr\/wp-json\/wp\/v2\/users\/2"}],"replies":[{"embeddable":true,"href":"https:\/\/www.europesays.com\/fr\/wp-json\/wp\/v2\/comments?post=344476"}],"version-history":[{"count":0,"href":"https:\/\/www.europesays.com\/fr\/wp-json\/wp\/v2\/posts\/344476\/revisions"}],"wp:featuredmedia":[{"embeddable":true,"href":"https:\/\/www.europesays.com\/fr\/wp-json\/wp\/v2\/media\/344477"}],"wp:attachment":[{"href":"https:\/\/www.europesays.com\/fr\/wp-json\/wp\/v2\/media?parent=344476"}],"wp:term":[{"taxonomy":"category","embeddable":true,"href":"https:\/\/www.europesays.com\/fr\/wp-json\/wp\/v2\/categories?post=344476"},{"taxonomy":"post_tag","embeddable":true,"href":"https:\/\/www.europesays.com\/fr\/wp-json\/wp\/v2\/tags?post=344476"}],"curies":[{"name":"wp","href":"https:\/\/api.w.org\/{rel}","templated":true}]}}