{"id":344478,"date":"2025-08-26T05:44:13","date_gmt":"2025-08-26T05:44:13","guid":{"rendered":"https:\/\/www.europesays.com\/fr\/344478\/"},"modified":"2025-08-26T05:44:13","modified_gmt":"2025-08-26T05:44:13","slug":"parmi-les-joueurs-annonces-une-star-mondiale-en-lice","status":"publish","type":"post","link":"https:\/\/www.europesays.com\/fr\/344478\/","title":{"rendered":"parmi les joueurs annonc\u00e9s, une star mondiale en lice"},"content":{"rendered":"<p>            Par<br \/>\n        <strong><br \/>\n            <a href=\"https:\/\/actu.fr\/auteur\/lou-batteux\" title=\"Consulter tous les articles de Lou Batteux\" rel=\"nofollow noopener\" target=\"_blank\">Lou Batteux<\/a><br \/>\n        <\/strong><\/p>\n<p>        Publi\u00e9 le<\/p>\n<p>            26 ao\u00fbt 2025 \u00e0 6h32        <\/p>\n<p>C\u2019est la <strong>19\u1d49 \u00e9dition<\/strong>. \u00c0 la rentr\u00e9e, l\u2019Open Blot Rennes fera son grand retour au <strong>Libert\u00e9<\/strong>. Du lundi\u00a08 au dimanche 14\u00a0septembre 2025, le tournoi <strong>\u00e9tape <\/strong><strong>du circuit\u00a0ATP Challenger Tour<\/strong> accueillera de nombreux sportifs dont des noms r\u00e9put\u00e9s dans le monde du tennis.<\/p>\n<p class=\" wall-content\">Comme chaque ann\u00e9e, l\u2019Open Blot rassemblera <strong>32 tennismans professionnels<\/strong> pendant sept jours de tournoi. Pour cette \u00e9dition, une partie des matchs se d\u00e9roulera \u00e0 la <strong>salle Colette-Besson<\/strong>, au 12, boulevard Albert 1er. L\u2019acc\u00e8s \u00e0 ce \u00ab\u2009court annexe\u2009\u00bb sera <strong>gratuit<\/strong>.<\/p>\n<p>Une l\u00e9gende du tennis mondial<\/p>\n<p class=\" wall-content\">Ex-num\u00e9ro\u00a03 mondial, triple vainqueur en Grand Chelem et m\u00e9daill\u00e9 olympique, le Suisse <strong>Stanislas Wawrinka<\/strong> prendra part \u00e0 l\u2019\u00e9v\u00e8nement rennais cette ann\u00e9e. \u00c0 40\u00a0ans, il occupe toujours la 146e place mondiale et \u00ab\u2009reste un mod\u00e8le de long\u00e9vit\u00e9\u2009\u00bb.<\/p>\n<blockquote class=\"ac-article-quote wall-content\">\n<p>Rares sont les tournois Challenger pouvant se targuer d&rsquo;attirer aussi r\u00e9guli\u00e8rement des joueurs de ce calibre.<\/p>\n<p>    <strong>Nicolas Mahut<\/strong><br \/>\n        Directeur sportif du tournoi    <\/p><\/blockquote>\n<p class=\" wall-content\">\u00ab\u2009Une superbe nouvelle pour le public rennais\u2009\u00bb, selon Matthieu Blesteau, directeur du tournoi. Aux c\u00f4t\u00e9s de \u00ab\u2009Stan The Man\u2009\u00bb figurent \u00e9galement d\u2019autres r\u00e9f\u00e9rences. Voici les 20 autres noms r\u00e9v\u00e9l\u00e9s pour l\u2019instant\u2009:<\/p>\n<ul class=\" wall-content\">\n<li>Adrian Mannarino (Fran\u00e7ais), n\u00b0\u00a073 ATP\u2009;<\/li>\n<li>Hugo Gaston (Fran\u00e7ais), n\u00b0\u00a0125 ATP\u2009;<\/li>\n<li>Pierre-Hugues Herbert (Fran\u00e7ais), n\u00b0\u00a0139 ATP\u2009;<\/li>\n<li>Harold Mayot (Fran\u00e7ais), n\u00b0\u00a0152 ATP\u2009;<\/li>\n<li>Titouan Droguet (Fran\u00e7ais), n\u00b0\u00a0161 ATP\u2009;<\/li>\n<li>Kyrian Jacquet (Fran\u00e7ais), n\u00b0\u00a0166 ATP\u2009;<\/li>\n<li>Ugo Blanchet (Fran\u00e7ais), n\u00b0\u00a0184 ATP\u2009;<\/li>\n<li>Calvin Hemery (Fran\u00e7ais), n\u00b0\u00a0185 ATP\u2009;<\/li>\n<li>Sascha Gueymard Wayenburg (Fran\u00e7ais), n\u00b0\u00a0208 ATP\u2009;<\/li>\n<li>Federico Cina (Italien), n\u00b0\u00a0216 ATP\u2009;<\/li>\n<li>Arthur Bouquier (Fran\u00e7ais), n\u00b0\u00a0220 ATP\u2009;<\/li>\n<li>Justin Engel (Allemand), n\u00b0\u00a0223 ATP\u2009;<\/li>\n<li>Cl\u00e9ment Chidekh (Fran\u00e7ais), n\u00b0\u00a0225 ATP\u2009;<\/li>\n<li>Mikhail Kukushkin (Kazakh), n\u00b0\u00a0236 ATP\u2009;<\/li>\n<li>Arthur Fery (Britannique), n\u00b0\u00a0237 ATP\u2009;<\/li>\n<li>Marek Gengel (Tch\u00e8que), n\u00b0\u00a0250 ATP\u2009;<\/li>\n<li>Ilya Ivashka (Bi\u00e9lorusse), n\u00b0\u00a0269 ATP\u2009;<\/li>\n<li>Christoph Negritu (Allemand), n\u00b0\u00a0272 ATP\u2009;<\/li>\n<li>Matteo Martineau (Fran\u00e7ais), n\u00b0\u00a0273 ATP\u2009;<\/li>\n<li>Patrick Zahraj (Allemand), n\u00b0\u00a0274 ATP.<\/li>\n<\/ul>\n<p>Votre r\u00e9gion, votre actu !<\/p>\n<p>Recevez chaque jour les infos qui comptent pour vous.<\/p>\n<p>\t<a href=\"https:\/\/actu.fr\/newsletter\" class=\"ac-btn ac-btn--corner ac-btn--medium ac-btn--blue800\" rel=\"nofollow noopener\" target=\"_blank\">S&rsquo;incrire<\/a><br \/>\nDes rencontres \u00e0 voir gratuitement<\/p>\n<p class=\" wall-content\">21 premi\u00e8res t\u00eates ont donc \u00e9t\u00e9 d\u00e9voil\u00e9es, mais \u00ab\u2009le plateau reste incomplet avant le tirage au sort du samedi 6\u00a0septembre\u2009\u00bb. Onze joueurs doivent donc encore int\u00e9grer ce plateau. Six d\u2019entre eux seront d\u2019ailleurs issus des\u00a0<strong>qualifications qui se joueront le dimanche 7\u00a0septembre \u00e0 la salle Colette-Besson<\/strong>. L\u2019acc\u00e8s y est\u00a0<strong>gratuit pour les spectateurs<\/strong>\u00a0et de possibles grands noms seront \u00e0 compter parmi les participants, comme\u00a0<strong>Beno\u00eet Paire<\/strong>.<\/p>\n<p class=\" wall-content\">Pour assister aux matchs, rendez-vous sur la billetterie disponible sur <a href=\"https:\/\/www.openderennes.org\/billetterie\" rel=\"nofollow noopener\" target=\"_blank\">le site de l\u2019Open Blot Rennes<\/a>. Un <strong>pack famille<\/strong> est propos\u00e9 cette ann\u00e9e. Ainsi, un adulte accompagn\u00e9 de deux adolescents (entre 14 et 18\u00a0ans) peut b\u00e9n\u00e9ficier d\u2019un <strong>billet offert<\/strong>.<\/p>\n<p class=\" wall-content\">Les enfants de 0 \u00e0 13\u00a0ans b\u00e9n\u00e9ficient toujours d\u2019un <strong>tarif r\u00e9duit \u00e0 4\u00a0euros<\/strong>, tout comme les \u00e9tudiants, demandeurs d\u2019emploi, RSA, AAH et ceux qui disposent de la carte Sortir, sur pr\u00e9sentation d\u2019un justificatif. Le village est ouvert \u00e0 tous, sans avoir besoin d\u2019un billet.<\/p>\n<p class=\" wall-content\">Les horaires des rencontres pour chaque journ\u00e9e sont renseign\u00e9s sur <a href=\"https:\/\/www.openderennes.org\/programme-previsionnel\" rel=\"nofollow noopener\" target=\"_blank\">le site de l\u2019Open Blot<\/a> \u00e9galement.<\/p>\n<p class=\" wall-content\">Personnalisez votre actualit\u00e9 en ajoutant vos villes et m\u00e9dias en favori avec <a href=\"https:\/\/moncompte.actu.fr\" title=\"D\u00e9couvez Mon Actu\" rel=\"nofollow noopener\" data-trk=\"{&quot;cta&quot;:{&quot;action&quot;:&quot;https:\\\/\\\/moncompte.actu.fr&quot;,&quot;category&quot;:&quot;mon compte&quot;,&quot;from&quot;:&quot;article footer&quot;,&quot;name&quot;:&quot;Mon actu&quot;,&quot;type&quot;:&quot;cta&quot;}}\" target=\"_blank\">Mon Actu<\/a>.<\/p>\n","protected":false},"excerpt":{"rendered":"Par Lou Batteux Publi\u00e9 le 26 ao\u00fbt 2025 \u00e0 6h32 C\u2019est la 19\u1d49 \u00e9dition. \u00c0 la rentr\u00e9e, l\u2019Open&hellip;\n","protected":false},"author":2,"featured_media":234398,"comment_status":"","ping_status":"","sticky":false,"template":"","format":"standard","meta":{"footnotes":""},"categories":[2821],"tags":[1111,11,829,1777,674,1011,27,12,584,25,60,1467],"class_list":{"0":"post-344478","1":"post","2":"type-post","3":"status-publish","4":"format-standard","5":"has-post-thumbnail","7":"category-rennes","8":"tag-actu","9":"tag-actualites","10":"tag-bretagne","11":"tag-eu","12":"tag-europe","13":"tag-fr","14":"tag-france","15":"tag-news","16":"tag-rennes","17":"tag-republique-francaise","18":"tag-sports","19":"tag-tennis"},"share_on_mastodon":{"url":"https:\/\/pubeurope.com\/@fr\/115093482062268850","error":""},"_links":{"self":[{"href":"https:\/\/www.europesays.com\/fr\/wp-json\/wp\/v2\/posts\/344478","targetHints":{"allow":["GET"]}}],"collection":[{"href":"https:\/\/www.europesays.com\/fr\/wp-json\/wp\/v2\/posts"}],"about":[{"href":"https:\/\/www.europesays.com\/fr\/wp-json\/wp\/v2\/types\/post"}],"author":[{"embeddable":true,"href":"https:\/\/www.europesays.com\/fr\/wp-json\/wp\/v2\/users\/2"}],"replies":[{"embeddable":true,"href":"https:\/\/www.europesays.com\/fr\/wp-json\/wp\/v2\/comments?post=344478"}],"version-history":[{"count":0,"href":"https:\/\/www.europesays.com\/fr\/wp-json\/wp\/v2\/posts\/344478\/revisions"}],"wp:featuredmedia":[{"embeddable":true,"href":"https:\/\/www.europesays.com\/fr\/wp-json\/wp\/v2\/media\/234398"}],"wp:attachment":[{"href":"https:\/\/www.europesays.com\/fr\/wp-json\/wp\/v2\/media?parent=344478"}],"wp:term":[{"taxonomy":"category","embeddable":true,"href":"https:\/\/www.europesays.com\/fr\/wp-json\/wp\/v2\/categories?post=344478"},{"taxonomy":"post_tag","embeddable":true,"href":"https:\/\/www.europesays.com\/fr\/wp-json\/wp\/v2\/tags?post=344478"}],"curies":[{"name":"wp","href":"https:\/\/api.w.org\/{rel}","templated":true}]}}