{"id":344479,"date":"2025-08-26T05:45:53","date_gmt":"2025-08-26T05:45:53","guid":{"rendered":"https:\/\/www.europesays.com\/fr\/344479\/"},"modified":"2025-08-26T05:45:53","modified_gmt":"2025-08-26T05:45:53","slug":"lorient-rennes-4-0-on-a-trop-dagressivite-le-cauchemar-des-joueurs-dhabib-beye-dans-le-derby-breton","status":"publish","type":"post","link":"https:\/\/www.europesays.com\/fr\/344479\/","title":{"rendered":"Lorient-Rennes (4-0)\u00a0: \u00ab\u00a0On a trop d\u2019agressivit\u00e9\u00a0\u00bb, le cauchemar des joueurs d\u2019Habib Beye dans le derby breton"},"content":{"rendered":"<p class=\"paragraph text_align_left lp-f-body-02\">\u00ab Les deux cartons rouges sont m\u00e9rit\u00e9s au vu des images \u00bb a conc\u00e9d\u00e9 <a href=\"https:\/\/www.leparisien.fr\/sports\/football\/ligue-1\/il-a-la-maturite-apres-une-premiere-reussie-avec-rennes-habib-beye-a-t-il-les-epaules-pour-la-l-1-02-02-2025-AQNA3XHP6BBJRK5SBEHQWFREIU.php\" target=\"_self\" rel=\"nofollow noopener\">Habib Beye<\/a> en conf\u00e9rence de presse \u00e0 l\u2019issue de la d\u00e9faite des siens \u00e0 Lorient (4-0). Et on ne peut pas tellement lui donner tort.<\/p>\n<p class=\"paragraph text_align_left lp-f-body-02\">Ses joueurs ont \u00e9t\u00e9 coupables de plusieurs \u00ab maladresses \u00bb lors de cette deuxi\u00e8me journ\u00e9e de <a href=\"https:\/\/r.search.yahoo.com\/_ylt=Awr.iXENRqtoDwIAq2VjAQx.;_ylu=Y29sbwNpcjIEcG9zAzEEdnRpZAMEc2VjA3Ny\/RV=2\/RE=1757264653\/RO=10\/RU=https%3a%2f%2fwww.leparisien.fr%2fsports%2ffootball%2fligue-1%2f\/RK=2\/RS=SapRBK44MkVo138cn7xq0Ew9Qhg-\" target=\"_self\" rel=\"nofollow noopener\">Ligue 1<\/a>, notamment Mahdi Camara. Pour sa premi\u00e8re titularisation et apr\u00e8s seulement six minutes, l\u2019ancien Brestois a lev\u00e9 sa jambe droite au niveau du torse du Lorientais Dermane Karim. L\u2019arbitre de la rencontre, J\u00e9r\u00f4me Brisard, n\u2019a alors pas h\u00e9sit\u00e9 une seconde et exclu directement le milieu rennais.<\/p>\n<p>Wooh frustr\u00e9<\/p>\n<p class=\"paragraph text_align_left lp-f-body-02\">\u00c0 10 contre 11, le match allait \u00eatre compliqu\u00e9. Sauf que les Rennais s\u2019\u00e9taient impos\u00e9s dans cette situation contre <a href=\"https:\/\/www.leparisien.fr\/sports\/football\/ligue-1\/rennes-marseille-0-0-en-inferiorite-numerique-pendant-plus-dune-heure-rennes-crucifie-lom-15-08-2025-N2UGYQ3ZKZDTRMKRWNSFVMSCNM.php\" target=\"_self\" rel=\"nofollow noopener\">l\u2019OM la semaine derni\u00e8re (1-0)<\/a>. Mais quand l\u2019attaquant des Merlus, Tosin, s\u2019est avanc\u00e9 aux abords de la surface quatre minutes plus tard, pr\u00eat \u00e0 jouer son duel contre Brice Samba, le d\u00e9fenseur Christopher Wooh s\u2019est interpos\u00e9.<\/p>\n<p class=\"paragraph text_align_left lp-f-body-02\">D\u2019un tacle rageur et non ma\u00eetris\u00e9, il a d\u00e9s\u00e9quilibr\u00e9 l\u2019attaquant et fait briller l\u2019arbitre de nouveau : carton rouge. Le Stade Rennais devait jouer 80 minutes \u00e0 9\u2026 \u00ab De l\u2019agressivit\u00e9, il nous en faut, a plaid\u00e9 Beye. L\u2019ann\u00e9e derni\u00e8re, on n\u2019en avait pas assez, maintenant on en a trop. Wooh \u00e9tait le dernier d\u00e9fenseur, c\u2019est m\u00e9rit\u00e9. \u00bb<\/p>\n<p class=\"paragraph text_align_left lp-f-body-02\">En sortant du terrain, le d\u00e9fenseur s\u2019est d\u2019ailleurs bless\u00e9 suite \u00e0 un <a href=\"https:\/\/www.leparisien.fr\/sports\/football\/ligue-1\/ligue-1-expulse-a-lorient-le-rennais-christopher-wooh-sest-blesse-apres-un-geste-dhumeur-24-08-2025-M5DPBP6ZSFFB7EKLP4D7PRBIWY.php\" target=\"_self\" rel=\"nofollow noopener\">geste de frustration<\/a>. Il aurait frapp\u00e9 dans un mur de l\u2019enceinte du Moustoir et termin\u00e9 \u00e0 l\u2019h\u00f4pital pour se faire recoudre l\u2019avant-bras.<\/p>\n<p>Lorient a fait le travail<\/p>\n<p class=\"paragraph text_align_left lp-f-body-02\">Pour Habib Beye, les deux expulsions rendent la partie \u00ab difficile \u00e0 analyser \u00bb. Mais \u00e0 la pause, son \u00e9quipe n\u2019\u00e9tait men\u00e9e que 1-0 apr\u00e8s le joli but de Soumano (45e + 4). \u00ab On a r\u00e9ussi \u00e0 les mettre en difficult\u00e9 \u00bb a-t-il soulign\u00e9. La frappe de Seko Fofana sur le poteau (21e) a provoqu\u00e9 un frisson aux Lorientais, mais Rennes \u00ab n\u2019a surtout pas ma\u00eetris\u00e9 le momentum de ce match \u00bb.<\/p>\n<p class=\"paragraph text_align_left lp-f-body-02\">Le 2-0 de Tosin encaiss\u00e9 \u00e0 la 47e minute a ent\u00e9rin\u00e9 les espoirs rennais. Pagis (65e) et Le Bris (69e) ont alourdi ensuite la marque pour une victoire 4-0.<\/p>\n<p class=\"paragraph text_align_left lp-f-body-02\">Mais le mal ne s\u2019arr\u00eate pas l\u00e0. Absent ce dimanche, Mousa Al-Tamari est arriv\u00e9 en retard \u00e0 l\u2019entra\u00eenement pendant la semaine et a \u00e9t\u00e9 sanctionn\u00e9. M\u00eame chose pour Mikayil Faye la semaine derni\u00e8re. Habib Beye a alors d\u00e9nonc\u00e9 le comportement de ses joueurs : \u00ab \u00c0 un moment donn\u00e9, c\u2019est de la conscience pro. Si vous ne l\u2019avez pas au Stade rennais, soit des choix sont faits, soit vous allez voir ailleurs. \u00bb Ambiance\u2026<\/p>\n","protected":false},"excerpt":{"rendered":"\u00ab Les deux cartons rouges sont m\u00e9rit\u00e9s au vu des images \u00bb a conc\u00e9d\u00e9 Habib Beye en conf\u00e9rence&hellip;\n","protected":false},"author":2,"featured_media":344480,"comment_status":"","ping_status":"","sticky":false,"template":"","format":"standard","meta":{"footnotes":""},"categories":[2821],"tags":[1111,11,829,1777,674,63,1011,27,66,12,584,25,60],"class_list":{"0":"post-344479","1":"post","2":"type-post","3":"status-publish","4":"format-standard","5":"has-post-thumbnail","7":"category-rennes","8":"tag-actu","9":"tag-actualites","10":"tag-bretagne","11":"tag-eu","12":"tag-europe","13":"tag-football","14":"tag-fr","15":"tag-france","16":"tag-ligue-1","17":"tag-news","18":"tag-rennes","19":"tag-republique-francaise","20":"tag-sports"},"share_on_mastodon":{"url":"https:\/\/pubeurope.com\/@fr\/115093489893369211","error":""},"_links":{"self":[{"href":"https:\/\/www.europesays.com\/fr\/wp-json\/wp\/v2\/posts\/344479","targetHints":{"allow":["GET"]}}],"collection":[{"href":"https:\/\/www.europesays.com\/fr\/wp-json\/wp\/v2\/posts"}],"about":[{"href":"https:\/\/www.europesays.com\/fr\/wp-json\/wp\/v2\/types\/post"}],"author":[{"embeddable":true,"href":"https:\/\/www.europesays.com\/fr\/wp-json\/wp\/v2\/users\/2"}],"replies":[{"embeddable":true,"href":"https:\/\/www.europesays.com\/fr\/wp-json\/wp\/v2\/comments?post=344479"}],"version-history":[{"count":0,"href":"https:\/\/www.europesays.com\/fr\/wp-json\/wp\/v2\/posts\/344479\/revisions"}],"wp:featuredmedia":[{"embeddable":true,"href":"https:\/\/www.europesays.com\/fr\/wp-json\/wp\/v2\/media\/344480"}],"wp:attachment":[{"href":"https:\/\/www.europesays.com\/fr\/wp-json\/wp\/v2\/media?parent=344479"}],"wp:term":[{"taxonomy":"category","embeddable":true,"href":"https:\/\/www.europesays.com\/fr\/wp-json\/wp\/v2\/categories?post=344479"},{"taxonomy":"post_tag","embeddable":true,"href":"https:\/\/www.europesays.com\/fr\/wp-json\/wp\/v2\/tags?post=344479"}],"curies":[{"name":"wp","href":"https:\/\/api.w.org\/{rel}","templated":true}]}}