{"id":344484,"date":"2025-08-26T05:48:11","date_gmt":"2025-08-26T05:48:11","guid":{"rendered":"https:\/\/www.europesays.com\/fr\/344484\/"},"modified":"2025-08-26T05:48:11","modified_gmt":"2025-08-26T05:48:11","slug":"il-nous-faut-passer-le-flambeau-la-ville-de-nice-ouvre-le-premier-centre-aere-ou-les-enfants-apprennent-lhistoire-de-la-resistance-maralpine","status":"publish","type":"post","link":"https:\/\/www.europesays.com\/fr\/344484\/","title":{"rendered":"\u00ab\u00a0Il nous faut passer le flambeau\u00a0\u00bb: la Ville de Nice ouvre le premier centre a\u00e9r\u00e9 o\u00f9 les enfants apprennent l\u2019histoire de la R\u00e9sistance maralpine"},"content":{"rendered":"<p>Sans capes bigarr\u00e9es mais avec des brassards tricolores, priv\u00e9s de pouvoirs surnaturels mais une mitrailleuse Sten \u00e0 la main, les r\u00e9sistants n\u2019ont rien \u00e0 envier \u00e0 \u00ab\u00a0Batman et Superman\u00a0\u00bb, dixit Jean-Marc Giaume. Ce lundi 25 ao\u00fbt 2025, \u00e0 l\u2019\u00e9cole Rothschild, \u00e0 Nice, l\u2019adjoint au maire d\u00e9l\u00e9gu\u00e9 \u00e0 la Culture scientifique donnait le coup d\u2019envoi du tout premier centre a\u00e9r\u00e9 ni\u00e7ois consacr\u00e9 \u00e0 l\u2019histoire locale (1) de la Seconde Guerre mondiale. Durant une semaine, une vingtaine de bambins \u00e2g\u00e9s de six \u00e0 onze ans vont multiplier les ateliers m\u00e9moriels: lectures de textes, analyses de cartes et de photos, excursion sur la plage du d\u00e9barquement au Dramont&#8230; De quoi \u00eatre fin pr\u00eats pour la grande c\u00e9r\u00e9monie patriotique du jeudi 28 ao\u00fbt, o\u00f9 seront c\u00e9l\u00e9br\u00e9s les 81 ans de la lib\u00e9ration de Nice.<\/p>\n<p>\u00ab\u00a0\u00c0 Nice, ce sont les habitants qui se sont lib\u00e9r\u00e9s tout seuls\u00a0\u00bb<\/p>\n<p>\u00ab\u00a0En chantant la Marseillaise et le Chant des Partisans, ces futurs citoyens se souviendront toute leur vie du sacrifice des 35h\u00e9ros tomb\u00e9s sous les balles de l\u2019occupant, acquiesce gravement l\u2019\u00e9lu. \u00c0 l\u2019heure o\u00f9 s\u2019\u00e9teignent les derniers t\u00e9moins et acteurs de cette sombre p\u00e9riode, il nous faut passer le flambeau.\u00a0\u00bb<\/p>\n<p>Mais comment s\u2019y prendre sans blesser ces jeunes consciences? \u00c0 plusieurs reprises, l\u2019adjoint marque un silence, cherche les mots justes pour expliquer le livre illustr\u00e9 Nice dans la tourmente 1939-1945, (gratuit, \u00e9dit\u00e9 par la Ville en 2024), principal support de travail pour la petite troupe. \u00ab\u00a0Des crimes ont \u00e9t\u00e9 commis par les nazis pour effrayer la population, entame l\u2019\u00e9lu. Mais pensez-vous que cela a fonctionn\u00e9?\u00a0\u00bb Br\u00e8ve h\u00e9sitation. Tom, neuf ans, l\u00e8ve timidement le doigt: \u00ab\u00a0Non, \u00e7a n\u2019a pas du tout march\u00e9. Parce que les gens en ont eu marre d\u2019\u00eatre arr\u00eat\u00e9s et tu\u00e9s, ils se sont rassembl\u00e9s pour chasser les Allemands.\u00a0\u00bb Son camarade tique: \u00ab\u00a0Mais \u00e7a n\u2019est pas les militaires am\u00e9ricains qui se sont bagarr\u00e9s?\u00a0\u00bb<\/p>\n<p>\u00ab\u00a0\u00c0 Nice, ce sont les habitants qui se sont lib\u00e9r\u00e9s tout seuls. Les Am\u00e9ricains sont arriv\u00e9s le lendemain de cette victoire. Ils ont fait la f\u00eate ensemble. Mais si c\u2019\u00e9tait la fin de la guerre sur le littoral, il fallait encore d\u00e9livrer nos montagnes\u00a0\u00bb, rappelle Marie-Christine Fix, conseill\u00e8re municipale d\u00e9l\u00e9gu\u00e9e au Monde combattant et au lien Arm\u00e9e-Nation. Les visages juv\u00e9niles hochent attentivement. Pour beaucoup, c\u2019est la premi\u00e8re fois qu\u2019ils entendent parler de la guerre avec autant de pr\u00e9cisions. Le concept abstrait s\u2019incarne dans des photos surann\u00e9es de lieux familiers: la place Mass\u00e9na, la Prom\u2019, l\u2019avenue Jean-M\u00e9decin (alors avenue de la Victoire)&#8230; Tour \u00e0 tour barricad\u00e9es, camoufl\u00e9es ou d\u00e9labr\u00e9es par les affrontements. \u00ab\u00a0J\u2019avais jamais vu la ville comme \u00e7a. \u00c7a fait bizarre mais c\u2019est int\u00e9ressant. \u00c7a rappelle qu\u2019on a de la chance de vivre dans un pays en paix\u00a0\u00bb, confie Ozan, neuf ans. \u00c0 ses c\u00f4t\u00e9s, Daniel, m\u00eame \u00e2ge, oscille: \u00ab\u00a0Ma m\u00e8re est partie d\u2019Ukraine. En France on est \u00e0 l\u2019abri.\u00a0\u00bb Des mots d\u2019adultes. Puis sonne la r\u00e9cr\u00e9e, signant le retour de l\u2019insouciance, la marmaille se dispersant entre trappe-trappe et jeux de ballons. Apr\u00e8s tout, aussi studieuses soient-elles, l\u2019enfance et les vacances ne sont pas finies.<\/p>\n<p>1. Durant l\u2019\u00e9t\u00e9, le centre a\u00e9r\u00e9 s\u2019est aussi int\u00e9ress\u00e9 \u00e0 la pr\u00e9histoire, au Moyen \u00c2ge et \u00e0 la Belle \u00c9poque.<\/p>\n","protected":false},"excerpt":{"rendered":"Sans capes bigarr\u00e9es mais avec des brassards tricolores, priv\u00e9s de pouvoirs surnaturels mais une mitrailleuse Sten \u00e0 la&hellip;\n","protected":false},"author":2,"featured_media":344485,"comment_status":"","ping_status":"","sticky":false,"template":"","format":"standard","meta":{"footnotes":""},"categories":[2819],"tags":[1111,11,1777,674,1011,27,4075,12,2401,882,25],"class_list":{"0":"post-344484","1":"post","2":"type-post","3":"status-publish","4":"format-standard","5":"has-post-thumbnail","7":"category-nice","8":"tag-actu","9":"tag-actualites","10":"tag-eu","11":"tag-europe","12":"tag-fr","13":"tag-france","14":"tag-jeunesse","15":"tag-news","16":"tag-nice","17":"tag-provence-alpes-cote-dazur","18":"tag-republique-francaise"},"share_on_mastodon":{"url":"https:\/\/pubeurope.com\/@fr\/115093497671154812","error":""},"_links":{"self":[{"href":"https:\/\/www.europesays.com\/fr\/wp-json\/wp\/v2\/posts\/344484","targetHints":{"allow":["GET"]}}],"collection":[{"href":"https:\/\/www.europesays.com\/fr\/wp-json\/wp\/v2\/posts"}],"about":[{"href":"https:\/\/www.europesays.com\/fr\/wp-json\/wp\/v2\/types\/post"}],"author":[{"embeddable":true,"href":"https:\/\/www.europesays.com\/fr\/wp-json\/wp\/v2\/users\/2"}],"replies":[{"embeddable":true,"href":"https:\/\/www.europesays.com\/fr\/wp-json\/wp\/v2\/comments?post=344484"}],"version-history":[{"count":0,"href":"https:\/\/www.europesays.com\/fr\/wp-json\/wp\/v2\/posts\/344484\/revisions"}],"wp:featuredmedia":[{"embeddable":true,"href":"https:\/\/www.europesays.com\/fr\/wp-json\/wp\/v2\/media\/344485"}],"wp:attachment":[{"href":"https:\/\/www.europesays.com\/fr\/wp-json\/wp\/v2\/media?parent=344484"}],"wp:term":[{"taxonomy":"category","embeddable":true,"href":"https:\/\/www.europesays.com\/fr\/wp-json\/wp\/v2\/categories?post=344484"},{"taxonomy":"post_tag","embeddable":true,"href":"https:\/\/www.europesays.com\/fr\/wp-json\/wp\/v2\/tags?post=344484"}],"curies":[{"name":"wp","href":"https:\/\/api.w.org\/{rel}","templated":true}]}}