{"id":344488,"date":"2025-08-26T05:50:10","date_gmt":"2025-08-26T05:50:10","guid":{"rendered":"https:\/\/www.europesays.com\/fr\/344488\/"},"modified":"2025-08-26T05:50:10","modified_gmt":"2025-08-26T05:50:10","slug":"de-bonnes-affaires-a-saisir-lors-de-cette-braderie-des-commercants-pres-de-nantes","status":"publish","type":"post","link":"https:\/\/www.europesays.com\/fr\/344488\/","title":{"rendered":"\u00ab\u00a0De bonnes affaires\u00a0\u00bb \u00e0 saisir, lors de cette braderie des commer\u00e7ants, pr\u00e8s de Nantes"},"content":{"rendered":"<p>            Par<br \/>\n        <strong><br \/>\n            <a href=\"https:\/\/actu.fr\/auteur\/clemence-pays02-actu-fr\" title=\"Consulter tous les articles de Cl\u00e9mence Pays\" rel=\"nofollow noopener\" target=\"_blank\">Cl\u00e9mence Pays<\/a><br \/>\n        <\/strong><\/p>\n<p>        Publi\u00e9 le<\/p>\n<p>            26 ao\u00fbt 2025 \u00e0 7h32        <\/p>\n<p>L\u2019association des acteurs \u00e9conomiques de <a href=\"https:\/\/actu.fr\/pays-de-la-loire\/sainte-luce-sur-loire_44172\" rel=\"nofollow noopener\" target=\"_blank\">Sainte-Luce-sur-Loire<\/a>, <strong>Ste-Luce Active,<\/strong> organise <strong>une braderie commerciale<\/strong> dans le centre-ville de cette commune de <a href=\"https:\/\/actu.fr\/pays-de-la-loire\/loire-atlantique_44\" rel=\"nofollow noopener\" target=\"_blank\">Loire-Atlantique<\/a>, samedi 6\u00a0septembre 2025.<\/p>\n<p class=\" wall-content\"><strong>\u00ab\u2009Plus de 50\u00a0exposants\u2009\u00bb<\/strong> installeront leurs \u00e9tals le long de la rue Jean-Moulin pour pr\u00e9senter leurs articles, annonce \u00e0 actu Nantes Morgan Guyomarc\u2019h, de la boutique Pacifi Jeans et membre de l\u2019association luc\u00e9enne. V\u00eatements, chaussures, bijoux, livres, \u00e9picerie fine, cadeaux, objets d\u2019art\u2026 Les habitants pourront \u00ab\u2009r\u00e9aliser de bonnes affaires\u2009\u00bb, indique la Ville.<\/p>\n<blockquote class=\"ac-article-quote wall-content\">\n<p>Il y aura des artisans et commer\u00e7ants luc\u00e9ens, mais aussi des camelots ext\u00e9rieurs. C&rsquo;est un \u00e9v\u00e9nement qui fonctionne toujours bien.<\/p>\n<p>    <strong>Morgan Guyomarc&rsquo;h<\/strong><br \/>\n        Ste Luce Active    <\/p><\/blockquote>\n<p>Un man\u00e8ge et des animations<\/p>\n<p class=\" wall-content\">Un<strong> man\u00e8ge pour enfants<\/strong>\u00a0sera install\u00e9 place du 11-Novembre. \u00ab\u2009On aura un <strong>animateur<\/strong> toute la journ\u00e9e avec un micro, un groupe de<strong> danse br\u00e9silienne<\/strong> va d\u00e9ambuler dans les rues, la Brasserie du Bouffay va faire une animation aussi\u2009\u00bb, \u00e9num\u00e8re Morgan Guyomarc\u2019h.<\/p>\n<p>    <a href=\"https:\/\/www.facebook.com\/plugins\/post.php?href=https%3A%2F%2Fwww.facebook.com%2Fsteluceactive%2Fposts%2Fpfbid0AM5gfhEjtMaF6EqWTJfoDZjLbi2vEXmiYg7ohYCXyhEABkhQjuuyRso2PpzwmhXpl&amp;show_text=true&amp;width=350\" title=\"Ouvrie le lien\" rel=\"nofollow noopener\" target=\"_blank\">Cliquez ici pour visualiser le contenu<\/a><\/p>\n<p class=\" wall-content\">\u00ab\u2009Des<strong> animations autour du v\u00e9lo<\/strong> seront propos\u00e9es, pour apprendre \u00e0 r\u00e9aliser le contr\u00f4le technique de son v\u00e9lo et des appuis v\u00e9los suppl\u00e9mentaires seront install\u00e9s place des Combattants d\u2019Afrique du Nord\u2009\u00bb, compl\u00e8te la municipalit\u00e9.<\/p>\n<p class=\" wall-content\">Personnalisez votre actualit\u00e9 en ajoutant vos villes et m\u00e9dias en favori avec <a href=\"https:\/\/moncompte.actu.fr\" title=\"D\u00e9couvez Mon Actu\" rel=\"nofollow noopener\" data-trk=\"{&quot;cta&quot;:{&quot;action&quot;:&quot;https:\\\/\\\/moncompte.actu.fr&quot;,&quot;category&quot;:&quot;mon compte&quot;,&quot;from&quot;:&quot;article footer&quot;,&quot;name&quot;:&quot;Mon actu&quot;,&quot;type&quot;:&quot;cta&quot;}}\" target=\"_blank\">Mon Actu<\/a>.<\/p>\n","protected":false},"excerpt":{"rendered":"Par Cl\u00e9mence Pays Publi\u00e9 le 26 ao\u00fbt 2025 \u00e0 7h32 L\u2019association des acteurs \u00e9conomiques de Sainte-Luce-sur-Loire, Ste-Luce Active,&hellip;\n","protected":false},"author":2,"featured_media":344489,"comment_status":"","ping_status":"","sticky":false,"template":"","format":"standard","meta":{"footnotes":""},"categories":[2818],"tags":[1111,11,1777,674,1011,27,766,12,2636,25,104],"class_list":{"0":"post-344488","1":"post","2":"type-post","3":"status-publish","4":"format-standard","5":"has-post-thumbnail","7":"category-nantes","8":"tag-actu","9":"tag-actualites","10":"tag-eu","11":"tag-europe","12":"tag-fr","13":"tag-france","14":"tag-nantes","15":"tag-news","16":"tag-pays-de-la-loire","17":"tag-republique-francaise","18":"tag-societe"},"share_on_mastodon":{"url":"https:\/\/pubeurope.com\/@fr\/115093505557059953","error":""},"_links":{"self":[{"href":"https:\/\/www.europesays.com\/fr\/wp-json\/wp\/v2\/posts\/344488","targetHints":{"allow":["GET"]}}],"collection":[{"href":"https:\/\/www.europesays.com\/fr\/wp-json\/wp\/v2\/posts"}],"about":[{"href":"https:\/\/www.europesays.com\/fr\/wp-json\/wp\/v2\/types\/post"}],"author":[{"embeddable":true,"href":"https:\/\/www.europesays.com\/fr\/wp-json\/wp\/v2\/users\/2"}],"replies":[{"embeddable":true,"href":"https:\/\/www.europesays.com\/fr\/wp-json\/wp\/v2\/comments?post=344488"}],"version-history":[{"count":0,"href":"https:\/\/www.europesays.com\/fr\/wp-json\/wp\/v2\/posts\/344488\/revisions"}],"wp:featuredmedia":[{"embeddable":true,"href":"https:\/\/www.europesays.com\/fr\/wp-json\/wp\/v2\/media\/344489"}],"wp:attachment":[{"href":"https:\/\/www.europesays.com\/fr\/wp-json\/wp\/v2\/media?parent=344488"}],"wp:term":[{"taxonomy":"category","embeddable":true,"href":"https:\/\/www.europesays.com\/fr\/wp-json\/wp\/v2\/categories?post=344488"},{"taxonomy":"post_tag","embeddable":true,"href":"https:\/\/www.europesays.com\/fr\/wp-json\/wp\/v2\/tags?post=344488"}],"curies":[{"name":"wp","href":"https:\/\/api.w.org\/{rel}","templated":true}]}}