{"id":344490,"date":"2025-08-26T05:51:14","date_gmt":"2025-08-26T05:51:14","guid":{"rendered":"https:\/\/www.europesays.com\/fr\/344490\/"},"modified":"2025-08-26T05:51:14","modified_gmt":"2025-08-26T05:51:14","slug":"adios-rivera-lailier-emblematique-du-hbc-nantes-va-prendre-sa-retraite","status":"publish","type":"post","link":"https:\/\/www.europesays.com\/fr\/344490\/","title":{"rendered":"Adios Rivera ! L&rsquo;ailier embl\u00e9matique du HBC Nantes va prendre sa retraite"},"content":{"rendered":"<p class=\"block date\" id=\"dateEtAuteur\">Publi\u00e9 : 6h37  par Dolor\u00e8s  CHARLES <\/p>\n<p><img decoding=\"async\" class=\"\" style=\"width:100%\" src=\"https:\/\/www.europesays.com\/fr\/wp-content\/uploads\/2025\/08\/GzNv2MjXkAAVH1B1756182108073.jpg\" alt=\"Val\u00e9ro Rivera\"\/><\/p>\n<p>Val\u00e9ro Rivera<\/p>\n<p>Cr\u00e9dit : HBC Nantes<\/p>\n<p>A 41 ans, l&rsquo;ailier embl\u00e9matique du HBC Nantes, l&rsquo;espagnol Val\u00e9ro Rivera, a annonc\u00e9 officiellement hier qu&rsquo;il prendra sa retraite \u00e0 l&rsquo;issue de la saison, en juin prochain. <\/p>\n<p><strong>Valero Rivera tire sa r\u00e9v\u00e9rence ! <\/strong>L&rsquo;ailier du HBC Nantes va jouer sa derni\u00e8re saison, il comptera alors 23 ans de carri\u00e8re, dont 14 sous le maillot nantais. Le capitaine du H est l&rsquo;homme de tous les records en violet : 544 matchs et 3133 buts toutes comp\u00e9titions confondues.<\/p>\n<blockquote><p>\n\u00ab\u00a0Je peux donner encore beaucoup \u00e0 l&rsquo;\u00e9quipe\u00a0\u00bb\n<\/p><\/blockquote>\n<p>L&rsquo;ailier espagnol arriv\u00e9 en 2010 compte bien marquer un peu plus l&rsquo;histoire du club, avant de partir. \u00ab\u00a0Je vais me consacrer pleinement \u00e0 ma derni\u00e8re saison. Je crois que c&rsquo;est tr\u00e8s bien comme \u00e7a d&rsquo;avoir la t\u00eate dans cette derni\u00e8re saison et ne pas penser \u00e0 l&rsquo;apr\u00e8s. C&rsquo;est pour \u00e7a que je fais l&rsquo;annonce aujourd&rsquo;hui aussi. C&rsquo;\u00e9tait tr\u00e8s bien, je crois de finir \u00e0 41 ans &#8230; Je me sens encore tr\u00e8s bien physiquement. Je peux donner encore beaucoup \u00e0 l&rsquo;\u00e9quipe et c&rsquo;est pour \u00e7a que j&rsquo;ai pris cette d\u00e9cision.\u00a0\u00bb<\/p>\n<p>Valero Rivera, au micro d&rsquo;Alexis AndouardValero Rivera, au micro d&rsquo;Alexis Andouard <\/p>\n<p>Pour son pr\u00e9sident, Ga\u00ebl Pelletier, c&rsquo;est une page importante de l&rsquo;histoire du club qui se tourne. \u00ab\u00a0Ce sera 13 ann\u00e9es d&rsquo;histoire au HBC Nantes qui s&rsquo;ach\u00e8veront \u00e0 la fin de la saison. Ce que je retiens de Valero, c&rsquo;est qu&rsquo;il a progress\u00e9 au fur et \u00e0 mesure du club. Le club a grandi avec lui, gr\u00e2ce \u00e0 lui aussi. Et on a grandi sur toutes ces ann\u00e9es jusqu&rsquo;\u00e0 devenir le club que nous sommes aujourd&rsquo;hui. <\/p>\n<blockquote><p>\n\u00ab\u00a0Le club a grandi avec lui, gr\u00e2ce \u00e0 lui aussi\u00a0\u00bb\n<\/p><\/blockquote>\n<p><strong>Valero a dit l&rsquo;essentiel, \u00e0 savoir qu&rsquo;on a une saison \u00e0 jouer, et je formule le v\u0153u pour lui et pour nous qu&rsquo;elle se passe de la meilleure des fa\u00e7ons possibles et qu&rsquo;on atteigne quelque chose que le HBC Nantes n&rsquo;a pas encore atteint.<\/strong> \u00c0 l&rsquo;issue de cette saison, \u00e7a serait la meilleure fa\u00e7on de remercier Valero de toutes ces ann\u00e9es en notre pr\u00e9sence, de toutes ces ann\u00e9es de progression pour lui et pour le club.\u00a0\u00bb<\/p>\n<p>Ga\u00ebl PelletierGa\u00ebl Pelletier <\/p>\n<p>Le HBC Nantes recevra Zagreb demain soir (mercredi), en match amical d&rsquo;avant saison. Coup d&rsquo;envoi \u00e0 20H \u00e0 la H Arena.<\/p>\n","protected":false},"excerpt":{"rendered":"Publi\u00e9 : 6h37 par Dolor\u00e8s CHARLES Val\u00e9ro Rivera Cr\u00e9dit : HBC Nantes A 41 ans, l&rsquo;ailier embl\u00e9matique du&hellip;\n","protected":false},"author":2,"featured_media":344491,"comment_status":"","ping_status":"","sticky":false,"template":"","format":"standard","meta":{"footnotes":""},"categories":[2818],"tags":[1111,11,1777,674,1011,27,1792,4343,766,12,2636,25],"class_list":{"0":"post-344490","1":"post","2":"type-post","3":"status-publish","4":"format-standard","5":"has-post-thumbnail","7":"category-nantes","8":"tag-actu","9":"tag-actualites","10":"tag-eu","11":"tag-europe","12":"tag-fr","13":"tag-france","14":"tag-handball","15":"tag-hbc-nantes","16":"tag-nantes","17":"tag-news","18":"tag-pays-de-la-loire","19":"tag-republique-francaise"},"share_on_mastodon":{"url":"https:\/\/pubeurope.com\/@fr\/115093509795677798","error":""},"_links":{"self":[{"href":"https:\/\/www.europesays.com\/fr\/wp-json\/wp\/v2\/posts\/344490","targetHints":{"allow":["GET"]}}],"collection":[{"href":"https:\/\/www.europesays.com\/fr\/wp-json\/wp\/v2\/posts"}],"about":[{"href":"https:\/\/www.europesays.com\/fr\/wp-json\/wp\/v2\/types\/post"}],"author":[{"embeddable":true,"href":"https:\/\/www.europesays.com\/fr\/wp-json\/wp\/v2\/users\/2"}],"replies":[{"embeddable":true,"href":"https:\/\/www.europesays.com\/fr\/wp-json\/wp\/v2\/comments?post=344490"}],"version-history":[{"count":0,"href":"https:\/\/www.europesays.com\/fr\/wp-json\/wp\/v2\/posts\/344490\/revisions"}],"wp:featuredmedia":[{"embeddable":true,"href":"https:\/\/www.europesays.com\/fr\/wp-json\/wp\/v2\/media\/344491"}],"wp:attachment":[{"href":"https:\/\/www.europesays.com\/fr\/wp-json\/wp\/v2\/media?parent=344490"}],"wp:term":[{"taxonomy":"category","embeddable":true,"href":"https:\/\/www.europesays.com\/fr\/wp-json\/wp\/v2\/categories?post=344490"},{"taxonomy":"post_tag","embeddable":true,"href":"https:\/\/www.europesays.com\/fr\/wp-json\/wp\/v2\/tags?post=344490"}],"curies":[{"name":"wp","href":"https:\/\/api.w.org\/{rel}","templated":true}]}}