{"id":344496,"date":"2025-08-26T05:54:10","date_gmt":"2025-08-26T05:54:10","guid":{"rendered":"https:\/\/www.europesays.com\/fr\/344496\/"},"modified":"2025-08-26T05:54:10","modified_gmt":"2025-08-26T05:54:10","slug":"100-000-m3-de-materiaux-combustibles-pres-de-maisons-a-toulouse-des-riverains-denoncent-le-manque-de-transparence-du-projet","status":"publish","type":"post","link":"https:\/\/www.europesays.com\/fr\/344496\/","title":{"rendered":"100\u00a0000\u00a0m3 de mat\u00e9riaux combustibles pr\u00e8s de maisons \u00e0 Toulouse\u00a0: des riverains d\u00e9noncent le manque de transparence du projet"},"content":{"rendered":"<p class=\"paragraph text_align_left lp-f-body-02\">\u00ab Ce que nous d\u00e9non\u00e7ons avant tout, c\u2019est le manque de transparence sur ce projet et l\u2019absence de r\u00e9elle concertation avec les riverains \u00bb, assure Alain Boub\u00e9e, pr\u00e9sident de l\u2019Association des habitants du quartier Lafourguette \u00e0 Toulouse (Haute-Garonne). Mi-juillet, ses membres ont d\u00e9couvert qu\u2019un projet d\u2019entrep\u00f4t logistique d\u00e9velopp\u00e9 par la SCI \u00c9lise a \u00e9t\u00e9 lanc\u00e9 sur l\u2019ancien terrain de l\u2019usine Rouleau-Guichard, \u00e0 quelques centaines de m\u00e8tres au sud. Il servirait \u00e0 stocker pr\u00e8s de 100 000 m3 de mat\u00e9riaux combustibles : pneus, plastiques, bois et papiers. Les habitants sont d\u2019autant plus inquiets que nombre d\u2019entre eux se souviennent <a href=\"https:\/\/www.leparisien.fr\/faits-divers\/explosion-dazf-en-2001-20-ans-apres-toulouse-commemore-le-drame-pour-ne-pas-oublier-21-09-2021-5YLX3VEDYZDUFLMOSPZV4JRYQE.php\" target=\"_blank\" rel=\"noreferrer noopener\">de l\u2019explosion de l\u2019usine AZF, elle aussi toute proche, en 2001<\/a>.<\/p>\n<p class=\"paragraph text_align_left lp-f-body-02\">\u00ab Le projet pr\u00e9voit 20 000 m3 de pneus, mais on ne sait pas d\u2019o\u00f9 ils viennent ni leur avenir \u00bb, d\u00e9taille Alain Boub\u00e9e, dont l\u2019association compte 359 foyers, avant de s\u2019interroger : \u00ab Le site stockant des mati\u00e8res combustibles, quelles seront les cons\u00e9quences si ces pneus br\u00fblent ? \u00bb<\/p>\n<p class=\"paragraph text_align_left lp-f-body-02\">Il pointe par ailleurs des incoh\u00e9rences dans la prise en compte du statut du site choisi. \u00ab Le dossier affirme que le projet n\u2019est pas situ\u00e9 dans une zone d\u2019int\u00e9r\u00eat \u00e9cologique, alors qu\u2019une parcelle est class\u00e9e en espace bois\u00e9 prot\u00e9g\u00e9 et inclut un plan d\u2019eau, tous deux reconnus dans le PLUi-H arr\u00eat\u00e9 en conseil de la m\u00e9tropole du 20 juin 2024 \u00bb, rel\u00e8ve-t-il.<\/p>\n<p class=\"paragraph text_align_left lp-f-body-02\">Les riverains craignent enfin que de nombreux camions livrant le site saturent les routes de leur quartier, \u00e9tant donn\u00e9 que \u00ab le site est \u00e9galement implant\u00e9 \u00e0 proximit\u00e9 imm\u00e9diate de zones d\u2019habitation \u00bb.<\/p>\n<p>Une enqu\u00eate publique\u2026 de fin juillet \u00e0 fin ao\u00fbt<\/p>\n<p class=\"paragraph text_align_left lp-f-body-02\">Les probl\u00e8mes ne s\u2019arr\u00eatent pas l\u00e0. Si les riverains ont appris cet \u00e9t\u00e9 l\u2019existence de ce projet, c\u2019est parce que l\u2019enqu\u00eate publique qui y est li\u00e9e a \u00e9t\u00e9 organis\u00e9e en plein \u00e9t\u00e9, du 23 juillet au 20 ao\u00fbt, limitant la participation des habitants et la diffusion de l\u2019information.<\/p>\n<p class=\"paragraph text_align_left lp-f-body-02\">L\u2019association d\u2019habitants a \u00e9crit \u00e0 la maire de quartier pour r\u00e9clamer une vraie concertation citoyenne associant les riverains aux experts, \u00e0 l\u2019\u00c9tat et \u00e0 la m\u00e9tropole, un diagnostic \u00e9cologique complet sur l\u2019espace bois\u00e9 class\u00e9 et le plan d\u2019eau, une \u00e9tude d\u2019impact approfondie sur la s\u00e9curit\u00e9, la pollution, le trafic et les nuisances pour le voisinage, mais aussi une transparence totale sur les activit\u00e9s pr\u00e9vues, la provenance et la destination des marchandises, ainsi que sur les mesures de pr\u00e9vention des risques.<\/p>\n","protected":false},"excerpt":{"rendered":"\u00ab Ce que nous d\u00e9non\u00e7ons avant tout, c\u2019est le manque de transparence sur ce projet et l\u2019absence de&hellip;\n","protected":false},"author":2,"featured_media":344497,"comment_status":"","ping_status":"","sticky":false,"template":"","format":"standard","meta":{"footnotes":""},"categories":[2816],"tags":[1111,11,459,1777,674,1011,27,3746,4623,12,2680,25,2312],"class_list":{"0":"post-344496","1":"post","2":"type-post","3":"status-publish","4":"format-standard","5":"has-post-thumbnail","7":"category-toulouse","8":"tag-actu","9":"tag-actualites","10":"tag-departements-horsidfo","11":"tag-eu","12":"tag-europe","13":"tag-fr","14":"tag-france","15":"tag-futurs","16":"tag-haute-garonne-31","17":"tag-news","18":"tag-occitanie","19":"tag-republique-francaise","20":"tag-toulouse"},"share_on_mastodon":{"url":"https:\/\/pubeurope.com\/@fr\/115093521289273097","error":""},"_links":{"self":[{"href":"https:\/\/www.europesays.com\/fr\/wp-json\/wp\/v2\/posts\/344496","targetHints":{"allow":["GET"]}}],"collection":[{"href":"https:\/\/www.europesays.com\/fr\/wp-json\/wp\/v2\/posts"}],"about":[{"href":"https:\/\/www.europesays.com\/fr\/wp-json\/wp\/v2\/types\/post"}],"author":[{"embeddable":true,"href":"https:\/\/www.europesays.com\/fr\/wp-json\/wp\/v2\/users\/2"}],"replies":[{"embeddable":true,"href":"https:\/\/www.europesays.com\/fr\/wp-json\/wp\/v2\/comments?post=344496"}],"version-history":[{"count":0,"href":"https:\/\/www.europesays.com\/fr\/wp-json\/wp\/v2\/posts\/344496\/revisions"}],"wp:featuredmedia":[{"embeddable":true,"href":"https:\/\/www.europesays.com\/fr\/wp-json\/wp\/v2\/media\/344497"}],"wp:attachment":[{"href":"https:\/\/www.europesays.com\/fr\/wp-json\/wp\/v2\/media?parent=344496"}],"wp:term":[{"taxonomy":"category","embeddable":true,"href":"https:\/\/www.europesays.com\/fr\/wp-json\/wp\/v2\/categories?post=344496"},{"taxonomy":"post_tag","embeddable":true,"href":"https:\/\/www.europesays.com\/fr\/wp-json\/wp\/v2\/tags?post=344496"}],"curies":[{"name":"wp","href":"https:\/\/api.w.org\/{rel}","templated":true}]}}