{"id":344498,"date":"2025-08-26T05:55:10","date_gmt":"2025-08-26T05:55:10","guid":{"rendered":"https:\/\/www.europesays.com\/fr\/344498\/"},"modified":"2025-08-26T05:55:10","modified_gmt":"2025-08-26T05:55:10","slug":"avant-la-rentree-le-rush-chez-rentreediscount-com-a-toulouse-le-leader-francais-des-fournitures-scolaires-en-ligne","status":"publish","type":"post","link":"https:\/\/www.europesays.com\/fr\/344498\/","title":{"rendered":"Avant la rentr\u00e9e, le rush chez Rentr\u00e9ediscount.com \u00e0 Toulouse, le leader fran\u00e7ais des fournitures scolaires en ligne"},"content":{"rendered":"<p>\u00c0 quelques jours de la rentr\u00e9e scolaire, l\u2019entrep\u00f4t toulousain de Rentr\u00e9ediscount.com pr\u00e8s de la route d&rsquo;Espagne  s\u2019active. Leader de fournitures scolaires en ligne, il r\u00e9alise 90% de son chiffre d\u2019affaires en juillet-ao\u00fbt, et exp\u00e9die 10.000 commandes par jour. <\/p>\n<p>\u00c7a grouille de monde \u00e0 l\u2019int\u00e9rieur de l\u2019entrep\u00f4t de Rentr\u00e9ediscount.com. Les 250 salari\u00e9s, pour la plupart des \u00e9tudiants saisonniers, s\u2019activent dans les all\u00e9es. Munis d\u2019un chariot, d\u2019un carton et d\u2019une \u201cscannette\u201d, ils traitent chaque jour les\u00a0<strong>10.000 commandes de fournitures scolaires<\/strong>\u00a0r\u00e9alis\u00e9es en ligne.<\/p>\n<p>Colles, taille-crayons, cahiers de textes\u2026 Rentr\u00e9ediscount.com est n\u00b01 sur\u00a0<a class=\"IciLink ici-link IciArticleLink g-ici-body-regular-1 underline brand svelte-lu7k6w\" href=\"https:\/\/www.francebleu.fr\/emissions\/les-mots-d-oc\/toulouse\/les-affaires-scolaires\" rel=\"nofollow noopener\" target=\"_blank\">le march\u00e9 des fournitures scolaires<\/a>, depuis sa cr\u00e9ation il y a quinze ans. La soci\u00e9t\u00e9 poss\u00e8de trois entrep\u00f4ts, un \u00e0 Carcassonne, un \u00e0 Pomas, et le plus gros, \u00e0 Toulouse.\u00a0<strong>L\u2019\u00e9t\u00e9, ils tournent nuit et jour<\/strong>\u00a0pour envoyer les colis \u00e0 temps.\u00a0\u201cOn r\u00e9alise notre chiffre d\u2019affaires en deux mois\u201d, d\u00e9crit Arnaud Laiter, co-fondateur et dirigeant de Rentr\u00e9ediscount.\u00a0\u201cOn est au pic. On passe de 60 salari\u00e9s l\u2019hiver, \u00e0 plus de 800 l\u2019\u00e9t\u00e9\u201d, ajoute-t-il.<\/p>\n<p>Commander en ligne est un gain de temps<\/p>\n<p>La cadence est soutenue. Les colis doivent\u00a0<strong>\u00eatre boucl\u00e9s en moins de 30 minutes.<\/strong>\u201cIl faut faire attention. Il y a beaucoup de gens qui marchent, donc on risque de blesser quelqu\u2019un\u201d, l\u00e2che Oumi, 19 ans. Une fois que tous\u00a0<a class=\"IciLink ici-link IciArticleLink g-ici-body-regular-1 underline brand svelte-lu7k6w\" href=\"https:\/\/www.francebleu.fr\/infos\/societe\/c-est-un-peu-comme-a-la-loterie-les-ventes-de-colis-mystere-ont-la-cote-en-occitanie-3943408\" rel=\"nofollow noopener\" target=\"_blank\">les produits sont r\u00e9cup\u00e9r\u00e9s<\/a>, une autre \u00e9quipe s\u2019occupe de l\u2019exp\u00e9dition.\u00a0\u201cLes colis sont envoy\u00e9s partout en France\u201d, indique le dirigeant.<\/p>\n<p><img loading=\"lazy\" decoding=\"async\" class=\"VisualPreview svelte-1rldrkz\" src=\"data:image\/jpeg;base64,\/9j\/2wBDACgcHiMeGSgjISMtKygwPGRBPDc3PHtYXUlkkYCZlo+AjIqgtObDoKrarYqMyP\/L2u71\/\/\/\/m8H\/\/\/\/6\/+b9\/\/j\/2wBDASstLTw1PHZBQXb4pYyl+Pj4+Pj4+Pj4+Pj4+Pj4+Pj4+Pj4+Pj4+Pj4+Pj4+Pj4+Pj4+Pj4+Pj4+Pj4+Pj4+Pj\/wAARCAAfACoDASIAAhEBAxEB\/8QAGAAAAwEBAAAAAAAAAAAAAAAAAQIDBAD\/xAAYEAEBAQEBAAAAAAAAAAAAAAAAAQIREv\/EABYBAQEBAAAAAAAAAAAAAAAAAAEAAv\/EABQRAQAAAAAAAAAAAAAAAAAAAAD\/2gAMAwEAAhEDEQA\/ABSVXUT1ASdd0KCJ\/Q+k+j0Jr1EtRo1E9Qss9hbF7klyGkuDw\/l3AX\/\/2Q==\" alt=\"La soci\u00e9t\u00e9 Rentr\u00e9ediscount.com passe de 60 salari\u00e9s l'hiver, \u00e0 plus de 800 l'\u00e9t\u00e9. Les salari\u00e9s sont principalement des \u00e9tudiants saisonniers.\" width=\"600\" height=\"450\"\/>  La soci\u00e9t\u00e9 Rentr\u00e9ediscount.com passe de 60 salari\u00e9s l&rsquo;hiver, \u00e0 plus de 800 l&rsquo;\u00e9t\u00e9. Les salari\u00e9s sont principalement des \u00e9tudiants saisonniers. \u00a9 Radio France &#8211; Julie Conrad<\/p>\n<p>Rentr\u00e9ediscount.com propose de la vente de fournitures au d\u00e9tail, des packs pr\u00e9con\u00e7us, mais permet aussi\u00a0<a class=\"IciLink ici-link IciArticleLink g-ici-body-regular-1 underline brand svelte-lu7k6w\" href=\"https:\/\/www.francebleu.fr\/infos\/education\/la-recre-des-pitchouns-l-actu-vue-par-les-enfants-tous-les-matins-sur-ici-occitanie-9975964\" rel=\"nofollow noopener\" target=\"_blank\">aux \u00e9tablissements scolaires<\/a>\u00a0<strong>d\u2019envoyer leurs listes pour faire gagner du temps aux clients.<\/strong>\u201cEn quelques clics et trois minutes top chrono, vos courses sont finies\u201d, pr\u00e9cise Arnaud Laiter.\u00a0\u201cC\u2019est un travail que l\u2019on fait l\u2019hiver, pour r\u00e9pondre au mieux aux besoins de l\u2019\u00e9cole. On choisit ensemble les meilleurs produits\u201d.<\/p>\n<p>Des prix attractifs\u00a0?<\/p>\n<p>D\u2019apr\u00e8s\u00a0<a target=\"_blank\" rel=\"nofollow noopener noreferrer\" class=\"IciLink ici-link IciArticleLink g-ici-body-regular-1 underline brand svelte-lu7k6w\" href=\"https:\/\/www.familles-de-france.org\/fr\/domaine-dexpertises\/consommation\/le-cout-de-la-rentree-scolaire-20252026-une-enquete-largement\">la derni\u00e8re enqu\u00eate de Familles de France<\/a>, le\u00a0<strong>co\u00fbt de la rentr\u00e9e scolaire pour un \u00e9l\u00e8ve de sixi\u00e8me s\u2019\u00e9l\u00e8ve \u00e0 210,10 \u20ac.<\/strong>\u00a0Une d\u00e9pense cons\u00e9quente, notamment pour des parents aux budgets serr\u00e9s.\u00a0\u201cIl y a certains produits on est moins chers, d\u2019autres plus chers. Mais on essaye de se battre pour que la liste compl\u00e8te soit la moins ch\u00e8re possible pour le consommateur\u201d, confie Arnaud Laiter. Il faut compter autour des 60 \u20ac pour un pack rentr\u00e9e classique.\u00a0\u201cC\u2019est le cartable qui fait vite monter le prix. Les petits articles de papeterie ce n\u2019est pas ce qui co\u00fbte le plus cher\u201d, indique-t-il.<\/p>\n<p>\u00c0 \u00e9couter aussi   <img decoding=\"async\" src=\"https:\/\/www.europesays.com\/fr\/wp-content\/uploads\/2025\/08\/1756187710_720_200x200\" alt=\"Bonne rentr\u00e9e \u00e0 tous en Occitanie\" style=\"--_image-preview:url('data:image\/jpeg;base64,\/9j\/2wBDACgcHiMeGSgjISMtKygwPGRBPDc3PHtYXUlkkYCZlo+AjIqgtObDoKrarYqMyP\/L2u71\/\/\/\/m8H\/\/\/\/6\/+b9\/\/j\/2wBDASstLTw1PHZBQXb4pYyl+Pj4+Pj4+Pj4+Pj4+Pj4+Pj4+Pj4+Pj4+Pj4+Pj4+Pj4+Pj4+Pj4+Pj4+Pj4+Pj4+Pj\/wAARCAAqACoDASIAAhEBAxEB\/8QAGAAAAwEBAAAAAAAAAAAAAAAAAAIDAQT\/xAAYEAEBAQEBAAAAAAAAAAAAAAAAAQIREv\/EABYBAQEBAAAAAAAAAAAAAAAAAAIAAf\/EABYRAQEBAAAAAAAAAAAAAAAAAAARAf\/aAAwDAQACEQMRAD8AtaWjoBQtjOGEiQkPwZh+KJzSmlSzVI0jNYOtjNPKfqM030UFz5WzEsLZEwWnpNNwdZ0dKCF\/\/9k=');\" loading=\"lazy\" fetchpriority=\"low\" aria-hidden=\"true\" class=\"svelte-1pnmlwx rounded\" onload=\"this.__e=event\" onerror=\"this.__e=event\"\/><\/p>\n","protected":false},"excerpt":{"rendered":"\u00c0 quelques jours de la rentr\u00e9e scolaire, l\u2019entrep\u00f4t toulousain de Rentr\u00e9ediscount.com pr\u00e8s de la route d&rsquo;Espagne s\u2019active. Leader&hellip;\n","protected":false},"author":2,"featured_media":344499,"comment_status":"","ping_status":"","sticky":false,"template":"","format":"standard","meta":{"footnotes":""},"categories":[2816],"tags":[1111,11,1777,674,1011,27,12,2680,25,2312],"class_list":{"0":"post-344498","1":"post","2":"type-post","3":"status-publish","4":"format-standard","5":"has-post-thumbnail","7":"category-toulouse","8":"tag-actu","9":"tag-actualites","10":"tag-eu","11":"tag-europe","12":"tag-fr","13":"tag-france","14":"tag-news","15":"tag-occitanie","16":"tag-republique-francaise","17":"tag-toulouse"},"share_on_mastodon":{"url":"https:\/\/pubeurope.com\/@fr\/115093525196969335","error":""},"_links":{"self":[{"href":"https:\/\/www.europesays.com\/fr\/wp-json\/wp\/v2\/posts\/344498","targetHints":{"allow":["GET"]}}],"collection":[{"href":"https:\/\/www.europesays.com\/fr\/wp-json\/wp\/v2\/posts"}],"about":[{"href":"https:\/\/www.europesays.com\/fr\/wp-json\/wp\/v2\/types\/post"}],"author":[{"embeddable":true,"href":"https:\/\/www.europesays.com\/fr\/wp-json\/wp\/v2\/users\/2"}],"replies":[{"embeddable":true,"href":"https:\/\/www.europesays.com\/fr\/wp-json\/wp\/v2\/comments?post=344498"}],"version-history":[{"count":0,"href":"https:\/\/www.europesays.com\/fr\/wp-json\/wp\/v2\/posts\/344498\/revisions"}],"wp:featuredmedia":[{"embeddable":true,"href":"https:\/\/www.europesays.com\/fr\/wp-json\/wp\/v2\/media\/344499"}],"wp:attachment":[{"href":"https:\/\/www.europesays.com\/fr\/wp-json\/wp\/v2\/media?parent=344498"}],"wp:term":[{"taxonomy":"category","embeddable":true,"href":"https:\/\/www.europesays.com\/fr\/wp-json\/wp\/v2\/categories?post=344498"},{"taxonomy":"post_tag","embeddable":true,"href":"https:\/\/www.europesays.com\/fr\/wp-json\/wp\/v2\/tags?post=344498"}],"curies":[{"name":"wp","href":"https:\/\/api.w.org\/{rel}","templated":true}]}}