{"id":344503,"date":"2025-08-26T05:59:09","date_gmt":"2025-08-26T05:59:09","guid":{"rendered":"https:\/\/www.europesays.com\/fr\/344503\/"},"modified":"2025-08-26T05:59:09","modified_gmt":"2025-08-26T05:59:09","slug":"une-raie-pastenague-coincee-dans-la-piscine-du-vallon-des-auffes-a-marseille","status":"publish","type":"post","link":"https:\/\/www.europesays.com\/fr\/344503\/","title":{"rendered":"Une raie pastenague \u00ab\u00a0coinc\u00e9e\u00a0\u00bb dans la piscine du vallon des Auffes \u00e0 Marseille"},"content":{"rendered":"<p>Une raie pastenague a \u00e9t\u00e9 observ\u00e9e dans la piscine naturelle du Vallon des Auffes, \u00e0 Marseille, ce lundi 25 ao\u00fbt. La municipalit\u00e9 a appel\u00e9 les baigneurs \u00e0 la prudence, en \u00e9vitant la zone.<\/p>\n<p>Une <a href=\"https:\/\/www.bfmtv.com\/marseille\/marseille-une-raie-pastenague-observee-a-la-pointe-rouge-la-plage-evacuee_AN-202307290221.html\" title=\"Marseille: une raie Pastenague observ\u00e9e \u00e0 la Pointe-Rouge, la plage \u00e9vacu\u00e9e\" class=\"internal_link\" rel=\"nofollow noopener\" target=\"_blank\">raie pastenague<\/a> a \u00e9t\u00e9 rep\u00e9r\u00e9e dans la piscine naturelle du vallon des Auffes au centre-ville de Marseille, ce lundi 25 ao\u00fbt. L&rsquo;adjoint au maire en charge de la biodiversit\u00e9 marine, Herv\u00e9 Menchon, a annonc\u00e9 sur X avoir contact\u00e9 les marins-pompiers afin de l&rsquo;orienter vers le large.<\/p>\n<p>La mairie de Marseille appelle \u00e0 la prudence et recommande de ne pas s&rsquo;approcher de l&rsquo;animal, ni tenter de le toucher. \u00ab\u00a0Stress\u00e9e\u00a0\u00bb, la raie pastenague \u00ab\u00a0peut se d\u00e9fendre en vous piquant\u00a0\u00bb, pr\u00e9vient Herv\u00e9 Menchon.<\/p>\n<p>Un ph\u00e9nom\u00e8ne courant<\/p>\n<p>La raie pastenague, qui vit principalement dans l&rsquo;oc\u00e9an Atlantique ou dans la mer M\u00e9diterran\u00e9e,<strong> <\/strong>peut \u00eatre dangereuse pour l&rsquo;homme. Selon l&rsquo;encyclop\u00e9die web <a href=\"https:\/\/www.fishipedia.fr\/fr\/poissons\/dasyatis-pastinaca#:~:text=Esp%C3%A8ce%20potentiellement%20mortelle&amp;text=Cette%20esp%C3%A8ce%20est%20venimeuse%20et,elle%20peut%20engendrer%20la%20mort.\" target=\"_blank\" class=\"external_link\" rel=\"nofollow noopener\">Fishipedia<\/a>, \u00ab\u00a0leur dard pointu entour\u00e9 de denticules r\u00e9trogrades (\u00e0 la mani\u00e8re d&rsquo;un harpon), peut ais\u00e9ment percer la peau.\u00a0\u00bb<\/p>\n<p>Si la rencontre avec une raie pastenague suscite toujours la curiosit\u00e9 des passants, elle n&rsquo;est pourtant pas rare. Durant l&rsquo;\u00e9t\u00e9 2023, plusieurs raies pastenagues avaient \u00e9t\u00e9 observ\u00e9es successivement sur la <a href=\"https:\/\/www.bfmtv.com\/marseille\/marseille-une-raie-pastenague-observee-aux-catalans-la-plage-fermee-jusqu-a-nouvel-ordre_AN-202308010406.html\" title=\"Marseille: une raie Pastenague observ\u00e9e aux Catalans, la plage ferm\u00e9e jusqu&#039;\u00e0 nouvel ordre\" class=\"internal_link\" rel=\"nofollow noopener\" target=\"_blank\">plage des Catalans<\/a> (7e arrondissement) et la <a href=\"https:\/\/www.bfmtv.com\/marseille\/replay-emissions\/sud-week-end\/marseille-une-raie-pastenague-observee-a-la-pointe-rouge-ce-samedi-la-plage-evacuee_VN-202307300118.html\" title=\"Marseille: une raie Pastenague observ\u00e9e \u00e0 la Pointe-Rouge ce samedi, la plage \u00e9vacu\u00e9e\" class=\"internal_link\" rel=\"nofollow noopener\" target=\"_blank\">plage de la Pointe Rouge<\/a> (8e arrondissement).<\/p>\n<p>Le mois de juillet est un des moments les plus propices \u00e0 la reproduction de cette esp\u00e8ce. Les femelles se rapprochent g\u00e9n\u00e9ralement de la c\u00f4te pour mettre bas dans une eau moins profonde o\u00f9 il y aura moins de pr\u00e9dateurs.<\/p>\n","protected":false},"excerpt":{"rendered":"Une raie pastenague a \u00e9t\u00e9 observ\u00e9e dans la piscine naturelle du Vallon des Auffes, \u00e0 Marseille, ce lundi&hellip;\n","protected":false},"author":2,"featured_media":344504,"comment_status":"","ping_status":"","sticky":false,"template":"","format":"standard","meta":{"footnotes":""},"categories":[2814],"tags":[1111,11,1777,674,1011,27,884,12,882,25],"class_list":{"0":"post-344503","1":"post","2":"type-post","3":"status-publish","4":"format-standard","5":"has-post-thumbnail","7":"category-marseille","8":"tag-actu","9":"tag-actualites","10":"tag-eu","11":"tag-europe","12":"tag-fr","13":"tag-france","14":"tag-marseille","15":"tag-news","16":"tag-provence-alpes-cote-dazur","17":"tag-republique-francaise"},"share_on_mastodon":{"url":"https:\/\/pubeurope.com\/@fr\/115093540887678855","error":""},"_links":{"self":[{"href":"https:\/\/www.europesays.com\/fr\/wp-json\/wp\/v2\/posts\/344503","targetHints":{"allow":["GET"]}}],"collection":[{"href":"https:\/\/www.europesays.com\/fr\/wp-json\/wp\/v2\/posts"}],"about":[{"href":"https:\/\/www.europesays.com\/fr\/wp-json\/wp\/v2\/types\/post"}],"author":[{"embeddable":true,"href":"https:\/\/www.europesays.com\/fr\/wp-json\/wp\/v2\/users\/2"}],"replies":[{"embeddable":true,"href":"https:\/\/www.europesays.com\/fr\/wp-json\/wp\/v2\/comments?post=344503"}],"version-history":[{"count":0,"href":"https:\/\/www.europesays.com\/fr\/wp-json\/wp\/v2\/posts\/344503\/revisions"}],"wp:featuredmedia":[{"embeddable":true,"href":"https:\/\/www.europesays.com\/fr\/wp-json\/wp\/v2\/media\/344504"}],"wp:attachment":[{"href":"https:\/\/www.europesays.com\/fr\/wp-json\/wp\/v2\/media?parent=344503"}],"wp:term":[{"taxonomy":"category","embeddable":true,"href":"https:\/\/www.europesays.com\/fr\/wp-json\/wp\/v2\/categories?post=344503"},{"taxonomy":"post_tag","embeddable":true,"href":"https:\/\/www.europesays.com\/fr\/wp-json\/wp\/v2\/tags?post=344503"}],"curies":[{"name":"wp","href":"https:\/\/api.w.org\/{rel}","templated":true}]}}