{"id":344505,"date":"2025-08-26T06:00:09","date_gmt":"2025-08-26T06:00:09","guid":{"rendered":"https:\/\/www.europesays.com\/fr\/344505\/"},"modified":"2025-08-26T06:00:09","modified_gmt":"2025-08-26T06:00:09","slug":"douze-departements-dauvergne-rhone-alpes-en-vigilance-orages-ce-mardi","status":"publish","type":"post","link":"https:\/\/www.europesays.com\/fr\/344505\/","title":{"rendered":"Douze d\u00e9partements d&rsquo;Auvergne-Rh\u00f4ne-Alpes en vigilance orages ce mardi"},"content":{"rendered":"<p class=\"content\" style=\"font-size:1.2em;font-weight:700\">L&rsquo;ensemble de la r\u00e9gion Auvergne-Rh\u00f4ne-Alpes a \u00e9t\u00e9 plac\u00e9 en vigilance jaune orages ce mardi 26 ao\u00fbt 2025.<\/p>\n<p>La chaleur est de retour \u00e0 Lyon et dans toute la r\u00e9gion lyonnaise et les orages devrait \u00e9galement s&rsquo;inviter ce mardi 26 ao\u00fbt. M\u00e9t\u00e9o France a ainsi plac\u00e9 l&rsquo;ensemble de la r\u00e9gion Auvergne-Rh\u00f4ne-Alpes en vigilance jaune aux orages. <\/p>\n<p>Le Rh\u00f4ne, la Loire, la Haute-Loire, l&rsquo;Ain, l&rsquo;Is\u00e8re, la Dr\u00f4me, l&rsquo;Ard\u00e8che, la Savoie, la Haute-Savoie, l&rsquo;Allier, le Cantal et le Puy-de-D\u00f4me sont ainsi en vigilance. Cette derni\u00e8re sera valable \u00e0 partir de 14h ce mardi. Des orages qui pourraient \u00eatre localement assez fort toute la fin de journ\u00e9e.<\/p>\n","protected":false},"excerpt":{"rendered":"L&rsquo;ensemble de la r\u00e9gion Auvergne-Rh\u00f4ne-Alpes a \u00e9t\u00e9 plac\u00e9 en vigilance jaune orages ce mardi 26 ao\u00fbt 2025. La&hellip;\n","protected":false},"author":2,"featured_media":170037,"comment_status":"","ping_status":"","sticky":false,"template":"","format":"standard","meta":{"footnotes":""},"categories":[1889],"tags":[1111,11,2430,1777,674,1011,27,2428,12,25],"class_list":{"0":"post-344505","1":"post","2":"type-post","3":"status-publish","4":"format-standard","5":"has-post-thumbnail","7":"category-lyon","8":"tag-actu","9":"tag-actualites","10":"tag-auvergne-rhone-alpes","11":"tag-eu","12":"tag-europe","13":"tag-fr","14":"tag-france","15":"tag-lyon","16":"tag-news","17":"tag-republique-francaise"},"share_on_mastodon":{"url":"https:\/\/pubeurope.com\/@fr\/115093544865693262","error":""},"_links":{"self":[{"href":"https:\/\/www.europesays.com\/fr\/wp-json\/wp\/v2\/posts\/344505","targetHints":{"allow":["GET"]}}],"collection":[{"href":"https:\/\/www.europesays.com\/fr\/wp-json\/wp\/v2\/posts"}],"about":[{"href":"https:\/\/www.europesays.com\/fr\/wp-json\/wp\/v2\/types\/post"}],"author":[{"embeddable":true,"href":"https:\/\/www.europesays.com\/fr\/wp-json\/wp\/v2\/users\/2"}],"replies":[{"embeddable":true,"href":"https:\/\/www.europesays.com\/fr\/wp-json\/wp\/v2\/comments?post=344505"}],"version-history":[{"count":0,"href":"https:\/\/www.europesays.com\/fr\/wp-json\/wp\/v2\/posts\/344505\/revisions"}],"wp:featuredmedia":[{"embeddable":true,"href":"https:\/\/www.europesays.com\/fr\/wp-json\/wp\/v2\/media\/170037"}],"wp:attachment":[{"href":"https:\/\/www.europesays.com\/fr\/wp-json\/wp\/v2\/media?parent=344505"}],"wp:term":[{"taxonomy":"category","embeddable":true,"href":"https:\/\/www.europesays.com\/fr\/wp-json\/wp\/v2\/categories?post=344505"},{"taxonomy":"post_tag","embeddable":true,"href":"https:\/\/www.europesays.com\/fr\/wp-json\/wp\/v2\/tags?post=344505"}],"curies":[{"name":"wp","href":"https:\/\/api.w.org\/{rel}","templated":true}]}}