{"id":344506,"date":"2025-08-26T06:01:10","date_gmt":"2025-08-26T06:01:10","guid":{"rendered":"https:\/\/www.europesays.com\/fr\/344506\/"},"modified":"2025-08-26T06:01:10","modified_gmt":"2025-08-26T06:01:10","slug":"ligne-saint-etienne-lyon-la-region-se-fache","status":"publish","type":"post","link":"https:\/\/www.europesays.com\/fr\/344506\/","title":{"rendered":"Ligne Saint-Etienne \/ Lyon : la R\u00e9gion se f\u00e2che"},"content":{"rendered":"<p>Depuis la mi-juillet, un mouvement social local des aiguilleurs de l\u2019\u00e9toile ferroviaire st\u00e9phanoise d\u00e9sorganise la circulation des trains sur les lignes Saint-\u00c9tienne\u2013Lyon, Firminy et Roanne. La R\u00e9gion Auvergne-Rh\u00f4ne-Alpes presse SNCF R\u00e9seau de trouver une issue rapide, alors que la rentr\u00e9e approche et que des milliers d\u2019usagers lig\u00e9riens restent p\u00e9nalis\u00e9s.<\/p>\n<p>Le mouvement social touche directement l\u2019un des axes ferroviaires les plus fr\u00e9quent\u00e9s de France : <strong>la ligne TER Lyon\u2013Saint-\u00c9tienne, utilis\u00e9e chaque jour par pr\u00e8s de 20 000 voyageurs.<\/strong> Les dessertes vers Firminy et Roanne sont elles aussi perturb\u00e9es. Le nombre de trains mis en circulation par la R\u00e9gion est r\u00e9duit, entra\u00eenant retards, suppressions et saturation des rames disponibles. Les usagers lig\u00e9riens, nombreux \u00e0 emprunter ces trajets pour se rendre au travail ou aux \u00e9tudes, subissent de plein fouet les effets de cette gr\u00e8ve locale.<\/p>\n<p><strong>La R\u00e9gion exige une reprise normale du trafic<\/strong><\/p>\n<p>Face \u00e0 cette situation qui perdure depuis plusieurs semaines, le pr\u00e9sident de la R\u00e9gion, <strong>Fabrice Pannekoucke<\/strong>, accompagn\u00e9 du vice-pr\u00e9sident aux Transports, Fr\u00e9d\u00e9ric Aguilera, a demand\u00e9 \u00e0 la direction de SNCF R\u00e9seau de r\u00e9soudre ce conflit sans d\u00e9lai. Les \u00e9lus jugent la situation \u00ab\u00a0inadmissible\u00a0\u00bb pour les habitants, d\u00e9j\u00e0 confront\u00e9s aux al\u00e9as climatiques qui fragilisent r\u00e9guli\u00e8rement la circulation des trains dans la Loire. La R\u00e9gion appelle \u00e0 un retour \u00e0 la normale d\u00e8s le d\u00e9but de la semaine prochaine, afin que les agents reprennent le travail et que les voyageurs retrouvent un service ferroviaire fiable.<\/p>\n<p>ZF<\/p>\n","protected":false},"excerpt":{"rendered":"Depuis la mi-juillet, un mouvement social local des aiguilleurs de l\u2019\u00e9toile ferroviaire st\u00e9phanoise d\u00e9sorganise la circulation des trains&hellip;\n","protected":false},"author":2,"featured_media":344507,"comment_status":"","ping_status":"","sticky":false,"template":"","format":"standard","meta":{"footnotes":""},"categories":[1889],"tags":[1111,11,2430,1777,674,1011,27,2428,12,25],"class_list":{"0":"post-344506","1":"post","2":"type-post","3":"status-publish","4":"format-standard","5":"has-post-thumbnail","7":"category-lyon","8":"tag-actu","9":"tag-actualites","10":"tag-auvergne-rhone-alpes","11":"tag-eu","12":"tag-europe","13":"tag-fr","14":"tag-france","15":"tag-lyon","16":"tag-news","17":"tag-republique-francaise"},"share_on_mastodon":{"url":"https:\/\/pubeurope.com\/@fr\/115093548778903645","error":""},"_links":{"self":[{"href":"https:\/\/www.europesays.com\/fr\/wp-json\/wp\/v2\/posts\/344506","targetHints":{"allow":["GET"]}}],"collection":[{"href":"https:\/\/www.europesays.com\/fr\/wp-json\/wp\/v2\/posts"}],"about":[{"href":"https:\/\/www.europesays.com\/fr\/wp-json\/wp\/v2\/types\/post"}],"author":[{"embeddable":true,"href":"https:\/\/www.europesays.com\/fr\/wp-json\/wp\/v2\/users\/2"}],"replies":[{"embeddable":true,"href":"https:\/\/www.europesays.com\/fr\/wp-json\/wp\/v2\/comments?post=344506"}],"version-history":[{"count":0,"href":"https:\/\/www.europesays.com\/fr\/wp-json\/wp\/v2\/posts\/344506\/revisions"}],"wp:featuredmedia":[{"embeddable":true,"href":"https:\/\/www.europesays.com\/fr\/wp-json\/wp\/v2\/media\/344507"}],"wp:attachment":[{"href":"https:\/\/www.europesays.com\/fr\/wp-json\/wp\/v2\/media?parent=344506"}],"wp:term":[{"taxonomy":"category","embeddable":true,"href":"https:\/\/www.europesays.com\/fr\/wp-json\/wp\/v2\/categories?post=344506"},{"taxonomy":"post_tag","embeddable":true,"href":"https:\/\/www.europesays.com\/fr\/wp-json\/wp\/v2\/tags?post=344506"}],"curies":[{"name":"wp","href":"https:\/\/api.w.org\/{rel}","templated":true}]}}