{"id":344509,"date":"2025-08-26T06:03:10","date_gmt":"2025-08-26T06:03:10","guid":{"rendered":"https:\/\/www.europesays.com\/fr\/344509\/"},"modified":"2025-08-26T06:03:10","modified_gmt":"2025-08-26T06:03:10","slug":"cette-aide-a-la-mobilite-a-conquis-pres-dun-demi-million-dusagers-idfm-ne-compte-pas-sarreter-la","status":"publish","type":"post","link":"https:\/\/www.europesays.com\/fr\/344509\/","title":{"rendered":"Cette aide \u00e0 la mobilit\u00e9 a conquis pr\u00e8s d&rsquo;un demi-million d&rsquo;usagers, IDFM ne compte pas s&rsquo;arr\u00eater l\u00e0"},"content":{"rendered":"<p>            Par<br \/>\n        <strong><br \/>\n            <a href=\"https:\/\/actu.fr\/auteur\/redaction-paris\" title=\"Consulter tous les articles de R\u00e9daction Paris\" rel=\"nofollow noopener\" target=\"_blank\">R\u00e9daction Paris<\/a><br \/>\n        <\/strong><\/p>\n<p>        Publi\u00e9 le<\/p>\n<p>            26 ao\u00fbt 2025 \u00e0 7h12        <\/p>\n<p>La rentr\u00e9e approche, les m\u00e9tros se remplissent inexorablement et les cyclistes reconqui\u00e8rent le bitume \u00e0 <a href=\"https:\/\/actu.fr\/paris\/dernieres-actus\" rel=\"nofollow noopener\" target=\"_blank\">Paris<\/a> et dans sa petite couronne. Le beau temps, qui va prochainement <a href=\"https:\/\/actu.fr\/meteo\/orages-violents-et-pluies-abondantes-sur-plusieurs-regions-quelle-meteo-pour-paris-et-l-ile-de-france_63071767.html\" rel=\"nofollow noopener\" target=\"_blank\">tourner au vinaigre<\/a>, devrait en inciter plus d\u2019un \u00e0 envisager s\u00e9rieusement la petite reine pour leurs d\u00e9placements du quotidien. Depuis des ann\u00e9es, les collectivit\u00e9s poussent en ce sens avec diff\u00e9rentes aides \u00e0 l\u2019achat et \u00e0 la location. Et devraient continuer \u00e0 le faire d\u2019autant plus que le bonus v\u00e9lo et la prime \u00e0 la conversion <a href=\"https:\/\/actu.fr\/tag\/velo-electrique\" rel=\"nofollow noopener\" target=\"_blank\">v\u00e9lo \u00e9lectrique<\/a> ont <a href=\"https:\/\/actu.fr\/economie\/velo-electrique-bientot-la-fin-des-aides-a-l-achat-voici-comment-en-profiter-avant-qu-il-ne-soit-trop-tard_62246545.html\" rel=\"nofollow noopener\" target=\"_blank\">pris fin en f\u00e9vrier\u00a02025<\/a>.<\/p>\n<p>\u00ab\u2009Tripler le nombre de v\u00e9los sur les routes d\u2019ici \u00e0 2030\u2009\u00bb<\/p>\n<p class=\" wall-content\"><a href=\"https:\/\/actu.fr\/tag\/ile-de-france-mobilites\" rel=\"nofollow noopener\" target=\"_blank\">\u00cele-de-France Mobilit\u00e9s<\/a>, de son c\u00f4t\u00e9, s\u2019est donn\u00e9e comme objectif de \u00ab\u2009tripler le nombre de v\u00e9los sur les routes d\u2019ici \u00e0 2030 et de r\u00e9duire le nombre de v\u00e9hicules motoris\u00e9s\u2009\u00bb, nous indique l\u2019autorit\u00e9 organisatrice de la mobilit\u00e9 durable dans la r\u00e9gion. Une politique qui repose sur les trois piliers que sont<a href=\"https:\/\/actu.fr\/societe\/le-service-de-location-veligo-va-se-renforcer-et-doubler-son-parc-de-velos-en-ile-de-france_62027944.html\" rel=\"nofollow noopener\" target=\"_blank\"> V\u00e9ligo<\/a> \u2013 la location longue dur\u00e9e de VAE, jusqu\u2019\u00e0 neuf mois, qui permet de s\u2019initier \u00e0 la pratique avant de se lancer dans un achat -, les<a href=\"https:\/\/actu.fr\/ile-de-france\/paris_75056\/a-paris-le-chantier-du-plus-grand-parking-a-velos-de-france-entre-dans-sa-derniere-ligne-droite_60850092.html\" rel=\"nofollow noopener\" target=\"_blank\"> places de stationnement<\/a> \u00e0 proximit\u00e9 des gares \u2013 qui permettent de switcher d\u2019un mode de transport \u00e0 l\u2019autre-, ainsi que <a href=\"https:\/\/actu.fr\/societe\/aide-a-l-achat-d-un-velo-electrique-cargo-ou-pliant-ce-qui-change-en-septembre-en-ile-de-france_60001785.html\" rel=\"nofollow noopener\" target=\"_blank\">l\u2019aide \u00e0 l\u2019achat<\/a> \u2013 qui peut atteindre 1200 euros.<\/p>\n<p class=\" wall-content\">Lanc\u00e9 en 2020, ce dernier dispositif a remport\u00e9 \u00ab\u2009un franc succ\u00e8s\u2009\u00bb, se f\u00e9licite aujourd\u2019hui IDFM, qui nous r\u00e9v\u00e8le que, \u00ab\u2009depuis, 400\u2009000 demandes ont \u00e9t\u00e9 d\u00e9pos\u00e9es par les Franciliens et 150\u00a0millions d\u2019euros ont \u00e9t\u00e9 vers\u00e9s pour les satisfaire\u2009\u00bb.<\/p>\n<p>    <a href=\"https:\/\/email.publihebdos.com\/form?lid=Mqc7o19yVDtMEo2FE8aUtw2\" title=\"Ouvrie le lien\" rel=\"nofollow noopener\" target=\"_blank\">Cliquez ici pour visualiser le contenu<\/a><\/p>\n<p class=\" wall-content\">La plupart des b\u00e9n\u00e9ficiaires (74\u2009%) ont mis\u00e9 sur des VAE classiques, pr\u00e9cise IDFM. Ils ont \u00e9t\u00e9 12\u2009% \u00e0 opter pour les <a href=\"https:\/\/actu.fr\/ile-de-france\/paris_75056\/deux-fois-plus-rapide-que-le-metro-qui-sont-les-utilisateurs-du-velo-cargo-a-paris_60124922.html\" rel=\"nofollow noopener\" target=\"_blank\">v\u00e9los cargos<\/a> et 10\u2009% pour les v\u00e9los pliants. Et tous semblent en faire bon usage\u2009: 61\u2009% d\u00e9clarent se d\u00e9placer \u00e0 v\u00e9lo plus r\u00e9guli\u00e8rement \u00e0 la suite de leur achat, m\u00eame plusieurs ann\u00e9es apr\u00e8s l\u2019achat\u2009; 53\u2009% utilisent le v\u00e9lo autant en semaine que le week-end\u2009; 81\u2009% utilisent le v\u00e9lo toute l\u2019ann\u00e9e, dont 41\u2009% quelle que soit la m\u00e9t\u00e9o.<\/p>\n<p class=\" wall-content\">Les jeunes ne sont pas en reste ni les entreprises. Les 15-25\u00a0ans franciliens peuvent en effet b\u00e9n\u00e9ficier d\u2019une aide de 100\u00a0euros \u00e0 l\u2019achat d\u2019un v\u00e9lo m\u00e9canique gr\u00e2ce \u00e0<a href=\"https:\/\/actu.fr\/societe\/seine-et-marne-labaz-une-appli-qui-propose-des-aides-et-des-bons-plans-aux-jeunes_60229101.html\" rel=\"nofollow noopener\" target=\"_blank\"> l\u2019appli Labaz<\/a> de la r\u00e9gion et les soci\u00e9t\u00e9s, d\u2019une<a href=\"https:\/\/www.iledefrance-mobilites.fr\/le-reseau\/services-de-mobilite\/velo\/aide-velos-entreprises\" rel=\"nofollow noopener\" target=\"_blank\"> aide \u00e0 hauteur de 150\u00a0euros<\/a> par an et par cycle. Des coups de pouce qui contribue au d\u00e9veloppement de la location pour les d\u00e9placements domicile-travail, mais aussi pour les professions n\u00e9cessitant une activit\u00e9 de livraison, des tourn\u00e9es ou des d\u00e9placements entre plusieurs sites.<\/p>\n<p class=\" wall-content\">Charge aux diff\u00e9rents usagers de la route de la partager dans les meilleures conditions possibles. Pour \u00e9viter des drames, tels celui du <a href=\"https:\/\/actu.fr\/ile-de-france\/paris_75056\/paris-mort-d-un-cycliste-ecrase-par-un-automobiliste-apres-une-altercation-sur-la-route_61740945.html\" rel=\"nofollow noopener\" target=\"_blank\">meurtre de Paul Varry<\/a> l\u2019an pass\u00e9. Mi-juillet\u00a02025, par exemple, trois associations de cyclistes et la RATP signaient un nouveau protocole pour apaiser la <a href=\"https:\/\/actu.fr\/ile-de-france\/paris_75056\/paris-mort-d-un-cycliste-ecrase-par-un-automobiliste-apres-une-altercation-sur-la-route_61740945.html\" rel=\"nofollow noopener\" target=\"_blank\">cohabitation avec les bus<\/a>.<\/p>\n<p class=\" wall-content\">Personnalisez votre actualit\u00e9 en ajoutant vos villes et m\u00e9dias en favori avec <a href=\"https:\/\/moncompte.actu.fr\" title=\"D\u00e9couvez Mon Actu\" rel=\"nofollow noopener\" data-trk=\"{&quot;cta&quot;:{&quot;action&quot;:&quot;https:\\\/\\\/moncompte.actu.fr&quot;,&quot;category&quot;:&quot;mon compte&quot;,&quot;from&quot;:&quot;article footer&quot;,&quot;name&quot;:&quot;Mon actu&quot;,&quot;type&quot;:&quot;cta&quot;}}\" target=\"_blank\">Mon Actu<\/a>.<\/p>\n","protected":false},"excerpt":{"rendered":"Par R\u00e9daction Paris Publi\u00e9 le 26 ao\u00fbt 2025 \u00e0 7h12 La rentr\u00e9e approche, les m\u00e9tros se remplissent inexorablement&hellip;\n","protected":false},"author":2,"featured_media":33483,"comment_status":"","ping_status":"","sticky":false,"template":"","format":"standard","meta":{"footnotes":""},"categories":[1592],"tags":[1111,11,1777,674,1011,27,662,10883,12,626,25,104,2803,3459],"class_list":{"0":"post-344509","1":"post","2":"type-post","3":"status-publish","4":"format-standard","5":"has-post-thumbnail","7":"category-ile-de-france","8":"tag-actu","9":"tag-actualites","10":"tag-eu","11":"tag-europe","12":"tag-fr","13":"tag-france","14":"tag-ile-de-france","15":"tag-ile-de-france-mobilites","16":"tag-news","17":"tag-paris","18":"tag-republique-francaise","19":"tag-societe","20":"tag-transport","21":"tag-velo-electrique"},"share_on_mastodon":{"url":"https:\/\/pubeurope.com\/@fr\/115093556653874020","error":""},"_links":{"self":[{"href":"https:\/\/www.europesays.com\/fr\/wp-json\/wp\/v2\/posts\/344509","targetHints":{"allow":["GET"]}}],"collection":[{"href":"https:\/\/www.europesays.com\/fr\/wp-json\/wp\/v2\/posts"}],"about":[{"href":"https:\/\/www.europesays.com\/fr\/wp-json\/wp\/v2\/types\/post"}],"author":[{"embeddable":true,"href":"https:\/\/www.europesays.com\/fr\/wp-json\/wp\/v2\/users\/2"}],"replies":[{"embeddable":true,"href":"https:\/\/www.europesays.com\/fr\/wp-json\/wp\/v2\/comments?post=344509"}],"version-history":[{"count":0,"href":"https:\/\/www.europesays.com\/fr\/wp-json\/wp\/v2\/posts\/344509\/revisions"}],"wp:featuredmedia":[{"embeddable":true,"href":"https:\/\/www.europesays.com\/fr\/wp-json\/wp\/v2\/media\/33483"}],"wp:attachment":[{"href":"https:\/\/www.europesays.com\/fr\/wp-json\/wp\/v2\/media?parent=344509"}],"wp:term":[{"taxonomy":"category","embeddable":true,"href":"https:\/\/www.europesays.com\/fr\/wp-json\/wp\/v2\/categories?post=344509"},{"taxonomy":"post_tag","embeddable":true,"href":"https:\/\/www.europesays.com\/fr\/wp-json\/wp\/v2\/tags?post=344509"}],"curies":[{"name":"wp","href":"https:\/\/api.w.org\/{rel}","templated":true}]}}