{"id":344521,"date":"2025-08-26T06:10:16","date_gmt":"2025-08-26T06:10:16","guid":{"rendered":"https:\/\/www.europesays.com\/fr\/344521\/"},"modified":"2025-08-26T06:10:16","modified_gmt":"2025-08-26T06:10:16","slug":"nous-avons-dormi-trop-longtemps-sous-le-parapluie-americain","status":"publish","type":"post","link":"https:\/\/www.europesays.com\/fr\/344521\/","title":{"rendered":"\u201cNous avons dormi trop longtemps sous le parapluie am\u00e9ricain\u201d"},"content":{"rendered":"<p>      <img fetchpriority=\"high\" decoding=\"async\" class=\"mx-auto\" src=\"data:image\/svg+xml,%3Csvg%20xmlns%3D%27http%3A%2F%2Fwww.w3.org%2F2000%2Fsvg%27%20fill%3D%22%23e4e4e4%22%20viewBox%3D%270%200%20510%20340%27%20width%3D%22510%22%20height%3D%22340%22%3E%3Cpath%20d%3D%27M0%200h510v340H0z%27%2F%3E%3C%2Fsvg%3E\"  loading=\"eager\" width=\"510\" height=\"340\" data-oncrawl-image-size=\"510x340\" alt=\"Le pr\u00e9sident ukrainien Volodymyr Zelensky s\u2019entretient avec Emmanuel Macron, le chancelier allemand Friedrich Merz, le Premier ministre britannique Keir Starmer, la pr\u00e9sidente de la Commission europ\u00e9enne Ursula von der Leyen, la Premi\u00e8re ministre italienne Giorgia Meloni, le pr\u00e9sident finlandais Alexander Stubb et le secr\u00e9taire g\u00e9n\u00e9ral de l\u2019Otan Mark Rutte, dans la biblioth\u00e8que de la Maison-Blanche, \u00e0 Washington le 18\u00a0ao\u00fbt 2025.\"\/>      <\/p>\n<p class=\"latino-100m text-grey-600\">\n            Le pr\u00e9sident ukrainien Volodymyr Zelensky s\u2019entretient avec Emmanuel Macron, le chancelier allemand Friedrich Merz, le Premier ministre britannique Keir Starmer, la pr\u00e9sidente de la Commission europ\u00e9enne Ursula von der Leyen, la Premi\u00e8re ministre italienne Giorgia Meloni, le pr\u00e9sident finlandais Alexander Stubb et le secr\u00e9taire g\u00e9n\u00e9ral de l\u2019Otan Mark Rutte, dans la biblioth\u00e8que de la Maison-Blanche, \u00e0 Washington le 18\u00a0ao\u00fbt 2025.\u00a0UKRAINIAN PRESIDENTIAL PRESS SERVICE        <\/p>\n<p>        Lire\u00a0plus\u00a0tard      <\/p>\n<p><a aria-label=\"Nous suivre sur Google News\" href=\"https:\/\/news.google.com\/publications\/CAAqBwgKMJe4nQkw3dFs?hl=fr&amp;gl=FR&amp;ceid=FR%3Afr\" target=\"_blank\" data-piano=\"Page_Article,Sous_date_publi,Nous_suivre_sur_google_news,1er_clic,action\" class=\"btn btn--small btn--tertiary btn--icon-only\" rel=\"noopener\"><\/p>\n<p>      Google Actualit\u00e9s<br \/>\n  <\/a><\/p>\n<p>  Partager<\/p>\n<p>        Facebook<\/p>\n<p>        Bluesky<\/p>\n<p>        E-mail<\/p>\n<p>        Copier le lien<\/p>\n<p>      Envoyer<\/p>\n<p>      S\u2019abonner pour lire    <\/p>\n<p>Les Europ\u00e9ens <a href=\"https:\/\/www.nouvelobs.com\/monde\/20250818.OBS106822\/tous-a-washington-zelensky-et-les-europeens-en-quete-d-une-assurance-vie-pour-l-ukraine.html\" target=\"_blank\" rel=\"noopener\">sont venus en nombre<\/a> \u00e0 Washington le 18\u00a0ao\u00fbt pour tenter d\u2019influencer la position du pr\u00e9sident am\u00e9ricain Donald Trump sur l\u2019Ukraine. De votre point de vue, cette strat\u00e9gie a-t-elle fonctionn\u00e9\u00a0?<\/p>\n<p class=\"node__paragraphe antonia-750r text-grey-800 pb-8\">\n<strong>Josep Borrell<\/strong> Difficile \u00e0 dire. Donald Trump a totalement chang\u00e9 la fa\u00e7on de faire de la diplomatie. Auparavant, ces rendez-vous \u00e9taient pr\u00e9par\u00e9s, script\u00e9s \u00e0 l\u2019avance. Tout est devenu impr\u00e9visible. Depuis un mois, nous assistons \u00e0 une sorte d\u2019\u00e9trange t\u00e9l\u00e9r\u00e9alit\u00e9 dont les acteurs vont, viennent, dise\u2026<\/p>\n<p>  <img loading=\"lazy\" decoding=\"async\" class=\"floating-img\" src=\"https:\/\/www.europesays.com\/fr\/wp-content\/uploads\/2025\/07\/img-paywall@2x.png\" width=\"142\" height=\"91\" alt=\"\"\/><\/p>\n<p class=\"latino-100m text-blue-400\">Article r\u00e9serv\u00e9 aux abonn\u00e9s.<\/p>\n<p>          Se connecter<\/p>\n<p class=\"pb-16 text-center antonia-1850c\">Offre d\u2019\u00e9t\u00e9\u00a0:<br \/>1\u20ac\/mois pendant 6\u00a0mois<\/p>\n<p>\n        S&rsquo;abonner\n      <\/p>\n<p>          D\u00e9couvrir toutes nos offres<\/p>\n","protected":false},"excerpt":{"rendered":"Le pr\u00e9sident ukrainien Volodymyr Zelensky s\u2019entretient avec Emmanuel Macron, le chancelier allemand Friedrich Merz, le Premier ministre britannique&hellip;\n","protected":false},"author":2,"featured_media":344522,"comment_status":"","ping_status":"","sticky":false,"template":"","format":"standard","meta":{"footnotes":""},"categories":[1589],"tags":[17,11,7204,48073,48074,73,1866,674,48072,74,12,48075,1864,1865,1863,308],"class_list":{"0":"post-344521","1":"post","2":"type-post","3":"status-publish","4":"format-standard","5":"has-post-thumbnail","7":"category-etats-unis","8":"tag-17","9":"tag-actualites","10":"tag-americain","11":"tag-borrell","12":"tag-dormi","13":"tag-etats-unis","14":"tag-etats-unis-damerique","15":"tag-europe","16":"tag-josep","17":"tag-monde","18":"tag-news","19":"tag-parapluie","20":"tag-united-states","21":"tag-united-states-of-america","22":"tag-us","23":"tag-usa"},"share_on_mastodon":{"url":"https:\/\/pubeurope.com\/@fr\/115093584763776167","error":""},"_links":{"self":[{"href":"https:\/\/www.europesays.com\/fr\/wp-json\/wp\/v2\/posts\/344521","targetHints":{"allow":["GET"]}}],"collection":[{"href":"https:\/\/www.europesays.com\/fr\/wp-json\/wp\/v2\/posts"}],"about":[{"href":"https:\/\/www.europesays.com\/fr\/wp-json\/wp\/v2\/types\/post"}],"author":[{"embeddable":true,"href":"https:\/\/www.europesays.com\/fr\/wp-json\/wp\/v2\/users\/2"}],"replies":[{"embeddable":true,"href":"https:\/\/www.europesays.com\/fr\/wp-json\/wp\/v2\/comments?post=344521"}],"version-history":[{"count":0,"href":"https:\/\/www.europesays.com\/fr\/wp-json\/wp\/v2\/posts\/344521\/revisions"}],"wp:featuredmedia":[{"embeddable":true,"href":"https:\/\/www.europesays.com\/fr\/wp-json\/wp\/v2\/media\/344522"}],"wp:attachment":[{"href":"https:\/\/www.europesays.com\/fr\/wp-json\/wp\/v2\/media?parent=344521"}],"wp:term":[{"taxonomy":"category","embeddable":true,"href":"https:\/\/www.europesays.com\/fr\/wp-json\/wp\/v2\/categories?post=344521"},{"taxonomy":"post_tag","embeddable":true,"href":"https:\/\/www.europesays.com\/fr\/wp-json\/wp\/v2\/tags?post=344521"}],"curies":[{"name":"wp","href":"https:\/\/api.w.org\/{rel}","templated":true}]}}