{"id":344524,"date":"2025-08-26T06:12:17","date_gmt":"2025-08-26T06:12:17","guid":{"rendered":"https:\/\/www.europesays.com\/fr\/344524\/"},"modified":"2025-08-26T06:12:17","modified_gmt":"2025-08-26T06:12:17","slug":"lallemagne-alerte-sur-les-risques-dattaques-contre-les-sites-darmement-face-a-la-montee-des-protestations-2","status":"publish","type":"post","link":"https:\/\/www.europesays.com\/fr\/344524\/","title":{"rendered":"L&rsquo;Allemagne alerte sur les risques d&rsquo;attaques contre les sites d&rsquo;armement face \u00e0 la mont\u00e9e des protestations"},"content":{"rendered":"<p>Les fabricants d&rsquo;armes allemands sont expos\u00e9s \u00e0 des risques croissants d&rsquo;attaques contre leurs biens en raison de la multiplication des protestations, ont averti les enqu\u00eateurs f\u00e9d\u00e9raux dans un document consult\u00e9 par Reuters lundi, \u00e0 la veille d&rsquo;une action ciblant Rheinmetall cette semaine.<\/p>\n<p>\nDans une note \u00e9manant de l&rsquo;Office f\u00e9d\u00e9ral de la police criminelle (BKA), l&rsquo;agence souligne que la manifestation \u00ab Rheinmetall entwaffnen \u00bb (\u00ab D\u00e9sarmer Rheinmetall \u00bb) pourrait entra\u00eener des infractions contre la propri\u00e9t\u00e9, comme cela a \u00e9t\u00e9 observ\u00e9 lors d&rsquo;\u00e9v\u00e9nements similaires les ann\u00e9es pr\u00e9c\u00e9dentes.<\/p>\n<p>\nLes organisateurs pr\u00e9voient de manifester sur le site de Rheinmetall \u00e0 Cologne du mardi au dimanche, appelant \u00e0 rejeter le \u00ab r\u00e9gime de guerre \u00bb.<\/p>\n<p>\nDans une d\u00e9claration transmise par courriel \u00e0 Reuters, un porte-parole de Rheinmetall a indiqu\u00e9 que l&rsquo;entreprise \u00e9tait en contact avec les autorit\u00e9s de s\u00e9curit\u00e9 et avait pris les pr\u00e9cautions appropri\u00e9es, sans toutefois donner plus de d\u00e9tails.<\/p>\n<p>\nLes organisateurs de la protestation ont pr\u00e9cis\u00e9 que les d\u00e9tails des actions pr\u00e9vues \u00e9taient disponibles en ligne. \u00ab Nous saluons \u00e9videmment aussi des formes cr\u00e9atives et diverses de protestation antimilitariste \u00bb, a affirm\u00e9 \u00e0 Reuters un porte-parole du collectif.<\/p>\n<p>\nBien qu&rsquo;aucune preuve concr\u00e8te d&rsquo;activit\u00e9s criminelles planifi\u00e9es n&rsquo;ait \u00e9t\u00e9 relev\u00e9e, la police criminelle allemande estime que les entreprises de d\u00e9fense, ainsi que leurs fournisseurs et partenaires, \u00ab deviennent de plus en plus la cible de d\u00e9lits \u00e0 motivation politique \u00bb, en particulier issus de la gauche.<\/p>\n<p>\nLa note pr\u00e9cise que les guerres en Ukraine et \u00e0 Gaza attisent l&rsquo;hostilit\u00e9 envers le secteur militaire, tandis que la hausse des investissements allemands dans les forces arm\u00e9es alimente la contestation contre l&rsquo;industrie de la d\u00e9fense.<\/p>\n<p>\nOutre Rheinmetall, fournisseur cl\u00e9 d&rsquo;armes \u00e0 l&rsquo;Ukraine et \u00e0 ses alli\u00e9s europ\u00e9ens, la note cite \u00e9galement l&rsquo;entreprise isra\u00e9lienne Elbit Systems, qui dispose d&rsquo;un site \u00e0 Ulm, dans le sud-ouest de l&rsquo;Allemagne, en tant que cible potentielle.<\/p>\n<p>\nLe document mentionne \u00e9galement le collectif Palestine Action, interdit au Royaume-Uni en vertu de la l\u00e9gislation antiterroriste, parmi les groupes organisant r\u00e9guli\u00e8rement des manifestations en Allemagne, sans fournir davantage de d\u00e9tails.<\/p>\n","protected":false},"excerpt":{"rendered":"Les fabricants d&rsquo;armes allemands sont expos\u00e9s \u00e0 des risques croissants d&rsquo;attaques contre leurs biens en raison de la&hellip;\n","protected":false},"author":2,"featured_media":344525,"comment_status":"","ping_status":"","sticky":false,"template":"","format":"standard","meta":{"footnotes":""},"categories":[1587],"tags":[11,672,340,1804,1805,1803,1777,674,1801,12,1802],"class_list":{"0":"post-344524","1":"post","2":"type-post","3":"status-publish","4":"format-standard","5":"has-post-thumbnail","7":"category-allemagne","8":"tag-actualites","9":"tag-allemagne","10":"tag-bourse","11":"tag-bundesrepublik-deutschland","12":"tag-de","13":"tag-deutschland","14":"tag-eu","15":"tag-europe","16":"tag-germany","17":"tag-news","18":"tag-republique-federale-dallemagne"},"share_on_mastodon":{"url":"https:\/\/pubeurope.com\/@fr\/115093592177934244","error":""},"_links":{"self":[{"href":"https:\/\/www.europesays.com\/fr\/wp-json\/wp\/v2\/posts\/344524","targetHints":{"allow":["GET"]}}],"collection":[{"href":"https:\/\/www.europesays.com\/fr\/wp-json\/wp\/v2\/posts"}],"about":[{"href":"https:\/\/www.europesays.com\/fr\/wp-json\/wp\/v2\/types\/post"}],"author":[{"embeddable":true,"href":"https:\/\/www.europesays.com\/fr\/wp-json\/wp\/v2\/users\/2"}],"replies":[{"embeddable":true,"href":"https:\/\/www.europesays.com\/fr\/wp-json\/wp\/v2\/comments?post=344524"}],"version-history":[{"count":0,"href":"https:\/\/www.europesays.com\/fr\/wp-json\/wp\/v2\/posts\/344524\/revisions"}],"wp:featuredmedia":[{"embeddable":true,"href":"https:\/\/www.europesays.com\/fr\/wp-json\/wp\/v2\/media\/344525"}],"wp:attachment":[{"href":"https:\/\/www.europesays.com\/fr\/wp-json\/wp\/v2\/media?parent=344524"}],"wp:term":[{"taxonomy":"category","embeddable":true,"href":"https:\/\/www.europesays.com\/fr\/wp-json\/wp\/v2\/categories?post=344524"},{"taxonomy":"post_tag","embeddable":true,"href":"https:\/\/www.europesays.com\/fr\/wp-json\/wp\/v2\/tags?post=344524"}],"curies":[{"name":"wp","href":"https:\/\/api.w.org\/{rel}","templated":true}]}}