{"id":344526,"date":"2025-08-26T06:13:14","date_gmt":"2025-08-26T06:13:14","guid":{"rendered":"https:\/\/www.europesays.com\/fr\/344526\/"},"modified":"2025-08-26T06:13:14","modified_gmt":"2025-08-26T06:13:14","slug":"chartres-va-accueillir-les-tout-premiers-championnats-deurope-de-skate-cross","status":"publish","type":"post","link":"https:\/\/www.europesays.com\/fr\/344526\/","title":{"rendered":"Chartres va accueillir les tout premiers Championnats d\u2019Europe de skate cross"},"content":{"rendered":"<p class=\"paragraph text_align_left lp-f-body-02\">On peut \u00eatre une ville d\u2019\u00e0 peine 40 000 habitants et accueillir les premiers Championnats d\u2019Europe d\u2019une discipline. C\u2019est le cas de Chartres (Eure-et-Loir), qui a \u00e9t\u00e9 choisi pour organiser <a href=\"https:\/\/www.chartres.fr\/agenda\/detail\/championnat-deurope-de-skate-cross\" target=\"_blank\" rel=\"noreferrer noopener\">la manifestation inaugurale de skate cross \u00e0 l\u2019\u00e9chelle du continent<\/a>, ce week-end du 30 et 31 ao\u00fbt.<\/p>\n<p class=\"paragraph text_align_left lp-f-body-02\">Les arguments en faveur de la cit\u00e9 d\u2019Eure-et-Loir ? \u00ab Sa proximit\u00e9 avec Paris, sa capacit\u00e9 h\u00f4teli\u00e8re pour loger les \u00e9quipes mais surtout la possibilit\u00e9 d\u2019organiser les championnats dans le centre-ville de Chartres, place des \u00c9pars \u00bb, affirme S\u00e9bastien Bouvet, le pr\u00e9sident du C\u2019Chartres Roller, qui a beaucoup \u0153uvr\u00e9 pour cette candidature.<\/p>\n<p class=\"paragraph text_align_left lp-f-body-02\">Samedi et dimanche prochain, des \u00e9quipes venues, entre autres, d\u2019Ukraine, de Suisse, d\u2019Italie et de Pologne, mais aussi d\u2019ailleurs en France, participeront ainsi \u00e0 des courses de vitesse sur une piste jonch\u00e9e d\u2019obstacles, l\u2019essence m\u00eame de la discipline, qui se pratique sur des rollers.<\/p>\n<p class=\"paragraph text_align_left lp-f-body-02\">L\u2019un des comp\u00e9titeurs devrait \u00eatre particuli\u00e8rement soutenu par les 4 000 spectateurs attendus : Adonis Vicq, Chartrain de 17 ans et adepte de la discipline depuis d\u00e9j\u00e0 8 ans.<\/p>\n<p>Une soir\u00e9e \u00ab roller dance \u00bb<\/p>\n<p class=\"paragraph text_align_left lp-f-body-02\">C\u00f4t\u00e9 H\u00f4tel de ville, on estime que l\u2019organisation ne peut qu\u2019\u00eatre une formidable vitrine de plus pour Chartres, une semaine apr\u00e8s <a href=\"https:\/\/www.leparisien.fr\/sports\/squash-victor-crouin-champion-deurope-pour-la-3e-fois-daffilee-melissa-alves-sur-le-podium-23-08-2025-3SM4PZDIX5FQNC5H4XMQ336ORI.php\" target=\"_blank\" rel=\"noreferrer noopener\">l\u2019organisation des Championnats d\u2019Europe de squash<\/a>. Et b\u00e9n\u00e9ficier autant aux h\u00f4teliers qu\u2019aux commer\u00e7ants du centre. En plus, pour une contribution relativement modeste. \u00ab Le budget global est d\u2019environ 40 000 euros. La ville participe \u00e0 hauteur de 9 000 \u00bb, chiffre Jos\u00e9 Rolo, adjoint au maire de la commune charg\u00e9 du sport, de la jeunesse et de la vie associative.<\/p>\n<p class=\"paragraph text_align_left lp-f-body-02\">Quant au club C\u2019Chartres Roller, il esp\u00e8re que l\u2019\u00e9v\u00e9nement sera une \u00e9tape pour d\u00e9crocher un lieu dans la commune <a href=\"https:\/\/www.leparisien.fr\/eure-et-loir-28\/eure-et-loir-la-nouvelle-piste-de-pumptrack-de-luce-top-pour-le-bmx-a-deja-trouve-son-public-01-10-2024-QBPUXFWK7VHZLJ5D5V643RZTPQ.php\" target=\"_blank\" rel=\"noreferrer noopener\">qui leur sera totalement d\u00e9di\u00e9<\/a>.<\/p>\n<p class=\"paragraph text_align_left lp-f-body-02\">En parall\u00e8le de la comp\u00e9tition, une soir\u00e9e \u00ab roller dance \u00bb est pr\u00e9vue pour le samedi soir, de 19 heures \u00e0 23 heures. Pour rouler sur la place des \u00c9pars sans la pression de la comp\u00e9tition.<\/p>\n","protected":false},"excerpt":{"rendered":"On peut \u00eatre une ville d\u2019\u00e0 peine 40 000 habitants et accueillir les premiers Championnats d\u2019Europe d\u2019une discipline.&hellip;\n","protected":false},"author":2,"featured_media":344527,"comment_status":"","ping_status":"","sticky":false,"template":"","format":"standard","meta":{"footnotes":""},"categories":[1586],"tags":[11,459,1777,26844,674,1011,27,12,25,60],"class_list":{"0":"post-344526","1":"post","2":"type-post","3":"status-publish","4":"format-standard","5":"has-post-thumbnail","7":"category-europe","8":"tag-actualites","9":"tag-departements-horsidfo","10":"tag-eu","11":"tag-eure-et-loir-28","12":"tag-europe","13":"tag-fr","14":"tag-france","15":"tag-news","16":"tag-republique-francaise","17":"tag-sports"},"share_on_mastodon":{"url":"https:\/\/pubeurope.com\/@fr\/115093596015956129","error":""},"_links":{"self":[{"href":"https:\/\/www.europesays.com\/fr\/wp-json\/wp\/v2\/posts\/344526","targetHints":{"allow":["GET"]}}],"collection":[{"href":"https:\/\/www.europesays.com\/fr\/wp-json\/wp\/v2\/posts"}],"about":[{"href":"https:\/\/www.europesays.com\/fr\/wp-json\/wp\/v2\/types\/post"}],"author":[{"embeddable":true,"href":"https:\/\/www.europesays.com\/fr\/wp-json\/wp\/v2\/users\/2"}],"replies":[{"embeddable":true,"href":"https:\/\/www.europesays.com\/fr\/wp-json\/wp\/v2\/comments?post=344526"}],"version-history":[{"count":0,"href":"https:\/\/www.europesays.com\/fr\/wp-json\/wp\/v2\/posts\/344526\/revisions"}],"wp:featuredmedia":[{"embeddable":true,"href":"https:\/\/www.europesays.com\/fr\/wp-json\/wp\/v2\/media\/344527"}],"wp:attachment":[{"href":"https:\/\/www.europesays.com\/fr\/wp-json\/wp\/v2\/media?parent=344526"}],"wp:term":[{"taxonomy":"category","embeddable":true,"href":"https:\/\/www.europesays.com\/fr\/wp-json\/wp\/v2\/categories?post=344526"},{"taxonomy":"post_tag","embeddable":true,"href":"https:\/\/www.europesays.com\/fr\/wp-json\/wp\/v2\/tags?post=344526"}],"curies":[{"name":"wp","href":"https:\/\/api.w.org\/{rel}","templated":true}]}}