{"id":344528,"date":"2025-08-26T06:14:16","date_gmt":"2025-08-26T06:14:16","guid":{"rendered":"https:\/\/www.europesays.com\/fr\/344528\/"},"modified":"2025-08-26T06:14:16","modified_gmt":"2025-08-26T06:14:16","slug":"lue-alloue-7-5-millions-deuros-a-la-durabilite-energetique-au-kosovo","status":"publish","type":"post","link":"https:\/\/www.europesays.com\/fr\/344528\/","title":{"rendered":"L&rsquo;UE alloue 7.5 millions d&rsquo;euros \u00e0 la durabilit\u00e9 \u00e9nerg\u00e9tique au Kosovo"},"content":{"rendered":"<p>                                                L&rsquo;UE alloue 7.5 millions d&rsquo;euros \u00e0 la durabilit\u00e9 \u00e9nerg\u00e9tique au Kosovo                    <\/p>\n<p>                        <img decoding=\"async\" src=\"https:\/\/www.europesays.com\/fr\/wp-content\/uploads\/2025\/08\/bashkimi-evropian-650x358-1-600x358.jpg\" alt=\"\"\/><\/p>\n<p>                        nouvelles<\/p>\n<p>                            <img decoding=\"async\" src=\"https:\/\/www.europesays.com\/fr\/wp-content\/uploads\/2025\/08\/1754177174_227_LogoExpress-96x96.png\" alt=\"\"\/><\/p>\n<p>                        Gazeta Express<br \/>\n                        26\/08\/2025 7:10<\/p>\n<p>L&rsquo;Union europ\u00e9enne a d\u00e9bloqu\u00e9 7.5 millions d&rsquo;euros suppl\u00e9mentaires pour le Kosovo au titre du Programme d&rsquo;aide \u00e0 l&rsquo;\u00e9nergie (IAP 2023). La nouvelle a \u00e9t\u00e9 annonc\u00e9e par le Bureau de l&rsquo;UE via une publication Facebook, qui souligne que ce soutien s&rsquo;inscrit dans le cadre de l&rsquo;engagement en faveur de la transition verte et des \u00e9nergies propres au Kosovo.<\/p>\n<p>\u00ab L&rsquo;UE soutient le Kosovo et son peuple sur la voie de l&rsquo;\u00e9nergie durable, de la d\u00e9carbonisation et de la s\u00e9curit\u00e9 \u00e9nerg\u00e9tique \u00bb, indique le communiqu\u00e9.\u00a0<\/p>\n<p>Selon le bureau de l&rsquo;UE au Kosovo, avec un soutien d&rsquo;une valeur de 75 millions d&rsquo;euros, plus de 200,000 3,600 familles ont re\u00e7u jusqu&rsquo;\u00e0 pr\u00e9sent une aide pour leurs factures d&rsquo;\u00e9nergie, plus de 28 XNUMX maisons ont \u00e9t\u00e9 r\u00e9nov\u00e9es pour am\u00e9liorer leur efficacit\u00e9 \u00e9nerg\u00e9tique, tandis que XNUMX immeubles r\u00e9sidentiels de familles vuln\u00e9rables sont en cours de r\u00e9novation.<\/p>\n<p>Il est \u00e9galement annonc\u00e9 que plus de 40,000 154 familles et XNUMX entreprises ont \u00e9t\u00e9 soutenues par des \u00e9quipements solaires et \u00e9conomes en \u00e9nergie.\u00a0<\/p>\n","protected":false},"excerpt":{"rendered":"L&rsquo;UE alloue 7.5 millions d&rsquo;euros \u00e0 la durabilit\u00e9 \u00e9nerg\u00e9tique au Kosovo nouvelles Gazeta Express 26\/08\/2025 7:10 L&rsquo;Union europ\u00e9enne&hellip;\n","protected":false},"author":2,"featured_media":344529,"comment_status":"","ping_status":"","sticky":false,"template":"","format":"standard","meta":{"footnotes":""},"categories":[1586],"tags":[11,1777,674,1779,1011,27,12,25,1778,364],"class_list":{"0":"post-344528","1":"post","2":"type-post","3":"status-publish","4":"format-standard","5":"has-post-thumbnail","7":"category-europe","8":"tag-actualites","9":"tag-eu","10":"tag-europe","11":"tag-european-union","12":"tag-fr","13":"tag-france","14":"tag-news","15":"tag-republique-francaise","16":"tag-ue","17":"tag-union-europeenne"},"share_on_mastodon":{"url":"https:\/\/pubeurope.com\/@fr\/115093600081288727","error":""},"_links":{"self":[{"href":"https:\/\/www.europesays.com\/fr\/wp-json\/wp\/v2\/posts\/344528","targetHints":{"allow":["GET"]}}],"collection":[{"href":"https:\/\/www.europesays.com\/fr\/wp-json\/wp\/v2\/posts"}],"about":[{"href":"https:\/\/www.europesays.com\/fr\/wp-json\/wp\/v2\/types\/post"}],"author":[{"embeddable":true,"href":"https:\/\/www.europesays.com\/fr\/wp-json\/wp\/v2\/users\/2"}],"replies":[{"embeddable":true,"href":"https:\/\/www.europesays.com\/fr\/wp-json\/wp\/v2\/comments?post=344528"}],"version-history":[{"count":0,"href":"https:\/\/www.europesays.com\/fr\/wp-json\/wp\/v2\/posts\/344528\/revisions"}],"wp:featuredmedia":[{"embeddable":true,"href":"https:\/\/www.europesays.com\/fr\/wp-json\/wp\/v2\/media\/344529"}],"wp:attachment":[{"href":"https:\/\/www.europesays.com\/fr\/wp-json\/wp\/v2\/media?parent=344528"}],"wp:term":[{"taxonomy":"category","embeddable":true,"href":"https:\/\/www.europesays.com\/fr\/wp-json\/wp\/v2\/categories?post=344528"},{"taxonomy":"post_tag","embeddable":true,"href":"https:\/\/www.europesays.com\/fr\/wp-json\/wp\/v2\/tags?post=344528"}],"curies":[{"name":"wp","href":"https:\/\/api.w.org\/{rel}","templated":true}]}}