{"id":34453,"date":"2025-04-18T16:19:01","date_gmt":"2025-04-18T16:19:01","guid":{"rendered":"https:\/\/www.europesays.com\/fr\/34453\/"},"modified":"2025-04-18T16:19:01","modified_gmt":"2025-04-18T16:19:01","slug":"rouen-des-militants-de-reconquete-des-patriotes-et-de-debout-la-france-marchent-contre-les-zfe","status":"publish","type":"post","link":"https:\/\/www.europesays.com\/fr\/34453\/","title":{"rendered":"Rouen\u00a0: des militants de Reconqu\u00eate, des Patriotes et de Debout la France marchent contre les ZFE"},"content":{"rendered":"<p class=\"paragraph text_align_left\">Ce samedi 29 mars, des militants des partis Reconqu\u00eate, Les Patriotes et Debout la France, ont battu le pav\u00e9 \u00e0 Rouen (Seine-Maritime) pour s\u2019opposer aux <a href=\"https:\/\/www.leparisien.fr\/info-paris-ile-de-france-oise\/transports\/projet-dabandon-des-zfe-daniel-guiraud-vice-president-de-la-metropole-du-grand-paris-en-appelle-a-letat-29-03-2025-GMAMEAYE55BGNOZ57U2EVSMBPQ.php\" target=\"_blank\" rel=\"nofollow noopener\">zones \u00e0 faibles \u00e9missions mobilit\u00e9 (ZFE-m)<\/a>. La manifestation avait \u00e9t\u00e9 organis\u00e9e en r\u00e9action \u00e0 une d\u00e9cision du tribunal administratif de la ville, neuf jours plus t\u00f4t. Celui-ci avait alors prononc\u00e9 un non-lieu sur le recours en justice demandant l\u2019abrogation de la mesure dans 13 communes de la m\u00e9tropole, d\u00e9pos\u00e9 par les associations 40 millions d\u2019automobilistes et la F\u00e9d\u00e9ration des \u00e9quipementiers et distributeurs automobiles (Feda).<\/p>\n<p class=\"paragraph text_align_left\">Mais ces derniers ont remport\u00e9 une victoire politique ce mercredi 26 mars, cette fois au niveau national. Contre l\u2019avis du gouvernement, la commission sp\u00e9ciale charg\u00e9e d\u2019examiner le projet de loi sur la \u00ab simplification de la vie \u00e9conomique \u00bb \u00e0 l\u2019Assembl\u00e9e nationale a ainsi fait passer deux amendements d\u00e9pos\u00e9s par la Droite R\u00e9publicaine et le Rassemblement national <a href=\"https:\/\/www.leparisien.fr\/politique\/zfe-les-deputes-votent-en-commission-la-suppression-des-zones-a-faibles-emissions-26-03-2025-7AOQ6HQGONEQPIWJPJHDWIGBRA.php\" rel=\"nofollow noopener\" target=\"_blank\">afin de faire supprimer les ZFE-m<\/a>. Les parlementaires examineront le texte dans l\u2019h\u00e9micycle \u00e0 partir du 8 avril.<\/p>\n<p class=\"paragraph text_align_left\">\u00c0 l\u2019approche des \u00e9lections municipales de 2026, la pression politique augmente pour demander une r\u00e9vision de la loi concernant ces ZFE-m, des zones des grandes villes interdites d\u2019acc\u00e8s aux v\u00e9hicules les plus polluants. Si les d\u00e9fenseurs de la mesure pointent du doigt les probl\u00e8mes de sant\u00e9s li\u00e9s \u00e0 la qualit\u00e9 de l\u2019air, responsables d\u2019environ 40 000 morts par an, les opposants soulignent le fait qu\u2019elle p\u00e9nalise les plus modestes, qui ne peuvent pas investir dans un v\u00e9hicule correspondant aux crit\u00e8res.<\/p>\n<p>Les automobilistes et les autres<\/p>\n<p class=\"paragraph text_align_left\">\u00c0 Rouen, une partie de ces opposants marchait ce samedi de l\u2019H\u00f4tel de ville pour rejoindre la place du Vieux-March\u00e9, entonnant une Marseillaise sous le Gros-Horloge. Une centaine de militants de Reconqu\u00eate, des Patriotes et de Debout la France, rejoints par quelques badauds, voulaient ainsi \u00ab d\u00e9noncer la cr\u00e9ation de la ZFE-m sur la M\u00e9tropole Rouen Normandie \u00bb, affirme Jean-Marc Bled, d\u00e9l\u00e9gu\u00e9 d\u00e9partemental Reconqu\u00eate pour la Seine-Maritime. \u00ab C\u2019est une mesure impopulaire qui fait en sorte de sortir de l\u2019agglom\u00e9ration des personnes <a href=\"https:\/\/www.leparisien.fr\/info-paris-ile-de-france-oise\/transports\/interdiction-des-vehicules-critair-3-dans-le-grand-paris-ce-quil-faut-savoir-01-01-2025-FE26MQ43BBBG7D7V7IZFZ2IDLE.php\" target=\"_blank\" rel=\"nofollow noopener\">qui n\u2019ont pas de v\u00e9hicules avec le bon crit\u00e8re<\/a>. Aujourd\u2019hui, c\u2019est au moins 10 % d\u2019automobilistes qui ne peuvent plus venir \u00e0 Rouen. Demain, si on interdit le Crit 2, on passera \u00e0 plus de 30 %. C\u2019est in\u00e9galitaire. C\u2019est de l\u2019\u00e9cologie punitive que nous ne pouvons pas consid\u00e9rer comme b\u00e9n\u00e9fique pour la population. \u00bb<\/p>\n<p class=\"paragraph text_align_left\">Si certaines m\u00e9tropoles ont demand\u00e9 un report de 5 ans de la mesure pour mieux pr\u00e9parer sa mise en place, le militant rejette l\u2019id\u00e9e. \u00ab Cela ne veut pas dire annuler. Nous sommes oppos\u00e9s aux directives europ\u00e9ennes qui veulent interdire les v\u00e9hicules thermiques dans les villes d\u2019ici 2030. La majorit\u00e9 des gens n\u2019ont pas les moyens d\u2019acheter des v\u00e9hicules \u00e9lectriques ou Crit 1 \u00bb, explique-t-il. \u00ab Notre manifestation est un acte de r\u00e9bellion face \u00e0 cette volont\u00e9 de l\u2019Europe. La ZFE-m est une vision antir\u00e9publicaine de notre soci\u00e9t\u00e9 qui oppose la communaut\u00e9 des automobilistes qui peuvent conduire et les autres. Circuler, c\u2019est la libert\u00e9. \u00bb Des arguments repris par les autres opposants \u00e0 la mesure pr\u00e9sents, l\u2019un d\u2019eux d\u00e9non\u00e7ant la mise en place des ZFE-m \u00ab comme une punition, un moyen de ne plus voir les gueux, une s\u00e9gr\u00e9gation sociale \u00bb.<\/p>\n","protected":false},"excerpt":{"rendered":"Ce samedi 29 mars, des militants des partis Reconqu\u00eate, Les Patriotes et Debout la France, ont battu le&hellip;\n","protected":false},"author":2,"featured_media":34454,"comment_status":"","ping_status":"","sticky":false,"template":"","format":"standard","meta":{"footnotes":""},"categories":[9587],"tags":[1111,11,459,1777,674,1011,27,12,5161,316,25,9590,11074],"class_list":{"0":"post-34453","1":"post","2":"type-post","3":"status-publish","4":"format-standard","5":"has-post-thumbnail","7":"category-rouen","8":"tag-actu","9":"tag-actualites","10":"tag-departements-horsidfo","11":"tag-eu","12":"tag-europe","13":"tag-fr","14":"tag-france","15":"tag-news","16":"tag-normandie","17":"tag-politique","18":"tag-republique-francaise","19":"tag-rouen","20":"tag-seine-maritime-76"},"share_on_mastodon":{"url":"","error":""},"_links":{"self":[{"href":"https:\/\/www.europesays.com\/fr\/wp-json\/wp\/v2\/posts\/34453","targetHints":{"allow":["GET"]}}],"collection":[{"href":"https:\/\/www.europesays.com\/fr\/wp-json\/wp\/v2\/posts"}],"about":[{"href":"https:\/\/www.europesays.com\/fr\/wp-json\/wp\/v2\/types\/post"}],"author":[{"embeddable":true,"href":"https:\/\/www.europesays.com\/fr\/wp-json\/wp\/v2\/users\/2"}],"replies":[{"embeddable":true,"href":"https:\/\/www.europesays.com\/fr\/wp-json\/wp\/v2\/comments?post=34453"}],"version-history":[{"count":0,"href":"https:\/\/www.europesays.com\/fr\/wp-json\/wp\/v2\/posts\/34453\/revisions"}],"wp:featuredmedia":[{"embeddable":true,"href":"https:\/\/www.europesays.com\/fr\/wp-json\/wp\/v2\/media\/34454"}],"wp:attachment":[{"href":"https:\/\/www.europesays.com\/fr\/wp-json\/wp\/v2\/media?parent=34453"}],"wp:term":[{"taxonomy":"category","embeddable":true,"href":"https:\/\/www.europesays.com\/fr\/wp-json\/wp\/v2\/categories?post=34453"},{"taxonomy":"post_tag","embeddable":true,"href":"https:\/\/www.europesays.com\/fr\/wp-json\/wp\/v2\/tags?post=34453"}],"curies":[{"name":"wp","href":"https:\/\/api.w.org\/{rel}","templated":true}]}}