{"id":344532,"date":"2025-08-26T06:16:18","date_gmt":"2025-08-26T06:16:18","guid":{"rendered":"https:\/\/www.europesays.com\/fr\/344532\/"},"modified":"2025-08-26T06:16:18","modified_gmt":"2025-08-26T06:16:18","slug":"tags-free-palestine-sur-des-voitures-a-chatel-un-saisonnier-de-32-ans-condamne-a-huit-mois-de-prison-ferme","status":"publish","type":"post","link":"https:\/\/www.europesays.com\/fr\/344532\/","title":{"rendered":"Tags \u00ab\u00a0Free Palestine\u00a0\u00bb sur des voitures \u00e0 Ch\u00e2tel\u00a0: un saisonnier de 32 ans condamn\u00e9 \u00e0 huit mois de prison ferme"},"content":{"rendered":"<p class=\"paragraph text_align_left lp-f-body-02\">Il \u00e9tait jug\u00e9 ce lundi pour \u00ab d\u00e9gradation du bien d\u2019autrui commise en raison de l\u2019appartenance, r\u00e9elle ou suppos\u00e9e, de la victime \u00e0 une nation ou \u00e0 une religion \u00bb. L\u2019homme, qui a reconnu \u00eatre l\u2019<a href=\"https:\/\/www.leparisien.fr\/faits-divers\/free-palestine-tague-sur-des-voitures-de-vacanciers-de-confession-juive-une-enquete-ouverte-a-chatel-en-haute-savoie-20-08-2025-7LBA75ROU5EETN2RXF67LCQ6MY.php\" target=\"_blank\" rel=\"noreferrer nofollow noopener\">auteur de tags \u00ab Free Palestine \u00bb sur des voitures<\/a>, dont certaines appartenant \u00e0 des personnes de confession juive, \u00e0 Ch\u00e2tel (Haute-Savoie), a \u00e9t\u00e9 condamn\u00e9 \u00e0 16 mois de prison dont huit ferme, a annonc\u00e9 le procureur de Thonon-les-Bains ce lundi.<\/p>\n<p class=\"paragraph text_align_left lp-f-body-02\">Ce saisonnier de 32 ans devra \u00e9galement suivre des obligations de soins, de travail ou de formation, indemniser les victimes et accomplir un stage de citoyennet\u00e9, a pr\u00e9cis\u00e9 dans un communiqu\u00e9 Xavier Goux-Thiercelin.<\/p>\n<p class=\"paragraph text_align_left lp-f-body-02\">\u00ab Les trois parquets de Haute-Savoie \u00e9laborent actuellement un projet de stage de citoyennet\u00e9 avec le mus\u00e9e m\u00e9morial de la Maison d\u2019Izieu, et le pr\u00e9venu devrait pouvoir effectuer son stage dans ce cadre \u00bb, a indiqu\u00e9 la m\u00eame source.<\/p>\n<p>\u00ab Faire entendre sa voix et passer un message sur la Palestine \u00bb<\/p>\n<p class=\"paragraph text_align_left lp-f-body-02\">Dans la nuit de mardi \u00e0 mercredi dernier, huit v\u00e9hicules avaient \u00e9t\u00e9 tagu\u00e9s. Quatre de ces v\u00e9hicules appartenaient \u00e0 des membres de la communaut\u00e9 juive Loubavitch, r\u00e9sidents du <a href=\"https:\/\/www.leparisien.fr\/international\/royaume-uni\/\" target=\"_blank\" rel=\"noreferrer nofollow noopener\">Royaume-Uni<\/a>, venus passer des vacances \u00e0 Ch\u00e2tel. Les quatre autres voitures \u00ab pr\u00e9sentaient des ressemblances avec des v\u00e9hicules utilis\u00e9s par des membres de cette communaut\u00e9 \u00bb, avait pr\u00e9cis\u00e9 le procureur.<\/p>\n<p class=\"lp-card-podcast-highlighting__title  lp-f-subtitle-05\">[4\/4] C\u00e9cile Vallin, les secrets d\u2019une disparition<\/p>\n<p class=\"lp-card-podcast-highlighting__description lp-f-ui-05\">Crime story raconte chaque semaine les grandes affaires criminelles.<\/p>\n<p><a class=\"lp-card-podcast-highlighting__call-to-action\" data-page-type=\"HP\" data-block-name=\"podcast-highlight\">\u00c9couter<\/a><\/p>\n<p class=\"paragraph text_align_left lp-f-body-02\">Une enqu\u00eate pour \u00ab d\u00e9gradation ou d\u00e9t\u00e9rioration du bien d\u2019autrui commise en raison de la pr\u00e9tendue race, de l\u2019ethnie, de la nation ou de la religion de la victime \u00bb avait \u00e9t\u00e9 ouverte.<\/p>\n<p class=\"paragraph text_align_left lp-f-body-02\">Men\u00e9e par la brigade de recherches de la compagnie de gendarmerie de <a href=\"https:\/\/www.leparisien.fr\/haute-savoie-74\/elle-peut-fondre-sur-les-promeneurs-avec-le-printemps-la-buse-agressive-est-de-retour-a-thonon-les-bains-04-05-2025-OQL52MRDJVAFNM5HEDLX2CGJXY.php\" target=\"_blank\" rel=\"noreferrer nofollow noopener\">Thonon-les-Bains<\/a>, appuy\u00e9e par l\u2019Office central de lutte contre les crimes contre l\u2019humanit\u00e9 et les crimes de haine de la gendarmerie nationale, elle avait permis d\u2019identifier un suspect, utilisateur d\u2019un v\u00e9hicule pr\u00e9sent \u00e0 proximit\u00e9 des diff\u00e9rents faits.<\/p>\n<p class=\"paragraph text_align_left lp-f-body-02\">Plac\u00e9 en garde \u00e0 vue, ce saisonnier de 32 ans avait commenc\u00e9 par nier les faits avant de les reconna\u00eetre, selon le procureur. Il avait expliqu\u00e9 avoir voulu taguer les v\u00e9hicules de \u00ab juifs isra\u00e9liens \u00bb pour \u00ab faire entendre sa voix et passer un message sur la Palestine \u00bb et avait d\u00e9clar\u00e9 \u00ab regretter les faits \u00bb, poursuit cette m\u00eame source.<\/p>\n<p class=\"paragraph text_align_left lp-f-body-02\">L\u2019homme avait d\u00e9j\u00e0 \u00e9t\u00e9 condamn\u00e9 pour vol en 2018 et pour deux faits d\u2019infractions routi\u00e8res entre 2022 et 2023. Il avait \u00e9t\u00e9 d\u00e9f\u00e9r\u00e9 dimanche au tribunal judiciaire de Thonon-les-Bains dans le cadre d\u2019une proc\u00e9dure de comparution imm\u00e9diate.<\/p>\n<p class=\"paragraph text_align_left lp-f-body-02\">Dans un communiqu\u00e9, le Conseil repr\u00e9sentatif des institutions juives de France (Crif) Auvergne-Rh\u00f4ne-Alpes avait d\u00e9nonc\u00e9 des actes \u00ab ignobles, commis dans une station de vacances o\u00f9 s\u00e9journent r\u00e9guli\u00e8rement des familles juives venues du monde entier \u00bb.<\/p>\n<p class=\"paragraph text_align_left lp-f-body-02\">Depuis des d\u00e9cennies, plusieurs stations des Alpes accueillent des membres de la communaut\u00e9 juive orthodoxe chaque \u00e9t\u00e9, notamment dans le cadre de voyages organis\u00e9s.<\/p>\n","protected":false},"excerpt":{"rendered":"Il \u00e9tait jug\u00e9 ce lundi pour \u00ab d\u00e9gradation du bien d\u2019autrui commise en raison de l\u2019appartenance, r\u00e9elle ou&hellip;\n","protected":false},"author":2,"featured_media":344533,"comment_status":"","ping_status":"","sticky":false,"template":"","format":"standard","meta":{"footnotes":""},"categories":[2],"tags":[11,459,118,1011,27,12,25],"class_list":{"0":"post-344532","1":"post","2":"type-post","3":"status-publish","4":"format-standard","5":"has-post-thumbnail","7":"category-actualites","8":"tag-actualites","9":"tag-departements-horsidfo","10":"tag-faits-divers","11":"tag-fr","12":"tag-france","13":"tag-news","14":"tag-republique-francaise"},"share_on_mastodon":{"url":"https:\/\/pubeurope.com\/@fr\/115093607822551492","error":""},"_links":{"self":[{"href":"https:\/\/www.europesays.com\/fr\/wp-json\/wp\/v2\/posts\/344532","targetHints":{"allow":["GET"]}}],"collection":[{"href":"https:\/\/www.europesays.com\/fr\/wp-json\/wp\/v2\/posts"}],"about":[{"href":"https:\/\/www.europesays.com\/fr\/wp-json\/wp\/v2\/types\/post"}],"author":[{"embeddable":true,"href":"https:\/\/www.europesays.com\/fr\/wp-json\/wp\/v2\/users\/2"}],"replies":[{"embeddable":true,"href":"https:\/\/www.europesays.com\/fr\/wp-json\/wp\/v2\/comments?post=344532"}],"version-history":[{"count":0,"href":"https:\/\/www.europesays.com\/fr\/wp-json\/wp\/v2\/posts\/344532\/revisions"}],"wp:featuredmedia":[{"embeddable":true,"href":"https:\/\/www.europesays.com\/fr\/wp-json\/wp\/v2\/media\/344533"}],"wp:attachment":[{"href":"https:\/\/www.europesays.com\/fr\/wp-json\/wp\/v2\/media?parent=344532"}],"wp:term":[{"taxonomy":"category","embeddable":true,"href":"https:\/\/www.europesays.com\/fr\/wp-json\/wp\/v2\/categories?post=344532"},{"taxonomy":"post_tag","embeddable":true,"href":"https:\/\/www.europesays.com\/fr\/wp-json\/wp\/v2\/tags?post=344532"}],"curies":[{"name":"wp","href":"https:\/\/api.w.org\/{rel}","templated":true}]}}