{"id":344536,"date":"2025-08-26T06:18:15","date_gmt":"2025-08-26T06:18:15","guid":{"rendered":"https:\/\/www.europesays.com\/fr\/344536\/"},"modified":"2025-08-26T06:18:15","modified_gmt":"2025-08-26T06:18:15","slug":"team-usa-a-moins-de-48h-de-lannonce-officielle-un-premier-joueur-deja-fixe-sur-sa-participation","status":"publish","type":"post","link":"https:\/\/www.europesays.com\/fr\/344536\/","title":{"rendered":"Team USA, \u00e0 moins de 48h de l&rsquo;annonce officielle, un premier joueur d\u00e9j\u00e0 fix\u00e9 sur sa participation ?"},"content":{"rendered":"<p>\t\t\t\t\t\t<img width=\"770\" height=\"557\" src=\"https:\/\/www.europesays.com\/fr\/wp-content\/uploads\/2025\/08\/ryder-cup-sam-burns-keegan-bradley-team-usa-770x557.jpg\" class=\"img-responsive wp-post-image\" alt=\"Sam Burns Photo by Mike Ehrmann \/ GETTY IMAGES EUROPE \/ Getty Images via AFP\" decoding=\"async\" fetchpriority=\"high\"  \/>\t\t\t\t\t<\/p>\n<p>\t\t\t\t\t\t Partager cet article <\/p>\n<p class=\"screen-reader-text juiz_sps_maybe_hidden_text\">Partager la publication \u00ab\u00a0Team USA, \u00e0 moins de 48h de l\u2019annonce officielle, un premier joueur d\u00e9j\u00e0 fix\u00e9 sur sa participation ?\u00a0\u00bb<\/p>\n<p><strong>L\u2019annonce officielle des 6 joueurs retenus par Keegan Bradley pour compl\u00e9ter son \u00e9quipe est pr\u00e9vue mercredi \u00e0 San Francisco mais le capitaine am\u00e9ricain a d\u00e9j\u00e0 pass\u00e9 quelques coups de fil et selon les premi\u00e8res rumeurs il semblerait que Sam Burns ait re\u00e7u la confirmation de sa participation.<\/strong><\/p>\n<p>\t\t\t\t\t<a id=\"180479\" href=\"https:\/\/www.swing.fr\/voyage\/35-14eme-edition-des-doubles-gosset-by-beachcomber\" target=\"_blank\" rel=\"sponsorised nofollow noopener\"><img decoding=\"async\" src=\"data:image\/svg+xml,%3Csvg%20xmlns=\" http:=\"\" class=\"img-responsive\" alt=\"\" data-lazy-src=\"https:\/\/www.europesays.com\/fr\/wp-content\/uploads\/2025\/07\/beachcomber-e01-doubles-gosset-26-1170x275-1.jpg\"\/><\/a><\/p>\n<p>Alors que la question de la s\u00e9lection de <strong>Keegan Bradley<\/strong> par Keegan Bradley est sur toutes les l\u00e8vres aux Etats-unis, une autre information concernant l\u2019annonce prochaine des choix du capitaine a enflamm\u00e9 la toile lundi soir.<\/p>\n<p><strong>Sam Burns<\/strong> aurait re\u00e7u la confirmation de sa s\u00e9lection par Bradley.\u00a0<\/p>\n<p>Le meilleur ami de Scottie<\/p>\n<p><a href=\"https:\/\/www.rydercup.com\/us-rankings\" rel=\"nofollow noopener\" target=\"_blank\">16e du classement Ryder Cup de la Team USA<\/a>, le quintuple vainqueur de tournoi sur le PGA Tour ne semblait pourtant pas tenir la corde parmi les noms qui circulaient pour compl\u00e9ter la formation am\u00e9ricaine.<\/p>\n<p>Si <strong>Justin Thomas <\/strong>et<strong> Collin Morikawa<\/strong> figurent parmi les cit\u00e9s pour jouer <a href=\"https:\/\/www.golfplanete.com\/actualites\/les-trois-derniers-qualifies-aux-points-cote-usa-sont-connus-pour-bethpage\/\" rel=\"nofollow noopener\" target=\"_blank\">aux c\u00f4t\u00e9s des 6 joueurs qualifi\u00e9s math\u00e9matiquement<\/a> (<strong>Scheffler<\/strong>, <strong>Spaun<\/strong>, <strong>Schauffele<\/strong>, <strong>Henley<\/strong>, <strong>English<\/strong>, <strong>DeChambeau<\/strong>), l\u2019identit\u00e9 des 4 autres joueurs est encore tr\u00e8s floue.\u00a0<\/p>\n<p>Burns qui a termin\u00e9 \u00e0 la 7e place du Tour Championship (<a href=\"https:\/\/www.golfplanete.com\/actualites\/fedex-cup-cherchez-lerreur\/\" rel=\"nofollow noopener\" target=\"_blank\">et donc de la FedEx Cup 2025<\/a>) dispose de deux atouts. Il a pris part \u00e0 la Ryder Cup en 2023 \u00e0 Rome et sa proximit\u00e9* avec Scottie Scheffler le d\u00e9signe comme le partenaire id\u00e9al du num\u00e9ro 1 mondial.\u00a0<\/p>\n<blockquote class=\"twitter-tweet\" data-media-max-width=\"560\">\n<p dir=\"ltr\" lang=\"en\">LFG!!!!!! I WAS ALWAYS TEAM \ud83c\uddfa\ud83c\uddf8 ALL THE WAY!!!! <a href=\"https:\/\/t.co\/G7P0cskcas\" rel=\"nofollow\">https:\/\/t.co\/G7P0cskcas<\/a> <a href=\"https:\/\/t.co\/3kPznd9KZU\" rel=\"nofollow\">pic.twitter.com\/3kPznd9KZU<\/a><\/p>\n<p>\u2014 Burns Burner (@SBurnsBurner) <a href=\"https:\/\/twitter.com\/SBurnsBurner\/status\/1960068110968672641?ref_src=twsrc%5Etfw\" rel=\"nofollow noopener\" target=\"_blank\">August 25, 2025<\/a><\/p>\n<\/blockquote>\n<p>Des d\u00e9buts mitig\u00e9s<\/p>\n<p>Son retour en forme, observ\u00e9 ces derni\u00e8res semaines valide ce choix. Sil n\u2019a pas gagn\u00e9 de tournoi il n\u2019est pas pass\u00e9 loin d\u2019ajouter un 6e titre sur le PGA Tour \u00e0 son palmar\u00e8s au Canada en juin (battu en play-off par Ryan Fox) et il a enchain\u00e9 avec une 7e place dans l\u2019US Open.<\/p>\n<p><a href=\"https:\/\/www.golfplanete.com\/actualites\/fedex-cup-premiere-victoire-sur-le-pga-tour-pour-tommy-fleetwood-et-quelle-victoire\/\" rel=\"nofollow noopener\" target=\"_blank\">Outre sa 7e place \u00e0 Atlanta dimanche,<\/a> Burns avait pris une belle 4e place la semaine pr\u00e9c\u00e9dente au <a href=\"https:\/\/www.golfplanete.com\/actualites\/pga-tour-bmw-championship-scottie-scheffler-ecrit-lhistoire-au-terme-dune-remontee-sensationnelle\/\" rel=\"nofollow noopener\" target=\"_blank\">BMW Championship<\/a>.<\/p>\n<p>Si sa s\u00e9lection se confirme, le natif de Shreveport en Louisiane tentera de faire mieux que pour ses d\u00e9buts en Ryder Cup au Marco Simone Golf and Country Club, il y a deux ans.<\/p>\n<p>Son association avec Scheffler le premier matin avait conduit \u00e0 une d\u00e9faite en Foursomes 4&amp;3 face au duo compos\u00e9 de <strong>Jon Rahm <\/strong>et<strong> Tyrrell Hatton<\/strong>.<\/p>\n<p>Le lendemain apr\u00e8s-midi en \u00e9quipe avec <strong>Collin<\/strong> <strong>Morikawa<\/strong>, Burns avait apport\u00e9 un point pr\u00e9cieux aux Am\u00e9ricains face \u00e0 <strong>Viktor Hovland <\/strong>et<strong> Ludvig Aberg<\/strong>.<\/p>\n<p>Il s\u2019\u00e9tait ensuite inclin\u00e9 logiquement en simples face \u00e0 <strong>Rory McIlroy<\/strong> 3&amp;1.<\/p>\n<p>*Les deux hommes qui sont amis de longue date partagent r\u00e9guli\u00e8rement en famille une maison lors des tournois majeurs.<\/p>\n<p>\t\t\t\t\t<a id=\"181442\" href=\"https:\/\/www.formigolf.fr\/voyage-pays~fairplay_golf__spa_resort_5etoiles_cadiz~199~espagne\" target=\"_blank\" rel=\"sponsorised nofollow noopener\"><img decoding=\"async\" src=\"data:image\/svg+xml,%3Csvg%20xmlns=\" http:=\"\" class=\"img-responsive\" alt=\"\" data-lazy-src=\"https:\/\/www.europesays.com\/fr\/wp-content\/uploads\/2025\/08\/formigolf-e08-andalousie-cadiz-1170x275-1.gif\"\/><\/a><\/p>\n<p>\u00a9Mike Ehrmann \/ GETTY IMAGES EUROPE \/ Getty Images via AFP<\/p>\n<p>\t\t\t<script async src=\"https:\/\/platform.twitter.com\/widgets.js\" charset=\"utf-8\"><\/script><\/p>\n","protected":false},"excerpt":{"rendered":"Partager cet article Partager la publication \u00ab\u00a0Team USA, \u00e0 moins de 48h de l\u2019annonce officielle, un premier joueur&hellip;\n","protected":false},"author":2,"featured_media":344537,"comment_status":"","ping_status":"","sticky":false,"template":"","format":"standard","meta":{"footnotes":""},"categories":[1418],"tags":[1011,27,1472,60],"class_list":{"0":"post-344536","1":"post","2":"type-post","3":"status-publish","4":"format-standard","5":"has-post-thumbnail","7":"category-golf","8":"tag-fr","9":"tag-france","10":"tag-golf","11":"tag-sports"},"share_on_mastodon":{"url":"https:\/\/pubeurope.com\/@fr\/115093615791834713","error":""},"_links":{"self":[{"href":"https:\/\/www.europesays.com\/fr\/wp-json\/wp\/v2\/posts\/344536","targetHints":{"allow":["GET"]}}],"collection":[{"href":"https:\/\/www.europesays.com\/fr\/wp-json\/wp\/v2\/posts"}],"about":[{"href":"https:\/\/www.europesays.com\/fr\/wp-json\/wp\/v2\/types\/post"}],"author":[{"embeddable":true,"href":"https:\/\/www.europesays.com\/fr\/wp-json\/wp\/v2\/users\/2"}],"replies":[{"embeddable":true,"href":"https:\/\/www.europesays.com\/fr\/wp-json\/wp\/v2\/comments?post=344536"}],"version-history":[{"count":0,"href":"https:\/\/www.europesays.com\/fr\/wp-json\/wp\/v2\/posts\/344536\/revisions"}],"wp:featuredmedia":[{"embeddable":true,"href":"https:\/\/www.europesays.com\/fr\/wp-json\/wp\/v2\/media\/344537"}],"wp:attachment":[{"href":"https:\/\/www.europesays.com\/fr\/wp-json\/wp\/v2\/media?parent=344536"}],"wp:term":[{"taxonomy":"category","embeddable":true,"href":"https:\/\/www.europesays.com\/fr\/wp-json\/wp\/v2\/categories?post=344536"},{"taxonomy":"post_tag","embeddable":true,"href":"https:\/\/www.europesays.com\/fr\/wp-json\/wp\/v2\/tags?post=344536"}],"curies":[{"name":"wp","href":"https:\/\/api.w.org\/{rel}","templated":true}]}}