{"id":344540,"date":"2025-08-26T06:20:18","date_gmt":"2025-08-26T06:20:18","guid":{"rendered":"https:\/\/www.europesays.com\/fr\/344540\/"},"modified":"2025-08-26T06:20:18","modified_gmt":"2025-08-26T06:20:18","slug":"baptiste-serin-brise-le-silence-concernant-son-avenir-on-est-loin-dune-decision","status":"publish","type":"post","link":"https:\/\/www.europesays.com\/fr\/344540\/","title":{"rendered":"Baptiste Serin brise le silence concernant son avenir : \u00ab\u00a0On est loin d&rsquo;une d\u00e9cision\u00a0\u00bb"},"content":{"rendered":"<p>Le demi-de-m\u00eal\u00e9e Baptiste Serin verra son contrat arriver \u00e0 terme au mois de juin 2026.<\/p>\n<p>R\u00e9cemment approch\u00e9 par le club de Montpellier mais aussi par Clermont, le joueur Varois n\u2019a pas encore pris sa d\u00e9cision concernant son avenir.<\/p>\n<p>Va-t-il poursuivre sa carri\u00e8re au RCT ou bien d\u00e9cider de relever un nouveau challenge sportif ailleurs ?<\/p>\n<p>R\u00e9cemment, le club Varois a tent\u00e9 d\u2019enr\u00f4ler le demi-de-m\u00eal\u00e9e Clermontois Baptiste Jauneau, en vain.<\/p>\n<p>Malgr\u00e9 une offre XXL du RCT, le joueur de 21 ans a pris la d\u00e9cision de prolonger son bail avec le club Auvergnat.<\/p>\n<p>Alors, le RCT a-t-il tout int\u00e9r\u00eat \u00e0 convaincre Baptiste Serin de prolonger son contrat ?<\/p>\n<p>Interrog\u00e9 sur le sujet via La Marseillaise, Baptiste Serin a fait le point sur son avenir.<\/p>\n<p>Il l\u2019affirme : pour l\u2019heure, aucune d\u00e9cision n\u2019a \u00e9t\u00e9 prise mais des n\u00e9gociations avec le RCT ont d\u00e9but\u00e9.<\/p>\n<p><strong>A lire ci-dessous :<\/strong><\/p>\n<p>\u00ab\u00a0Je viens juste d\u2019en discuter avec Pierre Mignoni. Les discussions avancent petit \u00e0 petit. Ca suit son cours. On sera tous honn\u00eates les uns envers les autres mais je ne peux rien dire pour le moment parce qu\u2019on est trop loin d\u2019une d\u00e9cision. On esp\u00e8re que \u00e7a va bien se passer.\u00a0\u00bb<\/p>\n<p>Vous l\u2019avez compris : les n\u00e9gociations devraient durer encore dans le temps concernant ce dossier.<\/p>\n<p><strong>Affaire \u00e0 suivre\u2026<\/strong><\/p>\n","protected":false},"excerpt":{"rendered":"Le demi-de-m\u00eal\u00e9e Baptiste Serin verra son contrat arriver \u00e0 terme au mois de juin 2026. R\u00e9cemment approch\u00e9 par&hellip;\n","protected":false},"author":2,"featured_media":256013,"comment_status":"","ping_status":"","sticky":false,"template":"","format":"standard","meta":{"footnotes":""},"categories":[1416],"tags":[1011,27,479,1468,60],"class_list":{"0":"post-344540","1":"post","2":"type-post","3":"status-publish","4":"format-standard","5":"has-post-thumbnail","7":"category-rugby","8":"tag-fr","9":"tag-france","10":"tag-rugby","11":"tag-rugby-football","12":"tag-sports"},"share_on_mastodon":{"url":"https:\/\/pubeurope.com\/@fr\/115093623558410893","error":""},"_links":{"self":[{"href":"https:\/\/www.europesays.com\/fr\/wp-json\/wp\/v2\/posts\/344540","targetHints":{"allow":["GET"]}}],"collection":[{"href":"https:\/\/www.europesays.com\/fr\/wp-json\/wp\/v2\/posts"}],"about":[{"href":"https:\/\/www.europesays.com\/fr\/wp-json\/wp\/v2\/types\/post"}],"author":[{"embeddable":true,"href":"https:\/\/www.europesays.com\/fr\/wp-json\/wp\/v2\/users\/2"}],"replies":[{"embeddable":true,"href":"https:\/\/www.europesays.com\/fr\/wp-json\/wp\/v2\/comments?post=344540"}],"version-history":[{"count":0,"href":"https:\/\/www.europesays.com\/fr\/wp-json\/wp\/v2\/posts\/344540\/revisions"}],"wp:featuredmedia":[{"embeddable":true,"href":"https:\/\/www.europesays.com\/fr\/wp-json\/wp\/v2\/media\/256013"}],"wp:attachment":[{"href":"https:\/\/www.europesays.com\/fr\/wp-json\/wp\/v2\/media?parent=344540"}],"wp:term":[{"taxonomy":"category","embeddable":true,"href":"https:\/\/www.europesays.com\/fr\/wp-json\/wp\/v2\/categories?post=344540"},{"taxonomy":"post_tag","embeddable":true,"href":"https:\/\/www.europesays.com\/fr\/wp-json\/wp\/v2\/tags?post=344540"}],"curies":[{"name":"wp","href":"https:\/\/api.w.org\/{rel}","templated":true}]}}