{"id":344543,"date":"2025-08-26T06:23:16","date_gmt":"2025-08-26T06:23:16","guid":{"rendered":"https:\/\/www.europesays.com\/fr\/344543\/"},"modified":"2025-08-26T06:23:16","modified_gmt":"2025-08-26T06:23:16","slug":"je-sens-que-je-suis-de-retour-martin-satisfait-par-sa-4e-place-en-hongrie","status":"publish","type":"post","link":"https:\/\/www.europesays.com\/fr\/344543\/","title":{"rendered":"\u00abJe sens que je suis de retour\u00bb, Mart\u00edn satisfait par sa 4e place en Hongrie"},"content":{"rendered":"<p>Jorge Mart\u00edn a conclu le Grand Prix de Hongrie \u00e0 une magnifique 4e place apr\u00e8s \u00eatre parti 16e. L\u2019Espagnol estime \u00eatre \u00abde retour\u00bb apr\u00e8s des mois de convalescence.<\/p>\n<p class=\"fig-paragraph\">De la seizi\u00e8me place sur la grille \u00e0 la quatri\u00e8me position finale.\u00a0<a href=\"http:\/\/www.lefigaro.fr\/sports\/moto\/motogp-en-video-le-moteur-de-jorge-martin-explose-dans-un-panache-de-fumee-en-hongrie-20250822\" data-fig-type=\"NewsFlash\" data-gtm-custom-categorie=\"navigation\" data-gtm-custom-action=\"crossclick\" data-gtm-custom-label=\"Contextuel\" data-gtm-event=\"customEventSPE\" data-fig-domain=\"LEFIGARO\" target=\"_blank\" rel=\"noopener\">Jorge Mart\u00edn<\/a>\u00a0a v\u00e9cu un tr\u00e8s beau\u00a0<a href=\"http:\/\/www.lefigaro.fr\/sports\/moto\/motogp-marquez-s-adjuge-le-grand-prix-de-hongrie-sans-trembler-20250824\" data-fig-type=\"NewsFlash\" data-gtm-custom-categorie=\"navigation\" data-gtm-custom-action=\"crossclick\" data-gtm-custom-label=\"Contextuel\" data-gtm-event=\"customEventSPE\" data-fig-domain=\"LEFIGARO\" target=\"_blank\" rel=\"noopener\">Grand Prix ce dimanche<\/a>\u00a0sur le circuit Hongrois du Balaton Park. L\u2019Espagnol, victime de plusieurs grosses blessures en tout d\u00e9but de saison, continue de s\u2019am\u00e9liorer \u00e0 chaque course. \u00abAujourd\u2019hui, je sens que je suis de retour\u00bb, a m\u00eame affirm\u00e9 le champion du monde en titre.<\/p>\n<p class=\"fig-paragraph\">\u00abDeux ou trois fois, je suis sorti large au virage 5, presque hors de la piste, puis j\u2019ai perdu une ou deux secondes \u00e0 chaque fois. Je dois un peu mieux comprendre \u00e7a, je suis encore dans un processus d\u2019apprentissage. Sur la grille, je faisais encore des changements sur le guidon, donc j\u2019ai besoin d\u2019un peu plus de temps\u00a0!\u00bb, a temp\u00e9r\u00e9 le pilote de 27 ans.<\/p>\n<p>                                    <a class=\"fig-a11y-skip a11y-hidden\" href=\"#fig-a11y-skip-main-inarticle\"><br \/>\n        Passer la publicit\u00e9<br \/>\n    <\/a><\/p>\n<p>De meilleures sensations pour Mart\u00edn<\/p>\n<p class=\"fig-paragraph\">\u00abMais en donnant 100%, j\u2019ai pris la quatri\u00e8me place aujourd\u2019hui (dimanche, NDLR), ce qui est un bon r\u00e9sultat, et surtout pour l\u2019\u00e9quipe, pour garder la motivation, pour continuer \u00e0 y croire. \u00c0 titre personnel, plus que le r\u00e9sultat, j\u2019ai am\u00e9lior\u00e9 mes sensations, j\u2019ai am\u00e9lior\u00e9 mes r\u00e9glages de base et je peux \u00eatre mieux pr\u00e9par\u00e9 pour la prochaine course\u00bb, a d\u00e9clar\u00e9 Jorge Mart\u00edn, plein d\u2019espoirs pour la suite du championnat avec Aprilia.<\/p>\n","protected":false},"excerpt":{"rendered":"Jorge Mart\u00edn a conclu le Grand Prix de Hongrie \u00e0 une magnifique 4e place apr\u00e8s \u00eatre parti 16e.&hellip;\n","protected":false},"author":2,"featured_media":344544,"comment_status":"","ping_status":"","sticky":false,"template":"","format":"standard","meta":{"footnotes":""},"categories":[1413],"tags":[1011,27,1982,804,1457,1456,1458,60],"class_list":{"0":"post-344543","1":"post","2":"type-post","3":"status-publish","4":"format-standard","5":"has-post-thumbnail","7":"category-moto","8":"tag-fr","9":"tag-france","10":"tag-grand-prix","11":"tag-hongrie","12":"tag-moto","13":"tag-motocycle","14":"tag-motogp","15":"tag-sports"},"share_on_mastodon":{"url":"https:\/\/pubeurope.com\/@fr\/115093635300109327","error":""},"_links":{"self":[{"href":"https:\/\/www.europesays.com\/fr\/wp-json\/wp\/v2\/posts\/344543","targetHints":{"allow":["GET"]}}],"collection":[{"href":"https:\/\/www.europesays.com\/fr\/wp-json\/wp\/v2\/posts"}],"about":[{"href":"https:\/\/www.europesays.com\/fr\/wp-json\/wp\/v2\/types\/post"}],"author":[{"embeddable":true,"href":"https:\/\/www.europesays.com\/fr\/wp-json\/wp\/v2\/users\/2"}],"replies":[{"embeddable":true,"href":"https:\/\/www.europesays.com\/fr\/wp-json\/wp\/v2\/comments?post=344543"}],"version-history":[{"count":0,"href":"https:\/\/www.europesays.com\/fr\/wp-json\/wp\/v2\/posts\/344543\/revisions"}],"wp:featuredmedia":[{"embeddable":true,"href":"https:\/\/www.europesays.com\/fr\/wp-json\/wp\/v2\/media\/344544"}],"wp:attachment":[{"href":"https:\/\/www.europesays.com\/fr\/wp-json\/wp\/v2\/media?parent=344543"}],"wp:term":[{"taxonomy":"category","embeddable":true,"href":"https:\/\/www.europesays.com\/fr\/wp-json\/wp\/v2\/categories?post=344543"},{"taxonomy":"post_tag","embeddable":true,"href":"https:\/\/www.europesays.com\/fr\/wp-json\/wp\/v2\/tags?post=344543"}],"curies":[{"name":"wp","href":"https:\/\/api.w.org\/{rel}","templated":true}]}}