{"id":344545,"date":"2025-08-26T06:24:15","date_gmt":"2025-08-26T06:24:15","guid":{"rendered":"https:\/\/www.europesays.com\/fr\/344545\/"},"modified":"2025-08-26T06:24:15","modified_gmt":"2025-08-26T06:24:15","slug":"ferrari-fait-du-teasing-sur-la-livree-attendue-pour-le-gp-de-monza","status":"publish","type":"post","link":"https:\/\/www.europesays.com\/fr\/344545\/","title":{"rendered":"Ferrari fait du teasing sur la livr\u00e9e attendue pour le GP de Monza"},"content":{"rendered":"<p class=\"mt-5\">Comme souvent \u00e0 Monza, Ferrari arbore des livr\u00e9es sp\u00e9ciales avec des occasions marquantes \u00e0 c\u00e9l\u00e9brer.<\/p>\n<p class=\"mt-5\">En 2023, une palette de couleurs sp\u00e9ciale a \u00e9t\u00e9 d\u00e9voil\u00e9e pour c\u00e9l\u00e9brer son triomphe aux 24 Heures du Mans. Et en 2024, une livr\u00e9e modifi\u00e9e a \u00e9t\u00e9 utilis\u00e9e, avec Leclerc et son co\u00e9quipier de l\u2019\u00e9poque, Carlos Sainz, portant des combinaisons noires pour c\u00e9l\u00e9brer l\u2019utilisation de la fibre de carbone en F1.<\/p>\n<p class=\"mt-5\">Et pour cette saison 2025, Ferrari c\u00e9l\u00e9brerait le 50e anniversaire de l\u2019un des moments les plus marquants de l\u2019histoire de l\u2019\u00e9curie de Formule 1 lors du Grand Prix d\u2019Italie qui aura lieu la semaine prochaine, apr\u00e8s celui des Pays-Bas.<\/p>\n<p class=\"mt-5\">La Scuderia n\u2019a pas connu une saison 2025 des plus heureuses, l\u2019\u00e9curie n\u2019ayant encore remport\u00e9 aucune victoire en Grand Prix. Mais l\u2019\u00e9curie sera soutenue par ses habituels tifosi \u00e0 Monza et une victoire surprise, comme l\u2019an dernier, n\u2019est pas \u00e0 exclure\u00a0!<\/p>\n<p class=\"mt-5\">Alors quel \u00e9v\u00e8nement serait c\u00e9l\u00e9br\u00e9 cette ann\u00e9e\u00a0? Selon plusieurs sources, Ferrari s\u2019appr\u00eate \u00e0 c\u00e9l\u00e9brer les 50 ans du titre de Champion du monde remport\u00e9 par feu Niki Lauda sous ses couleurs.<\/p>\n<p class=\"mt-5\">C\u2019est \u00e0 Monza cette ann\u00e9e-l\u00e0 que Lauda a termin\u00e9 troisi\u00e8me, s\u2019assurant ainsi le premier de ses trois titres pilotes, son co\u00e9quipier Clay Regazzoni remportant la course.<\/p>\n<p class=\"mt-5\">Pendant la pause estivale, Ferrari a document\u00e9 le triomphe de Lauda sur ses r\u00e9seaux sociaux, de quoi confirmer cette hypoth\u00e8se.<\/p>\n<p class=\"mt-5\">Ferrari a sorti aujourd\u2019hui un bref teaser de Lewis Hamilton et Charles Leclerc, suivi de la l\u00e9gende\u00a0: \u00ab\u00a0Monza 2025\u00a0: Bient\u00f4t.\u00a0\u00bb<\/p>\n<p class=\"mt-5\">\u00ab\u00a0Quand je suis arriv\u00e9 \u00e0 Monza, c\u2019\u00e9tait diff\u00e9rent,\u00a0\u00bb raconte le Mon\u00e9gasque dans la vid\u00e9o.<\/p>\n<p class=\"mt-5\">Hamilton, dont la d\u00e9cision de rejoindre Mercedes \u00e9tait en grande partie due \u00e0 l\u2019influence de Lauda et \u00e0 sa proximit\u00e9, a ajout\u00e9\u00a0: \u00ab\u00a0Les tifosi sont tout simplement\u2026 on les voit l\u00e0-bas dans toute leur splendeur.\u00a0\u00bb<\/p>\n<p class=\"mt-5\">\u00ab\u00a0C\u2019est un tel privil\u00e8ge et un tel honneur de pouvoir courir pour cette \u00e9quipe.\u00a0\u00bb<\/p>\n","protected":false},"excerpt":{"rendered":"Comme souvent \u00e0 Monza, Ferrari arbore des livr\u00e9es sp\u00e9ciales avec des occasions marquantes \u00e0 c\u00e9l\u00e9brer. En 2023, une&hellip;\n","protected":false},"author":2,"featured_media":344546,"comment_status":"","ping_status":"","sticky":false,"template":"","format":"standard","meta":{"footnotes":""},"categories":[1412],"tags":[1451,1452,1453,1454,1455,1011,27,60],"class_list":{"0":"post-344545","1":"post","2":"type-post","3":"status-publish","4":"format-standard","5":"has-post-thumbnail","7":"category-f1","8":"tag-f1","9":"tag-formula-1","10":"tag-formula1","11":"tag-formule-1","12":"tag-formule1","13":"tag-fr","14":"tag-france","15":"tag-sports"},"share_on_mastodon":{"url":"https:\/\/pubeurope.com\/@fr\/115093639258555461","error":""},"_links":{"self":[{"href":"https:\/\/www.europesays.com\/fr\/wp-json\/wp\/v2\/posts\/344545","targetHints":{"allow":["GET"]}}],"collection":[{"href":"https:\/\/www.europesays.com\/fr\/wp-json\/wp\/v2\/posts"}],"about":[{"href":"https:\/\/www.europesays.com\/fr\/wp-json\/wp\/v2\/types\/post"}],"author":[{"embeddable":true,"href":"https:\/\/www.europesays.com\/fr\/wp-json\/wp\/v2\/users\/2"}],"replies":[{"embeddable":true,"href":"https:\/\/www.europesays.com\/fr\/wp-json\/wp\/v2\/comments?post=344545"}],"version-history":[{"count":0,"href":"https:\/\/www.europesays.com\/fr\/wp-json\/wp\/v2\/posts\/344545\/revisions"}],"wp:featuredmedia":[{"embeddable":true,"href":"https:\/\/www.europesays.com\/fr\/wp-json\/wp\/v2\/media\/344546"}],"wp:attachment":[{"href":"https:\/\/www.europesays.com\/fr\/wp-json\/wp\/v2\/media?parent=344545"}],"wp:term":[{"taxonomy":"category","embeddable":true,"href":"https:\/\/www.europesays.com\/fr\/wp-json\/wp\/v2\/categories?post=344545"},{"taxonomy":"post_tag","embeddable":true,"href":"https:\/\/www.europesays.com\/fr\/wp-json\/wp\/v2\/tags?post=344545"}],"curies":[{"name":"wp","href":"https:\/\/api.w.org\/{rel}","templated":true}]}}