{"id":344549,"date":"2025-08-26T06:26:09","date_gmt":"2025-08-26T06:26:09","guid":{"rendered":"https:\/\/www.europesays.com\/fr\/344549\/"},"modified":"2025-08-26T06:26:09","modified_gmt":"2025-08-26T06:26:09","slug":"real-madrid-psg-un-transfert-a-90me-annonce-la-nouvelle-bombe-de-la-presse-espagnole","status":"publish","type":"post","link":"https:\/\/www.europesays.com\/fr\/344549\/","title":{"rendered":"Real Madrid &#8211; PSG : Un transfert \u00e0 90M\u20ac annonc\u00e9, la nouvelle bombe de la presse espagnole"},"content":{"rendered":"<p>                    Dan Marciano<br \/>\n                        &#8211;<\/p>\n<p>R\u00e9dacteur<\/p>\n<p>Titulaire d&rsquo;un Master de droit international, je me suis rendu compte au bout de mon parcours universitaire qu&rsquo;il \u00e9tait important d&rsquo;\u00e9voluer dans un domaine que l&rsquo;on appr\u00e9cie. Du jour au lendemain, j&rsquo;ai d\u00e9cid\u00e9 de mettre fin au r\u00eave de mes parents, qui voyaient en moi un futur avocat, pour vivre de ma passion : le sport. Depuis, je couvre les mercatos et l&rsquo;actualit\u00e9 sportive en essayant d&rsquo;informer au mieux les lecteurs.<\/p>\n<p class=\"heading\">La presse espagnole en remet une couche sur le dossier Vitinha. Ce lundi, il est annonc\u00e9 que le Real Madrid suivrait toujours les prestations du milieu de terrain, qui vient tout juste de prolonger son contrat avec le PSG. Une clause lib\u00e9ratoire permettrait m\u00eame au joueur portugais de quitter la France la saison prochaine pour 90M\u20ac.<\/p>\n<p>Avec les arriv\u00e9es de <strong>Dean Huijsen, Alvaro Carreras, Franco Mastantuono<\/strong> et <strong>Trent Alexander-Arnold,<\/strong> le<strong> Real Madri<\/strong>d a frapp\u00e9 fort cet \u00e9t\u00e9. Le club souhaite ouvrir un nouveau chapitre sous la houlette de <strong>Xabi Alonso<\/strong>, misant sur un effectif rajeuni mais d\u00e9j\u00e0 tr\u00e8s comp\u00e9titif. <\/p>\n<p>                                            Le retour de la rumeur Vitinha<\/p>\n<p>Toutefois, du c\u00f4t\u00e9 de la presse espagnole comme en interne, certains estiment que le milieu de terrain manque encore de profondeur. Dans cette optique, le nom de <a href=\"https:\/\/le10sport.com\/football\/psg-vitinha-lannonce-inattendue-du-fc-barcelone-753630\" rel=\"nofollow noopener\" target=\"_blank\">Vitinha<\/a> revient avec insistance. Selon Marca, le <strong>Real Madrid<\/strong> garderait un \u0153il attentif sur le milieu portugais du <strong>PSG<\/strong>, auteur d\u2019une excellente saison et dont le bail court jusqu&rsquo;en juin 2029. <\/p>\n<p>                                            Une clause lib\u00e9ratoire \u00e9voqu\u00e9e en Espagne<\/p>\n<p>Le quotidien \u00e9voque m\u00eame l&rsquo;existence d&rsquo;une clause lib\u00e9ratoire fix\u00e9e \u00e0 90M\u20ac, qui s&rsquo;activerait \u00e0 l\u2019\u00e9t\u00e9 2026. Une affirmation \u00e0 prendre avec pr\u00e9caution, car les clauses lib\u00e9ratoires sont interdites dans les contrats en <strong>France<\/strong>. N\u00e9anmoins, la rumeur persiste et confirme l\u2019int\u00e9r\u00eat r\u00e9el de <strong>Madrid <\/strong>pour l\u2019ancien joueur du<strong> FC Porto,<\/strong> qui s\u00e9duit par son volume de jeu, sa r\u00e9gularit\u00e9 et sa maturit\u00e9 tactique.<\/p>\n","protected":false},"excerpt":{"rendered":"Dan Marciano &#8211; R\u00e9dacteur Titulaire d&rsquo;un Master de droit international, je me suis rendu compte au bout de&hellip;\n","protected":false},"author":2,"featured_media":344550,"comment_status":"","ping_status":"","sticky":false,"template":"","format":"standard","meta":{"footnotes":""},"categories":[1410],"tags":[63,1011,27,60],"class_list":{"0":"post-344549","1":"post","2":"type-post","3":"status-publish","4":"format-standard","5":"has-post-thumbnail","7":"category-football","8":"tag-football","9":"tag-fr","10":"tag-france","11":"tag-sports"},"share_on_mastodon":{"url":"https:\/\/pubeurope.com\/@fr\/115093647193907109","error":""},"_links":{"self":[{"href":"https:\/\/www.europesays.com\/fr\/wp-json\/wp\/v2\/posts\/344549","targetHints":{"allow":["GET"]}}],"collection":[{"href":"https:\/\/www.europesays.com\/fr\/wp-json\/wp\/v2\/posts"}],"about":[{"href":"https:\/\/www.europesays.com\/fr\/wp-json\/wp\/v2\/types\/post"}],"author":[{"embeddable":true,"href":"https:\/\/www.europesays.com\/fr\/wp-json\/wp\/v2\/users\/2"}],"replies":[{"embeddable":true,"href":"https:\/\/www.europesays.com\/fr\/wp-json\/wp\/v2\/comments?post=344549"}],"version-history":[{"count":0,"href":"https:\/\/www.europesays.com\/fr\/wp-json\/wp\/v2\/posts\/344549\/revisions"}],"wp:featuredmedia":[{"embeddable":true,"href":"https:\/\/www.europesays.com\/fr\/wp-json\/wp\/v2\/media\/344550"}],"wp:attachment":[{"href":"https:\/\/www.europesays.com\/fr\/wp-json\/wp\/v2\/media?parent=344549"}],"wp:term":[{"taxonomy":"category","embeddable":true,"href":"https:\/\/www.europesays.com\/fr\/wp-json\/wp\/v2\/categories?post=344549"},{"taxonomy":"post_tag","embeddable":true,"href":"https:\/\/www.europesays.com\/fr\/wp-json\/wp\/v2\/tags?post=344549"}],"curies":[{"name":"wp","href":"https:\/\/api.w.org\/{rel}","templated":true}]}}