{"id":344553,"date":"2025-08-26T06:28:17","date_gmt":"2025-08-26T06:28:17","guid":{"rendered":"https:\/\/www.europesays.com\/fr\/344553\/"},"modified":"2025-08-26T06:28:17","modified_gmt":"2025-08-26T06:28:17","slug":"sur-cette-place-du-val-doise-lartiste-clara-tournay-sculpte-dans-un-entre-monde","status":"publish","type":"post","link":"https:\/\/www.europesays.com\/fr\/344553\/","title":{"rendered":"Sur cette place du Val-d&rsquo;Oise, l&rsquo;artiste Clara Tournay sculpte dans un entre monde"},"content":{"rendered":"<p>            Par<br \/>\n        <strong><br \/>\n            <a href=\"https:\/\/actu.fr\/auteur\/elisabeth-pivin\" title=\"Consulter tous les articles de Elisabeth Pivin\" rel=\"nofollow noopener\" target=\"_blank\">Elisabeth Pivin<\/a><br \/>\n        <\/strong><\/p>\n<p>        Publi\u00e9 le<\/p>\n<p>            25 ao\u00fbt 2025 \u00e0 11h46        <\/p>\n<p>Invit\u00e9e \u00e0 l\u2019exposition de <a href=\"https:\/\/actu.fr\/ile-de-france\/pontoise_95500\" rel=\"nofollow noopener\" target=\"_blank\">Pontoise<\/a> (<a href=\"https:\/\/actu.fr\/ile-de-france\/val-d-oise_95\" rel=\"nofollow noopener\" target=\"_blank\">Val-d\u2019Oise<\/a>) Le P\u2019tit Reg\u2019ART, Clara Tournay, 29 ans, vit et travaille entre Paris et les Vosges.\u00a0Elle se consacre principalement aux <b>sculptures <\/b>et aux installations tout en explorant les notions de la <b>m\u00e9moire<\/b>, de la <b>temporalit\u00e9 <\/b>et du <b>sensible<\/b>. Son \u0153uvre Maeves, pr\u00e9sent\u00e9e place du Petit Martroy \u00e0 <a href=\"https:\/\/actu.fr\/ile-de-france\/pontoise_95500\" rel=\"nofollow noopener\" target=\"_blank\">Pontoise <\/a>(<a href=\"https:\/\/actu.fr\/la-gazette-du-val-d-oise\/\" rel=\"nofollow noopener\" target=\"_blank\">Val-d\u2019Oise<\/a>), au pied de la cath\u00e9drale Saint-Maclou, se compose de cinq sculptures qui dialoguent avec la lumi\u00e8re et l\u2019espace.<\/p>\n<blockquote class=\"ac-article-quote wall-content\">\n<p>Je voulais \u00eatre dans l\u2019art.<\/p>\n<p>Clara Tournay, 29 ans, artiste plasticienne<\/p><\/blockquote>\n<p class=\" wall-content\">N\u00e9e en 1996, Clara Tournay d\u00e9couvre la c\u00e9ramique \u00e0 seulement trois ans.<\/p>\n<p class=\" wall-content\">Pendant quinze ans, elle jongle entre la poterie, la sculpture et le dessin.<\/p>\n<p class=\" wall-content\">\u00ab La c\u00e9ramique m\u2019a men\u00e9e au travail de la mati\u00e8re, puis \u00e0 celui de la lumi\u00e8re. Le dessin et la peinture m\u2019ont conduit vers une approche plus picturale \u00bb, raconte-t-elle.<\/p>\n<p class=\" wall-content\">Si elle r\u00eave d\u2019un m\u00e9tier artistique, elle choisit pourtant une <b>\u00e9cole de commerce<\/b>. \u00ab Je voulais \u00eatre dans l\u2019art quand j\u2019\u00e9tais plus jeune mais ce n\u2019\u00e9tait pas forc\u00e9ment un m\u00e9tier qui \u00e9tait valoris\u00e9 au lyc\u00e9e \u00bb, explique la jeune artiste.<\/p>\n<p class=\" wall-content\">Une fois dipl\u00f4m\u00e9e, elle travaille en tant que conseill\u00e8re pour des galeries d\u2019art et des institutions culturelles. C\u2019est en dehors des horaires de bureau qu\u2019elle poursuit ses cr\u00e9ations.<\/p>\n<p class=\" wall-content\">\u00c0 l\u2019\u00e2ge de 24\u00a0ans, Clara Tournay d\u00e9cide de se consacrer pleinement \u00e0 <b>l\u2019art <\/b>et de se relancer dans les \u00e9tudes en faisant une ann\u00e9e de sp\u00e9cialisation sur l\u2019histoire de l\u2019art \u00e0 l\u2019\u00c9cole du Louvre.<\/p>\n<p>Votre r\u00e9gion, votre actu !<\/p>\n<p>Recevez chaque jour les infos qui comptent pour vous.<\/p>\n<p>\t<a href=\"https:\/\/actu.fr\/newsletter\" class=\"ac-btn ac-btn--corner ac-btn--medium ac-btn--blue800\" rel=\"nofollow noopener\" target=\"_blank\">S&rsquo;incrire<\/a><\/p>\n<p class=\" wall-content\">\u00ab C\u2019est ce qui m\u2019a permis d\u2019am\u00e9liorer toute la th\u00e9orie qu\u2019il y a autour du march\u00e9 de l\u2019art et de nourrir mon travail artistique \u00bb, d\u00e9clare-t-elle.<\/p>\n<p>Des d\u00e9buts prometteurs<\/p>\n<p class=\" wall-content\">Ses <b>premi\u00e8res expositions <\/b>ont lieu dans des bars et des h\u00f4tels.<\/p>\n<p class=\" wall-content\">Son objectif est d\u2019analyser les retours sur son travail, savoir s\u2019il pla\u00eet et attire le public. L\u2019accueil de ses \u0153uvres est enthousiaste et cinq mois apr\u00e8s, elle d\u00e9croche une exposition en galerie.<\/p>\n<p class=\" wall-content\">Elle remporte <b>le prix d\u2019Arts contemporains<\/b> de la Sorbonne, puis <b>le prix du public <\/b>en janvier\u00a02022.<\/p>\n<p class=\" wall-content\">Ce dernier lui ouvre les portes d\u2019une exposition personnelle \u00e0 la<b> Galerie du Crous des Beaux-Arts <\/b>de Paris.<\/p>\n<p class=\" wall-content\">\u00c0 29\u00a0ans aujourd\u2019hui, l\u2019artiste compte maintenant cinq ann\u00e9es de carri\u00e8re ind\u00e9pendante.<\/p>\n<p>Trois axes de travail<\/p>\n<p class=\" wall-content\">Clara Tournay se concentre principalement sur trois axes de travail : <b>le sensible<\/b>, avec la notion du vivant et du paysage ; <b>la temporalit\u00e9<\/b>, avec la notion de l\u2019\u00e9ph\u00e9m\u00e8re et de l\u2019impermanence ;<b> la lumi\u00e8re<\/b>, avec les jeux d\u2019\u00e9clairage sur ses \u0153uvres et les changements en constante \u00e9volution.<\/p>\n<p class=\" wall-content\">Tout son processus artistique est bas\u00e9 sur la notion d\u2019entre monde, c\u2019est-\u00e0-dire entre ce qui existe et ce qui n\u2019existe pas, ce qui \u00e9chappe au regard.<\/p>\n<p class=\" wall-content\">\u00ab Ce sont tous ces symboles que l\u2019on retrouve dans la culture japonaise. Je travaille un peu dans une notion de r\u00e9alisme magique, cet entre-deux entre le fantastique et le r\u00e9el \u00bb, explique la passionn\u00e9e.<\/p>\n<p>    <img   decoding=\"async\" loading=\"lazy\" class=\"size-large\" src=\"https:\/\/www.europesays.com\/fr\/wp-content\/uploads\/2025\/08\/14cc34da13a8618cc34da13a8fbcc3v-768x640.jpg\" alt=\"www\" width=\"768\" height=\"640\"\/><br \/>\n    Maeves, symbole de la puissance f\u00e9minine. \u00a9Clara TournayMaeves<\/p>\n<p class=\" wall-content\">Son approche se distingue par son dialogue entre la <b>science<\/b> et la <b>spiritualit\u00e9<\/b>.<\/p>\n<p class=\" wall-content\">Le c\u00f4t\u00e9 biologique et min\u00e9ral se retrouve dans ses techniques de peinture. Chaque couche forme un \u00e9piderme qui nous oblige \u00e0 nous en approcher le plus possible pour bien comprendre <b>l\u2019aspect pictural<\/b> de la sculpture et sa composition.<\/p>\n<p class=\" wall-content\">En 2024, Clara Tournay part en r\u00e9sidence \u00e0 la Chapelle Saint-Antoine, en Gr\u00e8ce.<\/p>\n<p class=\" wall-content\">Elle explore la repr\u00e9sentation f\u00e9minine autour du <b>prototype mythologique de la Terre-M\u00e8re <\/b>et de l\u2019\u00e9tude de figures archa\u00efques.<\/p>\n<p class=\" wall-content\">Inspir\u00e9e par la <b>d\u00e9esse celtique<\/b>, Maeves symbolise la puissance f\u00e9minine et le cycle de la vie.<\/p>\n<p class=\" wall-content\">C\u2019est l\u2019un des avatars de la Terre-M\u00e8re, une h\u00e9riti\u00e8re des Venus pal\u00e9olithiques.<\/p>\n<p class=\" wall-content\">Sa s\u00e9rie de Maeve\u00a0d\u00e9tourne des mat\u00e9riaux pour leur donner une dimension mystique.<\/p>\n<p class=\" wall-content\">En 2024, install\u00e9es dans la Chapelle Saint-Denis du Saint-Sacrement \u00e0 Paris, les Maeves refl\u00e9taient la lumi\u00e8re tamis\u00e9e des vitraux, transformant l\u2019espace de couleurs et de formes mouvantes.<\/p>\n<p>Des ombres et des reflets mouvants color\u00e9s<\/p>\n<p class=\" wall-content\">Elles sont r\u00e9alis\u00e9es en<b> pierre de carri\u00e8re fun\u00e9raire<\/b> et en<b> polycarbonate<\/b> provenant de d\u00e9chets hospitaliers.<\/p>\n<p class=\" wall-content\">Elles jouent entre mati\u00e8re et lumi\u00e8re ainsi qu\u2019entre organique et artificiel.<\/p>\n<p class=\" wall-content\">Transparentes, brillantes et lumineuses, ces cr\u00e9ations changent d\u2019aspect selon la lumi\u00e8re du jour et le point de vue.<\/p>\n<p class=\" wall-content\">Aujourd\u2019hui, elles projettent des ombres et des reflets mouvants color\u00e9s au pied de la cath\u00e9drale Saint-Maclou.<\/p>\n<p>    <a href=\"https:\/\/maps.google.com\/maps?q=49.0505845,2.0969339&amp;z=15&amp;output=embed\" title=\"Ouvrie le lien\" rel=\"nofollow noopener\" target=\"_blank\">Cliquez ici pour visualiser le contenu<\/a><\/p>\n<p class=\" wall-content\">Personnalisez votre actualit\u00e9 en ajoutant vos villes et m\u00e9dias en favori avec <a href=\"https:\/\/moncompte.actu.fr\" title=\"D\u00e9couvez Mon Actu\" rel=\"nofollow noopener\" data-trk=\"{&quot;cta&quot;:{&quot;action&quot;:&quot;https:\\\/\\\/moncompte.actu.fr&quot;,&quot;category&quot;:&quot;mon compte&quot;,&quot;from&quot;:&quot;article footer&quot;,&quot;name&quot;:&quot;Mon actu&quot;,&quot;type&quot;:&quot;cta&quot;}}\" target=\"_blank\">Mon Actu<\/a>.<\/p>\n","protected":false},"excerpt":{"rendered":"Par Elisabeth Pivin Publi\u00e9 le 25 ao\u00fbt 2025 \u00e0 11h46 Invit\u00e9e \u00e0 l\u2019exposition de Pontoise (Val-d\u2019Oise) Le P\u2019tit&hellip;\n","protected":false},"author":2,"featured_media":344554,"comment_status":"","ping_status":"","sticky":false,"template":"","format":"standard","meta":{"footnotes":""},"categories":[1358],"tags":[1348,1384,1385,1386,58,59,1011,27,104],"class_list":{"0":"post-344553","1":"post","2":"type-post","3":"status-publish","4":"format-standard","5":"has-post-thumbnail","7":"category-arts-et-design","8":"tag-arts","9":"tag-arts-and-design","10":"tag-arts-et-design","11":"tag-design","12":"tag-divertissement","13":"tag-entertainment","14":"tag-fr","15":"tag-france","16":"tag-societe"},"share_on_mastodon":{"url":"https:\/\/pubeurope.com\/@fr\/115093655173403868","error":""},"_links":{"self":[{"href":"https:\/\/www.europesays.com\/fr\/wp-json\/wp\/v2\/posts\/344553","targetHints":{"allow":["GET"]}}],"collection":[{"href":"https:\/\/www.europesays.com\/fr\/wp-json\/wp\/v2\/posts"}],"about":[{"href":"https:\/\/www.europesays.com\/fr\/wp-json\/wp\/v2\/types\/post"}],"author":[{"embeddable":true,"href":"https:\/\/www.europesays.com\/fr\/wp-json\/wp\/v2\/users\/2"}],"replies":[{"embeddable":true,"href":"https:\/\/www.europesays.com\/fr\/wp-json\/wp\/v2\/comments?post=344553"}],"version-history":[{"count":0,"href":"https:\/\/www.europesays.com\/fr\/wp-json\/wp\/v2\/posts\/344553\/revisions"}],"wp:featuredmedia":[{"embeddable":true,"href":"https:\/\/www.europesays.com\/fr\/wp-json\/wp\/v2\/media\/344554"}],"wp:attachment":[{"href":"https:\/\/www.europesays.com\/fr\/wp-json\/wp\/v2\/media?parent=344553"}],"wp:term":[{"taxonomy":"category","embeddable":true,"href":"https:\/\/www.europesays.com\/fr\/wp-json\/wp\/v2\/categories?post=344553"},{"taxonomy":"post_tag","embeddable":true,"href":"https:\/\/www.europesays.com\/fr\/wp-json\/wp\/v2\/tags?post=344553"}],"curies":[{"name":"wp","href":"https:\/\/api.w.org\/{rel}","templated":true}]}}