{"id":344555,"date":"2025-08-26T06:29:10","date_gmt":"2025-08-26T06:29:10","guid":{"rendered":"https:\/\/www.europesays.com\/fr\/344555\/"},"modified":"2025-08-26T06:29:10","modified_gmt":"2025-08-26T06:29:10","slug":"que-vaut-le-roman-dhelene-zimmer-notre-critique","status":"publish","type":"post","link":"https:\/\/www.europesays.com\/fr\/344555\/","title":{"rendered":"que vaut le roman d&rsquo;H\u00e9l\u00e8ne Zimmer ? Notre critique"},"content":{"rendered":"<p>[Rentr\u00e9e litt\u00e9raire 2025] Dans Les derni\u00e8res \u00e9critures, H\u00e9l\u00e8ne Zimmer explore le pouvoir corrosif d\u2019un livre fictif, miroir de nos angoisses \u00e9cologiques et intimes. Un roman qui trouble autant qu\u2019il captive.<\/p>\n<p><a href=\"https:\/\/www.fnac.com\/livre.asp\" target=\"_blank\" rel=\"noreferrer noopener nofollow\">Un livre<\/a> peut-il d\u00e9truire des vies ? Si la question pr\u00eate \u00e0 d\u00e9bat, H\u00e9l\u00e8ne Zimmer semble avoir un avis tranch\u00e9. Publi\u00e9 le 21 ao\u00fbt, dans le cadre de la <a href=\"https:\/\/leclaireur.fnac.com\/article\/341485-rentree-litteraire-2025-nos-selections-de-livres-dactus-et-de-critiques\/\" target=\"_blank\" rel=\"noreferrer noopener nofollow\">rentr\u00e9e litt\u00e9raire<\/a>, aux <a href=\"https:\/\/leclaireur.fnac.com\/article\/cp48701-emmanuel-carrere-yoga-salutation-a-soi-meme\/\" target=\"_blank\" rel=\"noreferrer noopener nofollow\">\u00e9ditions P.O.L<\/a>, <a href=\"https:\/\/www.fnac.com\/a21604125\/Helene-Zimmer-Les-dernieres-Ecritures\" target=\"_blank\" rel=\"noreferrer noopener nofollow\">Les derni\u00e8res \u00e9critures<\/a> s\u2019int\u00e9resse au pouvoir des mots et \u00e0 l\u2019impact d\u2019une \u0153uvre sur le quotidien de cinq personnages. Ce livre, c\u2019est Le bilan. Une \u00e9tude con\u00e7ue par une cohorte de scientifiques qui analysent l\u2019\u00e9tat du monde actuel et annoncent \u00ab\u00a0le compte \u00e0 rebours funeste du globe\u00a0\u00bb. Un ouvrage qui \u00ab\u00a0s\u2019\u00e9crit comme une longue et irr\u00e9m\u00e9diable FIN\u00a0\u00bb et qui \u00ab\u00a0commence l\u00e0 o\u00f9 les autres se terminent et d\u00e9roulent des phrases qui savent qu\u2019elles n\u2019ont aucun avenir\u00a0\u00bb, commente l\u2019une des h\u00e9ro\u00efnes d\u2019H\u00e9l\u00e8ne Zimmer.<\/p>\n<blockquote class=\"instagram-media\" data-instgrm-captioned=\"\" data-instgrm-permalink=\"https:\/\/www.instagram.com\/p\/DNpNR04C_h_\/?utm_source=ig_embed&amp;utm_campaign=loading\" data-instgrm-version=\"14\" style=\" background:#FFF; border:0; border-radius:3px; box-shadow:0 0 1px 0 rgba(0,0,0,0.5),0 1px 10px 0 rgba(0,0,0,0.15); margin: 1px; max-width:540px; min-width:326px; padding:0; width:99.375%; width:-webkit-calc(100% - 2px); width:calc(100% - 2px);\"\/>\n<p>Un r\u00e9cit intime et explosif<\/p>\n<p>Les derni\u00e8res \u00e9critures n\u2019est pas un roman qui se d\u00e9vore sur la plage. Loin d\u2019un page-turner fa\u00e7on <a href=\"https:\/\/leclaireur.fnac.com\/article\/530041-la-femme-de-menage-cest-quoi-ce-livre-qui-cartonne\/\" target=\"_blank\" rel=\"noreferrer noopener nofollow\">La femme de m\u00e9nage<\/a>, c\u2019est un livre qui demande toute notre attention. \u0152uvre r\u00e9solument contemporaine et actuelle, elle nous questionne sur des sujets br\u00fblants tels que le d\u00e9r\u00e8glement climatique ou encore notre responsabilit\u00e9 vis-\u00e0-vis de cette situation \u00e9cologique dramatique. N\u00e9anmoins, la romanci\u00e8re ne se contente pas d\u2019exposer des faits que l\u2019on ne conna\u00eet que trop bien. Elle leur donne de la profondeur en les int\u00e9grant au quotidien de cinq personnes lambdas, \u00e0 qui le lecteur peut ais\u00e9ment s\u2019identifier.<\/p>\n<p>Il y a Cassandre Mercier, une professeure de fran\u00e7ais qui rumine <a href=\"https:\/\/leclaireur.fnac.com\/selection\/cp66640-les-meilleurs-films-a-voir-apres-une-rupture-pour-rire-pleurer-se-defouler\/\" target=\"_blank\" rel=\"noreferrer noopener nofollow\">sa rupture amoureuse<\/a> et qui, dans un \u00e9lan de (auto) destruction, d\u00e9cide de faire \u00e9tudier Le bilan \u00e0 des coll\u00e9giens. Il y a L\u00e9a Bergeron-Filippi, l\u2019une de ses \u00e9l\u00e8ves de 3\u00b0B, qui a ing\u00e9r\u00e9 tous les antid\u00e9presseurs de sa m\u00e8re apr\u00e8s avoir rendu un devoir sur cette sombre \u00e9tude. Il y a aussi C\u00e9line Ladurie, une avocate bien d\u00e9cid\u00e9e \u00e0 d\u00e9fendre la jeune enseignante tout en assistant \u00e0 l\u2019effondrement de sa propre vie amoureuse et familiale. De l\u2019autre c\u00f4t\u00e9 de la salle d\u2019audience, il y a Thomas Leli\u00e8vre, avocat de la famille Bergeron-Filippi qui n\u2019accepte pas sa s\u00e9paration avec celle qu\u2019il pensait \u00eatre la femme de sa vie et qui le rend un brin obsessionnel. Enfin, il y a Bertrand Ruggieri. L\u2019un des scientifiques \u00e0 l\u2019origine du Bilan, qui a totalement perdu le contr\u00f4le de sa vie apr\u00e8s la parution du livre.<\/p>\n<p>Malgr\u00e9 quelques longueurs, cette galerie de personnages complexes parvient \u00e0 capter notre attention, et ce, jusqu\u2019\u00e0 la derni\u00e8re page. En confrontant l\u2019histoire avec un grand H \u00e0 des r\u00e9cits de vie plus intimes, la romanci\u00e8re nous met face \u00e0 nos propres n\u00e9vroses \u2013 pour notre plus grand plaisir. De ces pages se d\u00e9gagent une r\u00e9flexion sur <a href=\"https:\/\/leclaireur.fnac.com\/selection\/cp58520-ces-films-qui-subissent-aussi-le-changement-climatique\/\" target=\"_blank\" rel=\"noreferrer noopener nofollow\">le d\u00e9r\u00e8glement climatique<\/a>, l\u2019enseignement, le mariage, la libert\u00e9, la fin du monde et la r\u00e9paration.<\/p>\n<p>Apr\u00e8s avoir conquis le public et la critique avec ses films \u00c0 14 ans et Journal d\u2019une femme de chambre, et ses romans Fairy Tale et Dans la r\u00e9serve (qui s\u2019int\u00e9ressait d\u00e9j\u00e0 \u00e0 l\u2019\u00e9cologie), H\u00e9l\u00e8ne Zimmer confirme avec Les derni\u00e8res \u00e9critures sa capacit\u00e9 \u00e0 concevoir des r\u00e9cits aussi justes que vertigineux.<\/p>\n<p><strong class=\"small\">En stock<\/strong><\/p>\n<p>        Acheter sur Fnac.com<\/p>\n<p>        <script async src=\"\/\/www.instagram.com\/embed.js\"><\/script><\/p>\n","protected":false},"excerpt":{"rendered":"[Rentr\u00e9e litt\u00e9raire 2025] Dans Les derni\u00e8res \u00e9critures, H\u00e9l\u00e8ne Zimmer explore le pouvoir corrosif d\u2019un livre fictif, miroir de&hellip;\n","protected":false},"author":2,"featured_media":344556,"comment_status":"","ping_status":"","sticky":false,"template":"","format":"standard","meta":{"footnotes":""},"categories":[1357],"tags":[1379,58,51,59,1011,27,22291,1351,1380,7193,5140,37338,2004],"class_list":{"0":"post-344555","1":"post","2":"type-post","3":"status-publish","4":"format-standard","5":"has-post-thumbnail","7":"category-livres","8":"tag-books","9":"tag-divertissement","10":"tag-ecologie","11":"tag-entertainment","12":"tag-fr","13":"tag-france","14":"tag-intime","15":"tag-litterature","16":"tag-livres","17":"tag-nouveaute","18":"tag-rechauffement-climatique","19":"tag-rentree-litteraire","20":"tag-roman"},"share_on_mastodon":{"url":"https:\/\/pubeurope.com\/@fr\/115093658949017558","error":""},"_links":{"self":[{"href":"https:\/\/www.europesays.com\/fr\/wp-json\/wp\/v2\/posts\/344555","targetHints":{"allow":["GET"]}}],"collection":[{"href":"https:\/\/www.europesays.com\/fr\/wp-json\/wp\/v2\/posts"}],"about":[{"href":"https:\/\/www.europesays.com\/fr\/wp-json\/wp\/v2\/types\/post"}],"author":[{"embeddable":true,"href":"https:\/\/www.europesays.com\/fr\/wp-json\/wp\/v2\/users\/2"}],"replies":[{"embeddable":true,"href":"https:\/\/www.europesays.com\/fr\/wp-json\/wp\/v2\/comments?post=344555"}],"version-history":[{"count":0,"href":"https:\/\/www.europesays.com\/fr\/wp-json\/wp\/v2\/posts\/344555\/revisions"}],"wp:featuredmedia":[{"embeddable":true,"href":"https:\/\/www.europesays.com\/fr\/wp-json\/wp\/v2\/media\/344556"}],"wp:attachment":[{"href":"https:\/\/www.europesays.com\/fr\/wp-json\/wp\/v2\/media?parent=344555"}],"wp:term":[{"taxonomy":"category","embeddable":true,"href":"https:\/\/www.europesays.com\/fr\/wp-json\/wp\/v2\/categories?post=344555"},{"taxonomy":"post_tag","embeddable":true,"href":"https:\/\/www.europesays.com\/fr\/wp-json\/wp\/v2\/tags?post=344555"}],"curies":[{"name":"wp","href":"https:\/\/api.w.org\/{rel}","templated":true}]}}