{"id":344557,"date":"2025-08-26T06:30:23","date_gmt":"2025-08-26T06:30:23","guid":{"rendered":"https:\/\/www.europesays.com\/fr\/344557\/"},"modified":"2025-08-26T06:30:23","modified_gmt":"2025-08-26T06:30:23","slug":"les-series-de-la-semaine-empathie-peacemaker-hostage","status":"publish","type":"post","link":"https:\/\/www.europesays.com\/fr\/344557\/","title":{"rendered":"Les s\u00e9ries de la semaine\u00a0: \u00ab\u00a0Empathie\u00a0\u00bb, \u00ab\u00a0Peacemaker\u00a0\u00bb, \u00ab\u00a0Hostage\u00a0\u00bb\u2026"},"content":{"rendered":"\n<p class=\"article__fact article__fact--false\">LA LISTE DE LA MATINALE<\/p>\n<p>                     <img loading=\"lazy\" decoding=\"async\" src=\"https:\/\/www.europesays.com\/fr\/wp-content\/uploads\/2025\/08\/0294ffc_upload-1-rctyqg0zuhjq-capture-da-ei-cran-2025-08-25-ai-14-25-40.png\" alt=\"Capture d\u2019\u00e9cran de la bande annonce de la s\u00e9rie am\u00e9ricaine \u00ab\u00a0Peacemaker\u00a0\u00bb.\"   width=\"664\" height=\"443\"\/>    Capture d\u2019\u00e9cran de la bande annonce de la s\u00e9rie am\u00e9ricaine \u00ab\u00a0Peacemaker\u00a0\u00bb.  CAPTURE D\u2019\u00c9CRAN YOUTUBE                 <\/p>\n<p class=\"article__paragraph  \">C\u2019est la rentr\u00e9e et il va falloir reprendre le rythme. Qu\u2019il s\u2019agisse de d\u00e9couvrir de nouveaux compagnons de soir\u00e9e (le duo Florence Longpr\u00e9-Thomas Ngijol), de retrouver un super-h\u00e9ros en voie de r\u00e9demption ou de se gausser du spectacle d\u2019un thriller politique transmanche, les s\u00e9ries sont d\u00e9cid\u00e9es \u00e0 reprendre toute leur place dans votre emploi du temps.<\/p>\n<p>                \u00ab\u00a0Empathie\u00a0\u00bb\u00a0: la folie, entre les murs, hors les murs           <\/p>\n<p class=\"article__paragraph  \">Le temps des deux premiers \u00e9pisodes d\u2019Empathie, on peut prendre cette s\u00e9rie qu\u00e9b\u00e9coise pour un drame r\u00e9aliste, pr\u00eat \u00e0 affronter la question de la place des personnes atteintes de d\u00e9sordres psychiatriques dans la soci\u00e9t\u00e9. Le th\u00e8me refera surface au gr\u00e9 des p\u00e9rip\u00e9ties, sans jamais prendre le pas sur la vraie raison d\u2019\u00eatre d\u2019Empathie qui est d\u2019embarquer le spectateur dans le bazar sentimental, familial et professionnel qu\u2019est la vie de Suzanne Bien-Aim\u00e9, psychiatre, criminologue, enfant adopt\u00e9e, bisexuelle.<\/p>\n<p class=\"article__paragraph  \">Comme le personnage est interpr\u00e9t\u00e9 par la cr\u00e9atrice et sc\u00e9nariste de la s\u00e9rie, Florence Longpr\u00e9 (dont on peut voir une autre s\u00e9rie, <a href=\"https:\/\/www.canalplus.com\/series\/audrey-est-revenue\/h\/21220486_40099\" target=\"_blank\" rel=\"noopener nofollow\" title=\"Nouvelle fen\u00eatre\">Audrey est revenue<\/a>, \u00e0 partir du 1er\u00a0septembre sur Canalplus.com), le soup\u00e7on ne tarde pas \u00e0 poindre\u00a0: et s\u2019il ne s\u2019agissait que de se faire plaisir\u00a0? Ce ne serait pas un crime et il faut convenir que le but est atteint.<\/p>\n<p class=\"reading-mode-only \"><strong>Il vous reste 86.24% de cet article \u00e0 lire. La suite est r\u00e9serv\u00e9e aux abonn\u00e9s.<\/strong><\/p>\n","protected":false},"excerpt":{"rendered":"LA LISTE DE LA MATINALE Capture d\u2019\u00e9cran de la bande annonce de la s\u00e9rie am\u00e9ricaine \u00ab\u00a0Peacemaker\u00a0\u00bb. CAPTURE D\u2019\u00c9CRAN&hellip;\n","protected":false},"author":2,"featured_media":344558,"comment_status":"","ping_status":"","sticky":false,"template":"","format":"standard","meta":{"footnotes":""},"categories":[1356],"tags":[58,59,1011,27,252,1364],"class_list":{"0":"post-344557","1":"post","2":"type-post","3":"status-publish","4":"format-standard","5":"has-post-thumbnail","7":"category-television","8":"tag-divertissement","9":"tag-entertainment","10":"tag-fr","11":"tag-france","12":"tag-television","13":"tag-tv"},"share_on_mastodon":{"url":"https:\/\/pubeurope.com\/@fr\/115093663062351878","error":""},"_links":{"self":[{"href":"https:\/\/www.europesays.com\/fr\/wp-json\/wp\/v2\/posts\/344557","targetHints":{"allow":["GET"]}}],"collection":[{"href":"https:\/\/www.europesays.com\/fr\/wp-json\/wp\/v2\/posts"}],"about":[{"href":"https:\/\/www.europesays.com\/fr\/wp-json\/wp\/v2\/types\/post"}],"author":[{"embeddable":true,"href":"https:\/\/www.europesays.com\/fr\/wp-json\/wp\/v2\/users\/2"}],"replies":[{"embeddable":true,"href":"https:\/\/www.europesays.com\/fr\/wp-json\/wp\/v2\/comments?post=344557"}],"version-history":[{"count":0,"href":"https:\/\/www.europesays.com\/fr\/wp-json\/wp\/v2\/posts\/344557\/revisions"}],"wp:featuredmedia":[{"embeddable":true,"href":"https:\/\/www.europesays.com\/fr\/wp-json\/wp\/v2\/media\/344558"}],"wp:attachment":[{"href":"https:\/\/www.europesays.com\/fr\/wp-json\/wp\/v2\/media?parent=344557"}],"wp:term":[{"taxonomy":"category","embeddable":true,"href":"https:\/\/www.europesays.com\/fr\/wp-json\/wp\/v2\/categories?post=344557"},{"taxonomy":"post_tag","embeddable":true,"href":"https:\/\/www.europesays.com\/fr\/wp-json\/wp\/v2\/tags?post=344557"}],"curies":[{"name":"wp","href":"https:\/\/api.w.org\/{rel}","templated":true}]}}