{"id":344559,"date":"2025-08-26T06:31:14","date_gmt":"2025-08-26T06:31:14","guid":{"rendered":"https:\/\/www.europesays.com\/fr\/344559\/"},"modified":"2025-08-26T06:31:14","modified_gmt":"2025-08-26T06:31:14","slug":"tetes-daffiche-du-rose-festival-2025-qui-est-theodora-le-phenomene-musical-de-lannee","status":"publish","type":"post","link":"https:\/\/www.europesays.com\/fr\/344559\/","title":{"rendered":"T\u00eates d\u2019affiche du Rose Festival 2025\u00a0: qui est Th\u00e9odora, le ph\u00e9nom\u00e8ne musical de l\u2019ann\u00e9e\u00a0?"},"content":{"rendered":"<p>\n                                                                    l&rsquo;essentiel<br \/>\n                                                                Dans notre s\u00e9rie sur les t\u00eates d\u2019affiche du Rose Festival 2025, on vous explique qui est la chanteuse Th\u00e9odora, \u00e0 l\u2019ascension fulgurante. L\u2019artiste de 21 ans, qui s\u00e9duit par son univers musical pluriel, engag\u00e9 et ses collaborations prestigieuses, sera au MEETT ce samedi 30\u00a0ao\u00fbt.\n                            <\/p>\n<p>C\u2019est le ph\u00e9nom\u00e8ne musical de l\u2019ann\u00e9e. Avec son titre \u00ab\u00a0Kongolese sous BBL\u00a0\u00bb, dont le clip cumule d\u00e9j\u00e0 plus de 19\u00a0millions de vues sur YouTube, Th\u00e9odora s\u2019impose comme l\u2019une des artistes les plus prometteuses de la nouvelle g\u00e9n\u00e9ration. \u00c0 seulement 21 ans, la chanteuse a conquis la sc\u00e8ne fran\u00e7aise en un temps record.<\/p>\n<p>        <img decoding=\"async\" class=\"std-img__img responsive-img\" src=\"https:\/\/www.europesays.com\/fr\/wp-content\/uploads\/2025\/08\/1756189873_790_image.jpg\" alt=\"La chanteuse est n\u00e9e en octobre\u00a02003 \u00e0 Lucerne, en Suisse.\"\/><\/p>\n<p>                La chanteuse est n\u00e9e en octobre\u00a02003 \u00e0 Lucerne, en Suisse.<br \/>\n                                    DR<\/p>\n<p>Le 14\u00a0mai dernier, elle\u00a0d\u00e9croche\u00a0la <a href=\"https:\/\/lesflammesawards.com\/\" target=\"_self\" rel=\"nofollow noopener\">Flamme<\/a> de la r\u00e9v\u00e9lation f\u00e9minine de l\u2019ann\u00e9e, consacrant son ascension fulgurante. Quelques jours plus tard, le 29\u00a0mai, elle d\u00e9voile la r\u00e9\u00e9dition de sa premi\u00e8re mixtape, devenue disque d\u2019or en seulement deux semaines, dans laquelle on retrouve des\u00a0collaborations prestigieuses\u00a0: Jul, Juliette Armanet ou encore Luidji.<\/p>\n<\/p>\n<p>                    <img decoding=\"async\" class=\"responsive-img\" src=\"https:\/\/www.europesays.com\/fr\/wp-content\/uploads\/2025\/08\/1756189874_777_hqdefault.jpg\"\/><br \/>\n                <a class=\"stretched-link\" href=\"#paywall\" rel=\"js-anchor\"><\/p>\n<p>        <\/a><\/p>\n<p class=\"std-elt__inline\">\n        <strong>\u00c0 lire aussi :<\/strong><br \/>\n        <a href=\"https:\/\/www.ladepeche.fr\/2025\/08\/24\/rose-festival-2025-une-jauge-portee-a-36-000-festivaliers-et-de-nouvelles-scenes-inedites-12888267.php\" rel=\"nofollow noopener\" target=\"_blank\">Rose Festival 2025\u00a0: une jauge port\u00e9e \u00e0 36\u00a0000 festivaliers et de nouvelles sc\u00e8nes in\u00e9dites<\/a>\n    <\/p>\n<p>Une identit\u00e9 musicale plurielle<\/p>\n<p>Son univers est \u00e0 l\u2019image de son parcours\u00a0: multiple. Dans son projet, Th\u00e9odora m\u00e9lange avec audace les genres, du bouyon antillais \u00e0 l\u2019amapiano sud-africain, en passant par le hip-hop\u00a0et l\u2019\u00e9lectro. Une palette riche qui refl\u00e8te son histoire personnelle\u00a0: issue de la diaspora congolaise, elle\u00a0a grandi entre plusieurs pays \u2013 Suisse, La R\u00e9union, Gr\u00e8ce, RDC \u2013 avant de poser ses valises dans le Val-d\u2019Oise puis de poursuivre ses \u00e9tudes en Bretagne.<\/p>\n<p class=\"std-elt__inline\">\n        <strong>\u00c0 lire aussi :<\/strong><br \/>\n        <a href=\"https:\/\/www.ladepeche.fr\/2025\/08\/26\/aliocha-schneider-au-rose-festival-2025-ca-va-etre-une-experience-magnifique-12886460.php\" rel=\"nofollow noopener\" target=\"_blank\">Aliocha Schneider\u00a0au Rose Festival 2025\u00a0: \u00ab\u00a0\u00c7a va \u00eatre une exp\u00e9rience magnifique\u00a0\u00bb<\/a>\n    <\/p>\n<p>La musique est une affaire de famille\u00a0: Lili Th\u00e9odora Mbangayo Mujinga, de son vrai nom, commence \u00e0 chanter aux c\u00f4t\u00e9s de son fr\u00e8re, <a href=\"https:\/\/www.instagram.com\/jeezsuavemuchosuave\/?hl=fr\" target=\"_self\" rel=\"nofollow noopener\">Jeez Suave<\/a>, beatmaker \u00e0 ses d\u00e9buts.\u00a0Ses paroles, parfois difficiles \u00e0 comprendre pour certains, sont truff\u00e9es de r\u00e9f\u00e9rences\u00a0\u00e0 la pop culture.<\/p>\n<blockquote data-instgrm-captioned=\"\" data-instgrm-permalink=\"https:\/\/www.instagram.com\/reel\/DKfPNc5CX4k\/?utm_source=ig_embed&amp;utm_campaign=loading\" data-instgrm-version=\"14\" style=\" background:#FFF; border:0; border-radius:3px; box-shadow:0 0 1px 0 rgba(0,0,0,0.5),0 1px 10px 0 rgba(0,0,0,0.15); margin: 1px; max-width:540px; min-width:326px; padding:0; width:99.375%; width:-webkit-calc(100% - 2px); width:calc(100% - 2px);\" data-class=\"instagram-media\"\/>\n<p>Et malgr\u00e9 des sonorit\u00e9s festives, elle explore\u00a0des sujets profonds\u00a0: identit\u00e9 f\u00e9minine noire, sant\u00e9 mentale, violences sexuelles\u2026 Son engagement, elle l\u2019a d\u2019ailleurs d\u00e9j\u00e0 prouv\u00e9 en politique. Alors qu\u2019elle \u00e9tudie en classe\u00a0pr\u00e9paratoire droit-\u00e9conomie, pour int\u00e9grer l\u2019\u00c9cole normale sup\u00e9rieure, elle devient\u00a0pr\u00e9sidente de la commission culture\u00a0du <a href=\"https:\/\/www.bretagne.bzh\/region\/notre-fonctionnement\/assemblees-consultatives\/crj\/\" target=\"_self\" rel=\"nofollow noopener\">Conseil r\u00e9gional des jeunes de Bretagne<\/a>.<\/p>\n<p class=\"std-elt__inline\">\n        <strong>\u00c0 lire aussi :<\/strong><br \/>\n        <a href=\"https:\/\/www.ladepeche.fr\/2025\/08\/23\/entretien-le-niveau-de-prod-est-a-couper-le-souffle-bon-entendeur-revient-au-rose-festival-avec-bigflo-oli-12886307.php\" rel=\"nofollow noopener\" target=\"_blank\">ENTRETIEN. \u00ab\u00a0Le niveau de prod est \u00e0 couper le souffle\u00a0\u00bb\u00a0: Bon Entendeur revient au Rose Festival avec Bigflo\u00a0&amp; Oli<\/a>\n    <\/p>\n<p>Une r\u00e9elle \u00ab\u00a0big boss lady\u00a0\u00bb, comme elle se d\u00e9finit elle-m\u00eame.\u00a0\u00ab\u00a0C\u2019est un hymne \u00e0 la d\u00e9termination\u00a0\u00bb, explique-t-elle sur <a href=\"https:\/\/www.radiofrance.fr\/franceinter\" target=\"_self\" rel=\"nofollow noopener\">France Inter<\/a> en juin dernier. Une femme intelligente et sexy, mais surtout affirm\u00e9e et\u00a0s\u00fbre d\u2019elle. Elle sera sur la sc\u00e8ne du <a href=\"https:\/\/rosefestival.fr\/?utm_source=gads&amp;utm_medium=perf-max&amp;utm_campaign=rosefestival2025&amp;gad_source=1&amp;gad_campaignid=19932616931&amp;gbraid=0AAAAAou0SeAL50ZT_uIm7xNLiRqatXsHA&amp;gclid=CjwKCAjwk7DFBhBAEiwAeYbJsfoSinjXj7xv4w8rE1uTe0Bo-ZWI4ShZ8jzGtj6VPAZhCfDgy76u3BoCvQkQAvD_BwE\" target=\"_self\" rel=\"nofollow noopener\">Rose Festival<\/a> ce samedi, entre 19h et 20h, juste avant la star internationale Jorja Smith.<\/p>\n<p>Samedi 30\u00a0ao\u00fbt \u00e0 19h, sc\u00e8ne Aussonne, au MEETT, avenue Concorde, \u00e0 Aussonne.\u00a0Complet.<\/p>\n<p>                                                                                                                                                                                                        <script async src=\"\/\/www.instagram.com\/embed.js\"><\/script><\/p>\n","protected":false},"excerpt":{"rendered":"l&rsquo;essentiel Dans notre s\u00e9rie sur les t\u00eates d\u2019affiche du Rose Festival 2025, on vous explique qui est la&hellip;\n","protected":false},"author":2,"featured_media":344560,"comment_status":"","ping_status":"","sticky":false,"template":"","format":"standard","meta":{"footnotes":""},"categories":[1355],"tags":[58,59,1011,27,1361,873],"class_list":{"0":"post-344559","1":"post","2":"type-post","3":"status-publish","4":"format-standard","5":"has-post-thumbnail","7":"category-musique","8":"tag-divertissement","9":"tag-entertainment","10":"tag-fr","11":"tag-france","12":"tag-music","13":"tag-musique"},"share_on_mastodon":{"url":"https:\/\/pubeurope.com\/@fr\/115093666965808768","error":""},"_links":{"self":[{"href":"https:\/\/www.europesays.com\/fr\/wp-json\/wp\/v2\/posts\/344559","targetHints":{"allow":["GET"]}}],"collection":[{"href":"https:\/\/www.europesays.com\/fr\/wp-json\/wp\/v2\/posts"}],"about":[{"href":"https:\/\/www.europesays.com\/fr\/wp-json\/wp\/v2\/types\/post"}],"author":[{"embeddable":true,"href":"https:\/\/www.europesays.com\/fr\/wp-json\/wp\/v2\/users\/2"}],"replies":[{"embeddable":true,"href":"https:\/\/www.europesays.com\/fr\/wp-json\/wp\/v2\/comments?post=344559"}],"version-history":[{"count":0,"href":"https:\/\/www.europesays.com\/fr\/wp-json\/wp\/v2\/posts\/344559\/revisions"}],"wp:featuredmedia":[{"embeddable":true,"href":"https:\/\/www.europesays.com\/fr\/wp-json\/wp\/v2\/media\/344560"}],"wp:attachment":[{"href":"https:\/\/www.europesays.com\/fr\/wp-json\/wp\/v2\/media?parent=344559"}],"wp:term":[{"taxonomy":"category","embeddable":true,"href":"https:\/\/www.europesays.com\/fr\/wp-json\/wp\/v2\/categories?post=344559"},{"taxonomy":"post_tag","embeddable":true,"href":"https:\/\/www.europesays.com\/fr\/wp-json\/wp\/v2\/tags?post=344559"}],"curies":[{"name":"wp","href":"https:\/\/api.w.org\/{rel}","templated":true}]}}