{"id":344561,"date":"2025-08-26T06:32:25","date_gmt":"2025-08-26T06:32:25","guid":{"rendered":"https:\/\/www.europesays.com\/fr\/344561\/"},"modified":"2025-08-26T06:32:25","modified_gmt":"2025-08-26T06:32:25","slug":"mort-de-marcel-lozinski-documentariste-polonais-refractaire-a-lesprit-de-systeme","status":"publish","type":"post","link":"https:\/\/www.europesays.com\/fr\/344561\/","title":{"rendered":"Mort de Marcel \u0141ozi\u0144ski, documentariste polonais r\u00e9fractaire \u00e0 l\u2019esprit de syst\u00e8me"},"content":{"rendered":"<p>      Le cin\u00e9aste, \u00e0 la discr\u00e8te carri\u00e8re commenc\u00e9e dans les ann\u00e9es\u00a01970, s\u2019est \u00e9teint \u00e0 l\u2019\u00e2ge de 85\u00a0ans. En une vingtaine de films, dont plusieurs ont \u00e9t\u00e9 censur\u00e9s, il a dress\u00e9 le portrait du pays qu\u2019il a souvent critiqu\u00e9 avec humour\u00a0: la Pologne.              <a href=\"https:\/\/www.europesays.com\/fr\/wp-content\/uploads\/2025\/08\/f6651ab_upload-1-ul9llgx2xkah-epaphotostwo359250.jpg\" data-pswp-width=\"\" data-pswp-height=\"\" class=\"media__hd\" target=\"_blank\">      <img decoding=\"async\" fetchpriority=\"high\" src=\"https:\/\/www.europesays.com\/fr\/wp-content\/uploads\/2025\/08\/f6651ab_upload-1-ul9llgx2xkah-epaphotostwo359250.jpg\" class=\"media__picture js-media-zoom-main \" alt=\"En 2009, Marcel \u0141ozi\u0144ski a remport\u00e9 le Prix du cin\u00e9ma europ\u00e9en du meilleur film court m\u00e9trage pour \u00ab\u00a0Poste restante\u00a0\u00bb.\" title=\"Photo Clemens Bilan\/EPA\/MaxPPP\"\/>      <\/p>\n<p class=\"media__legend\"> En 2009, Marcel \u0141ozi\u0144ski a remport\u00e9 le Prix du cin\u00e9ma europ\u00e9en du meilleur film court m\u00e9trage pour \u00ab\u00a0Poste restante\u00a0\u00bb.  Photo Clemens Bilan\/EPA\/MaxPPP  <\/p>\n<p>     <\/a>                    <\/p>\n<p class=\"author author--simple\">Par  <a class=\"author author--link\" href=\"https:\/\/www.telerama.fr\/recherche\/articles?q=Fran%C3%A7ois+Ekchajzer\" rel=\"nofollow noopener\" target=\"_blank\"> Fran\u00e7ois Ekchajzer <\/a>    <\/p>\n<p class=\"publication__date\">Publi\u00e9 le 25 ao\u00fbt 2025 \u00e0 17h35<\/p>\n<p class=\"publication__update\">Mis \u00e0 jour le 25 ao\u00fbt 2025 \u00e0 18h14<\/p>\n<p>   Partager   <\/p>\n<ul class=\"sharing-popin--results\">\n<li class=\"sharing-popin--item sharing-popin--item-container\"> Partage  <\/li>\n<li data-share=\"linkedin\" class=\"sharing-popin--item\">  LinkedIn <\/li>\n<li data-share=\"facebook\" class=\"sharing-popin--item\">  Facebook <\/li>\n<li data-share=\"mail\" data-social=\"mail\" class=\"sharing-popin--item\">  Envoyer par email <\/li>\n<li data-share=\"copy\" class=\"sharing-popin--item\">  Copier le lien <\/li>\n<\/ul>\n<p>        Favoris       <\/p>\n<p>                <a class=\"openapp__link\" data-event=\"click-open-app\" data-deep-link=\"tlrm:\/\/element?id=\/cinema\/mort-de-marcel-ozi-ski-documentariste-passionne-des-revoltes-et-de-la-soumission-politique-7027050.php&amp;source=deeplink_site\">  Lire dans l&rsquo;application<br \/>\n  <\/a>                               <\/p>\n<p class=\"paragraph\">Mort le 20\u00a0ao\u00fbt \u00e0 l\u2019\u00e2ge de 85\u00a0ans, le documentariste polonais Marcel \u0141ozi\u0144ski n\u2019\u00e9tait curieusement connu que de cercles restreints dans la France qui l\u2019a vu na\u00eetre. Nul article rep\u00e9r\u00e9 \u00e0 ce jour, nul hommage, en d\u00e9pit de l\u2019exposition de ses films sur Arte qui en coproduisit plusieurs \u00e0 partir des ann\u00e9es\u00a01990 \u2014\u00a0jusqu\u2019au dernier\u00a0: P\u00e8re et fils, road movie cor\u00e9alis\u00e9 en\u00a02012 avec Pawel \u0141ozi\u0144ski, lui aussi cin\u00e9aste. Sa filmographie, qui compte une vingtaine de titres, m\u00e9rite d\u2019\u00eatre (re)d\u00e9couverte. S\u2019y exprime un point de vue singulier, dont l\u2019acuit\u00e9 se double d\u2019un sens critique teint\u00e9 d\u2019humour, qu\u2019explique en partie son histoire. Celle d\u2019un enfant juif n\u00e9 \u00e0 Paris en\u00a01940, de parents communistes exil\u00e9s en France. Cach\u00e9 pendant l\u2019Occupation, il a 7\u00a0ans quand la foi politique de ses parents le conduit en Pologne, dont il ne parle pas la langue. Il y fera pourtant sa vie.<\/p>\n<p class=\"paragraph\">Pour apprendre un \u00ab\u00a0vrai m\u00e9tier\u00a0\u00bb, comme le souhaite sa famille, il int\u00e8gre l\u2019\u00e9cole polytechnique de Varsovie, en sort avec un dipl\u00f4me d\u2019ing\u00e9nieur\u00a0; mais entre en\u00a01967 \u00e0 la non moins fameuse \u00e9cole de cin\u00e9ma de Lodz, en Pologne. \u00ab\u00a0C\u2019\u00e9tait encore une grande \u00e9poque de l\u2019\u00e9cole, de discussions ouvertes, de confrontations de nos travaux, sans rivalit\u00e9s entre nous\u00a0\u00bb, confie-t-il en\u00a01995 \u00e0 la critique Luce Vigo. Apr\u00e8s le soul\u00e8vement \u00e9tudiant de mars\u00a01968, le vent tourne en Pologne. Le directeur de Lodz est renvoy\u00e9. La censure, \u00e0 laquelle Marcel \u0141ozi\u0144ski sera souvent confront\u00e9 sans que son activit\u00e9 soit pour autant emp\u00each\u00e9e, l\u2019am\u00e8ne \u00e0 d\u00e9velopper un langage cin\u00e9matographique bien \u00e0 lui, qui d\u00e9range l\u2019administration en situant la plupart de ses documentaires \u00e0 la lisi\u00e8re de la fiction. C\u2019est le cas de Happy End (1973), dans lequel les cadres d\u2019une usine s\u2019en prennent \u00e0 l\u2019un d\u2019eux, lui reprochant des d\u00e9fauts de production dont il endosse la culpabilit\u00e9 et en assume les cons\u00e9quences\u2026 jusqu\u2019\u00e0 ce qu\u2019une femme pr\u00e9sente interrompe cette fiction, ce psychodrame organis\u00e9 par la direction de l\u2019usine \u00e0 des fins politiques ou manag\u00e9riales. \u00ab\u00a0En\u00a01980, poursuit-il, j\u2019avais cinq films interdits, remis\u00e9s dans les tiroirs [dont celui-ci, ndlr]. Nous tournions, nous montions, mais ils n\u2019\u00e9taient pas vus. \u00c0 l\u2019automne\u00a01980, pendant la premi\u00e8re p\u00e9riode de Solidarit\u00e9 [le premier syndicat libre de la Pologne communiste, dirig\u00e9 par le futur pr\u00e9sident Lech Walesa, ndlr], tous les films interdits ont \u00e9t\u00e9 lib\u00e9r\u00e9s et montr\u00e9s dans les salles de cin\u00e9ma bond\u00e9es.\u00a0\u00bb<\/p>\n<p>                Fiction, documentaire\u2026 semi-fiction\u00a0?                       <\/p>\n<p class=\"paragraph\">Pour l\u2019historienne et cin\u00e9aste <a target=\"_blank\" href=\"https:\/\/www.telerama.fr\/ecrans\/une-histoire-visuelle-de-solidarnosc-un-livre-qui-tape-dans-loeil-6797769.php\" rel=\"nofollow noopener\">Ania Szczepanska<\/a>, autrice d\u2019une th\u00e8se sur le groupe de production d\u2019<a target=\"_blank\" href=\"https:\/\/www.telerama.fr\/cinema\/andrzej-wajda-cineaste-polonais-jusqu-au-bout,148470.php\" rel=\"nofollow noopener\">Andrzej Wajda<\/a> (1926-2016), au sein duquel \u0141ozi\u0144ski r\u00e9alisa le long m\u00e9trage Comment vivre (1977), \u00ab\u00a0ce qui l\u2019int\u00e9resse est ce qui fait qu\u2019un individu se soumette ou se r\u00e9volte\u00a0\u00bb. Tournant dans un camp de vacances de l\u2019Union de la jeunesse socialiste polonaise, celui-ci m\u00eale des complices aux vacanciers, pour r\u00e9v\u00e9ler \u00e0 travers la violence s\u2019exer\u00e7ant \u00e0 leur \u00e9gard les m\u00e9canismes d\u2019oppression et d\u2019ali\u00e9nation \u00e0 l\u2019\u0153uvre sous l\u2019apparente bonhomie des activit\u00e9s propos\u00e9es. \u00ab\u00a0L\u2019embarras de la commission de validation, appel\u00e9e \u00e0 d\u00e9terminer s\u2019il s\u2019agissait d\u2019un film de fiction, d\u2019un documentaire ou d\u2019une semi-fiction, l\u2019a d\u00e9cid\u00e9e \u00e0 l\u2019interdire\u00a0\u00bb, explique la r\u00e9alisatrice de Nous filmons le peuple\u00a0! (2013), documentaire qu\u2019elle a consacr\u00e9 au cin\u00e9ma polonais de ces ann\u00e9es-l\u00e0.<\/p>\n<p class=\"paragraph\">Des autres films de Marcel \u0141ozi\u0144ski, elle retient notamment Une visite (en\u00a01974), portrait d\u2019une paysanne dont la propagande entend faire une ic\u00f4ne, et So it Doesn\u2019t Hurt, qui la retrouve quatorze ans plus tard\u00a0; mais aussi Tout peut arriver (1995), dans lequel son fils de 6\u00a0ans questionne des personnes \u00e2g\u00e9es dans un jardin public de Varsovie, ou If it Happens, qui le retrouve en\u00a02007 dans le m\u00eame parc. Elle distingue aussi des courts m\u00e9trages m\u00e9ditatifs, comme 89\u00a0mm d\u2019\u00e9cart (en\u00a01993, autour de la diff\u00e9rence d\u2019\u00e9cartement des rails en Union sovi\u00e9tique et dans le reste de l\u2019Europe) ou Poste restante (en\u00a02009, sur le courrier qui n\u2019arrive jamais, qu\u2019il soit adress\u00e9 au P\u00e8re No\u00ebl ou \u00e0 Dieu en personne). Et La Pologne apr\u00e8s la victoire, 1989-1995 (1995), film d\u2019archives d\u00e9voilant, selon Antoine Perraud (T\u00e9l\u00e9rama n\u1d52\u00a02392, 18\u00a0novembre 1995), \u00ab\u00a0l\u2019apprentissage de la d\u00e9mocratie\u00a0\u00bb \u00e0 travers \u00ab\u00a0un montage fin et rigoureux\u00a0\u00bb.<strong>\u00a0<\/strong>Autant de films qu\u2019Arte, T\u00ebnk ou la Cin\u00e9math\u00e8que documentaire seraient bien inspir\u00e9s de sortir de l\u2019oubli pour les mettre \u00e0 disposition de spectateurs curieux, s\u2019il en est.<\/p>\n","protected":false},"excerpt":{"rendered":"Le cin\u00e9aste, \u00e0 la discr\u00e8te carri\u00e8re commenc\u00e9e dans les ann\u00e9es\u00a01970, s\u2019est \u00e9teint \u00e0 l\u2019\u00e2ge de 85\u00a0ans. En une&hellip;\n","protected":false},"author":2,"featured_media":344562,"comment_status":"","ping_status":"","sticky":false,"template":"","format":"standard","meta":{"footnotes":""},"categories":[1354],"tags":[58,59,1346,1011,27,1360],"class_list":{"0":"post-344561","1":"post","2":"type-post","3":"status-publish","4":"format-standard","5":"has-post-thumbnail","7":"category-films","8":"tag-divertissement","9":"tag-entertainment","10":"tag-films","11":"tag-fr","12":"tag-france","13":"tag-movies"},"share_on_mastodon":{"url":"https:\/\/pubeurope.com\/@fr\/115093670805258060","error":""},"_links":{"self":[{"href":"https:\/\/www.europesays.com\/fr\/wp-json\/wp\/v2\/posts\/344561","targetHints":{"allow":["GET"]}}],"collection":[{"href":"https:\/\/www.europesays.com\/fr\/wp-json\/wp\/v2\/posts"}],"about":[{"href":"https:\/\/www.europesays.com\/fr\/wp-json\/wp\/v2\/types\/post"}],"author":[{"embeddable":true,"href":"https:\/\/www.europesays.com\/fr\/wp-json\/wp\/v2\/users\/2"}],"replies":[{"embeddable":true,"href":"https:\/\/www.europesays.com\/fr\/wp-json\/wp\/v2\/comments?post=344561"}],"version-history":[{"count":0,"href":"https:\/\/www.europesays.com\/fr\/wp-json\/wp\/v2\/posts\/344561\/revisions"}],"wp:featuredmedia":[{"embeddable":true,"href":"https:\/\/www.europesays.com\/fr\/wp-json\/wp\/v2\/media\/344562"}],"wp:attachment":[{"href":"https:\/\/www.europesays.com\/fr\/wp-json\/wp\/v2\/media?parent=344561"}],"wp:term":[{"taxonomy":"category","embeddable":true,"href":"https:\/\/www.europesays.com\/fr\/wp-json\/wp\/v2\/categories?post=344561"},{"taxonomy":"post_tag","embeddable":true,"href":"https:\/\/www.europesays.com\/fr\/wp-json\/wp\/v2\/tags?post=344561"}],"curies":[{"name":"wp","href":"https:\/\/api.w.org\/{rel}","templated":true}]}}